{"id":42655,"date":"2018-11-11T20:58:30","date_gmt":"2018-11-11T19:58:30","guid":{"rendered":"https:\/\/www.schiebener.net\/wordpress\/?p=42655"},"modified":"2018-11-11T23:23:28","modified_gmt":"2018-11-11T22:23:28","slug":"der-merz-ist-gekommen-im-november-nach-oeventrop-meine-kurze-einschaetzung","status":"publish","type":"post","link":"https:\/\/www.schiebener.net\/wordpress\/der-merz-ist-gekommen-im-november-nach-oeventrop-meine-kurze-einschaetzung\/","title":{"rendered":"Der Merz ist gekommen, im November nach Oeventrop. Meine kurze Einsch\u00e4tzung."},"content":{"rendered":"<figure id=\"attachment_42658\" aria-describedby=\"caption-attachment-42658\" style=\"width: 700px\" class=\"wp-caption aligncenter\"><a href=\"https:\/\/www.zdf.de\/nachrichten\/heute-journal\/heute-journal-clip-3-1786.html?fbclid=IwAR3bOUl-CZgXK76QjONMY0ODO-7lFKVpb8Cy0VAIYMtKevi2z_b25rhAvFI\" target=\"_blank\" rel=\"noopener\"><img loading=\"lazy\" decoding=\"async\" class=\"wp-image-42658 size-full\" src=\"https:\/\/www.schiebener.net\/wordpress\/wp-content\/uploads\/2018\/11\/MerzOeventrop20181110.jpg\" alt=\"\" width=\"700\" height=\"357\" srcset=\"https:\/\/www.schiebener.net\/wordpress\/wp-content\/uploads\/2018\/11\/MerzOeventrop20181110.jpg 700w, https:\/\/www.schiebener.net\/wordpress\/wp-content\/uploads\/2018\/11\/MerzOeventrop20181110-300x153.jpg 300w\" sizes=\"auto, (max-width: 709px) 85vw, (max-width: 909px) 67vw, (max-width: 984px) 61vw, (max-width: 1362px) 45vw, 600px\" \/><\/a><figcaption id=\"caption-attachment-42658\" class=\"wp-caption-text\">Zum Beitrag beim ZDF bitte auf das Bild klicken. (screenshot)<\/figcaption><\/figure>\n<p><strong>Als wir\u00a0 -B., J. und ich- vor vielen Jahren im Kolpinghaus an der Theke bei ein paar Bier ins Politisieren kamen, habe ich den beiden Ratsmitgliedern der FDP und CDU gesagt, dass die Gr\u00fcnen in nicht allzu ferner Zukunft die Funktionspartei FDP als Partner der CDU abl\u00f6sen w\u00fcrden.<\/strong><\/p>\n<p>Man muss wissen, dass es im Winterberger Rat keinen Vertreter der Gr\u00fcnen gab und gibt. &#8222;Gr\u00fcn&#8220; &#8211; das ist und war stets ein NoGo in der Stadt des wei\u00dfen Schnees. CDU, SPD, FDP &#8211; mehr nicht.<\/p>\n<p>Ich fand es damals sehr mutig von mir, die Option &#8222;Schwarz-Gr\u00fcn&#8220; im hohen Hochsauerland vorherzusagen und rechnete mit sofortigem Standgericht oder zumindest einer Wirtshauskeilerei.<\/p>\n<p>Weit gefehlt.<\/p>\n<p>Als Zugezogener wusste ich\u00a0 nicht, dass die Toleranz der Sauerl\u00e4nder an der Theke sehr gro\u00df sein kann, und so wurde es ein netter Abend.<\/p>\n<p>Gestern hat Friedrich Merz in Oeventrop bei Arnsberg in seiner ersten \u00f6ffentlichen Vorstellungsrunde an der Basis die Gr\u00fcnen umgarnt.<\/p>\n<p><a href=\"https:\/\/www.zdf.de\/nachrichten\/heute-journal\/heute-journal-clip-3-1786.html?fbclid=IwAR3bOUl-CZgXK76QjONMY0ODO-7lFKVpb8Cy0VAIYMtKevi2z_b25rhAvFI\" target=\"_blank\" rel=\"noopener\">https:\/\/www.zdf.de\/nachrichten\/heute-journal\/heute-journal-clip-3-1786.html?fbclid=IwAR3bOUl-CZgXK76QjONMY0ODO-7lFKVpb8Cy0VAIYMtKevi2z_b25rhAvFI<\/a><\/p>\n<p><strong>Mein Kurzkommentar:<\/strong><\/p>\n<blockquote><p>Ich denke, dass sich Merz sehr klug und geschickt positioniert. Er hat die Gr\u00fcnen umarmt und damit das Ende der Gro\u00dfen Koalition vorgezeichnet. Nicht Nahles, sondern Merz k\u00f6nnte der Sargnagel der GroKo werden.<\/p>\n<p>Aus der politischen Distanz sehe ich, dass Merz vorlegt und AKK sowie Spahn jetzt an seinen Positionen vorbei m\u00fcssen.<\/p>\n<p>Seine Wirtschaftskarriere bei Blackrock wird ihm, zumindest hier im Sauerland, nicht schaden. Ganz im Gegenteil.<\/p><\/blockquote>\n<p>Es wird spannend.<\/p>\n","protected":false},"excerpt":{"rendered":"<p>Als wir\u00a0 -B., J. und ich- vor vielen Jahren im Kolpinghaus an der Theke bei ein paar Bier ins Politisieren kamen, habe ich den beiden Ratsmitgliedern der FDP und CDU &hellip; <a href=\"https:\/\/www.schiebener.net\/wordpress\/der-merz-ist-gekommen-im-november-nach-oeventrop-meine-kurze-einschaetzung\/\" class=\"more-link\"><span class=\"screen-reader-text\">\u201eDer Merz ist gekommen, im November nach Oeventrop. Meine kurze Einsch\u00e4tzung.\u201c <\/span>weiterlesen<\/a><\/p>\n","protected":false},"author":3,"featured_media":0,"comment_status":"open","ping_status":"open","sticky":false,"template":"","format":"standard","meta":{"footnotes":""},"categories":[80,24],"tags":[409,149,4722,1214],"class_list":["post-42655","post","type-post","status-publish","format-standard","hentry","category-lokales","category-politik","tag-cdu","tag-friedrich-merz","tag-groko","tag-schwarz-grun"],"_links":{"self":[{"href":"https:\/\/www.schiebener.net\/wordpress\/wp-json\/wp\/v2\/posts\/42655","targetHints":{"allow":["GET"]}}],"collection":[{"href":"https:\/\/www.schiebener.net\/wordpress\/wp-json\/wp\/v2\/posts"}],"about":[{"href":"https:\/\/www.schiebener.net\/wordpress\/wp-json\/wp\/v2\/types\/post"}],"author":[{"embeddable":true,"href":"https:\/\/www.schiebener.net\/wordpress\/wp-json\/wp\/v2\/users\/3"}],"replies":[{"embeddable":true,"href":"https:\/\/www.schiebener.net\/wordpress\/wp-json\/wp\/v2\/comments?post=42655"}],"version-history":[{"count":0,"href":"https:\/\/www.schiebener.net\/wordpress\/wp-json\/wp\/v2\/posts\/42655\/revisions"}],"wp:attachment":[{"href":"https:\/\/www.schiebener.net\/wordpress\/wp-json\/wp\/v2\/media?parent=42655"}],"wp:term":[{"taxonomy":"category","embeddable":true,"href":"https:\/\/www.schiebener.net\/wordpress\/wp-json\/wp\/v2\/categories?post=42655"},{"taxonomy":"post_tag","embeddable":true,"href":"https:\/\/www.schiebener.net\/wordpress\/wp-json\/wp\/v2\/tags?post=42655"}],"curies":[{"name":"wp","href":"https:\/\/api.w.org\/{rel}","templated":true}]}}