{"id":42390,"date":"2018-10-12T21:23:21","date_gmt":"2018-10-12T20:23:21","guid":{"rendered":"https:\/\/www.schiebener.net\/wordpress\/?p=42390"},"modified":"2018-10-13T09:06:04","modified_gmt":"2018-10-13T08:06:04","slug":"hsk-auslaenderamt-keine-informationen-zu-fluechtlingsunterkuenften","status":"publish","type":"post","link":"https:\/\/www.schiebener.net\/wordpress\/hsk-auslaenderamt-keine-informationen-zu-fluechtlingsunterkuenften\/","title":{"rendered":"HSK-Ausl\u00e4nderamt: Keine Informationen zu Fl\u00fcchtlingsunterk\u00fcnften"},"content":{"rendered":"<div class=\"storycontent\">\n<p><strong>Fl\u00fcchtlingsunterk\u00fcnfte in NRW sind l\u00e4ngst nicht mehr alle belegt. Die Zahl der neu ankommenden Fl\u00fcchtlinge und Asylbewerber\/innen sinkt offenbar seit geraumer Zeit.<\/strong><\/p>\n<p><em>(Der Beitrag ist heute zuerst <a href=\"http:\/\/sbl-fraktion.de\/?p=8677\" target=\"_blank\" rel=\"noopener\">auf der Website der Sauerl\u00e4nder B\u00fcrgerliste<\/a> erschienen.)<\/em><\/p>\n<p>Schon Anfang Januar 2018 berichtete beispielsweise die S\u00fcddeutsche Zeitung, in NRW w\u00e4ren die Fl\u00fcchtlingsunterk\u00fcnfte nur noch zur H\u00e4lfte belegt. \u201eSpiegel online\u201c meldete am 10.07.2018, in den ersten 6 Monaten dieses Jahres sei die Zahl der Asylantr\u00e4ge im Vergleich zum Vorjahreszeitrum um 16,4 Prozent gesunken.<\/p>\n<p>Wie ist die Situation hinsichtlich der Belegung der Fl\u00fcchtlingsunterk\u00fcnfte jetzt? Und wie ist sie bei uns im Hochsauerlandkreis? Das fragte SBL\/FW-Kreistagsmitglied Stefan Rabe (mit Schreiben vom 18.09.2018) Landrat Dr. Karl Schneider.<\/p>\n<p><strong>Wortlaut der Anfrage der Sauerl\u00e4nder B\u00fcrgerliste (SBL\/FW)<\/strong><\/p>\n<p>1. Wie viele Immobilien im HSK werden derzeit noch vollst\u00e4ndig oder zum Teil als Fl\u00fcchtlingsun-terkunft (Notunterkunft, st\u00e4dtische und gemeindliche Unterkunft) genutzt?<\/p>\n<p>2. In welchen Kommunen befinden sich die Einrichtungen?<\/p>\n<p>3. Wie gro\u00df ist aktuell die Zahl ihrer Bewohnerinnen und Bewohner (aufgeteilt nach Kin-dern\/Jugendlichen, unbegleitete Minderj\u00e4hrige, Frauen und M\u00e4nnern und ggf. nach Familien)?<\/p>\n<p>4. \u00dcber wie viele freie Kapazit\u00e4ten verf\u00fcgen die Unterk\u00fcnfte derzeit?<\/p>\n<p>5. Wie hoch waren sie in \u201eSpitzenzeiten\u201c?<\/p>\n<p>6. In welchen St\u00e4dten und Gemeinden im HSK konnten 2017 und 2018 welche Fl\u00fcchtlingsheime geschlossen und\/oder f\u00fcr andere Zwecke genutzt werden?<\/p>\n<p>7. Ist beabsichtigt, im HSK die Kapazit\u00e4ten f\u00fcr die Unterbringung von Fl\u00fcchtlingen und Asylbe-werber\/innen weiter zu reduzieren?<\/p>\n<p><strong>Der HSK bzw. die Kreisausl\u00e4nderbeh\u00f6rde schrieb (mit Datum vom 28.09.2018):<\/strong><\/p>\n<p>\u201eDie Aufnahme, Unterbringung und Betreuung zugewiesener ausl\u00e4ndischer Fl\u00fcchtlinge bzw. Asylbewerber obliegt den Kommunen.<\/p>\n<p>Ich bin daher nicht in der Lage, Ihnen Ihre Fragen zu beantworten und bitte Sie aus diesem Grunde, sich mit Ihren Fragen an die St\u00e4dte und Gemeinden zu wenden.<\/p>\n<p>Erg\u00e4nzend weise ich aber darauf hin, dass der Hochsauerlandkreis bereits seit dem Jahr 2016 keine eigene (Not-)Unterkunft f\u00fcr Fl\u00fcchtlinge mehr betreibt.\u201c<\/p>\n<p>Unser Name ist Hase? Wir wissen v\u2026 ?<\/p>\n<p>Normalerweise sollte ein Ausl\u00e4nderamt wissen, welcher Unterbringungsm\u00f6glichkeiten f\u00fcr die in seine Zust\u00e4ndigkeit fallenden Fl\u00fcchtlinge bestehen!<\/p>\n<\/div>\n","protected":false},"excerpt":{"rendered":"<p>Fl\u00fcchtlingsunterk\u00fcnfte in NRW sind l\u00e4ngst nicht mehr alle belegt. Die Zahl der neu ankommenden Fl\u00fcchtlinge und Asylbewerber\/innen sinkt offenbar seit geraumer Zeit. (Der Beitrag ist heute zuerst auf der Website &hellip; <a href=\"https:\/\/www.schiebener.net\/wordpress\/hsk-auslaenderamt-keine-informationen-zu-fluechtlingsunterkuenften\/\" class=\"more-link\"><span class=\"screen-reader-text\">\u201eHSK-Ausl\u00e4nderamt: Keine Informationen zu Fl\u00fcchtlingsunterk\u00fcnften\u201c <\/span>weiterlesen<\/a><\/p>\n","protected":false},"author":17,"featured_media":0,"comment_status":"open","ping_status":"open","sticky":false,"template":"","format":"standard","meta":{"footnotes":""},"categories":[80,24,4761],"tags":[5768,861,7804,389,6854],"class_list":["post-42390","post","type-post","status-publish","format-standard","hentry","category-lokales","category-politik","category-soziales","tag-auslaenderamt","tag-fluchtlinge","tag-fluechtlingsunterkuenfte","tag-hsk","tag-sauerlaender-buergerliste-sblfw"],"_links":{"self":[{"href":"https:\/\/www.schiebener.net\/wordpress\/wp-json\/wp\/v2\/posts\/42390","targetHints":{"allow":["GET"]}}],"collection":[{"href":"https:\/\/www.schiebener.net\/wordpress\/wp-json\/wp\/v2\/posts"}],"about":[{"href":"https:\/\/www.schiebener.net\/wordpress\/wp-json\/wp\/v2\/types\/post"}],"author":[{"embeddable":true,"href":"https:\/\/www.schiebener.net\/wordpress\/wp-json\/wp\/v2\/users\/17"}],"replies":[{"embeddable":true,"href":"https:\/\/www.schiebener.net\/wordpress\/wp-json\/wp\/v2\/comments?post=42390"}],"version-history":[{"count":0,"href":"https:\/\/www.schiebener.net\/wordpress\/wp-json\/wp\/v2\/posts\/42390\/revisions"}],"wp:attachment":[{"href":"https:\/\/www.schiebener.net\/wordpress\/wp-json\/wp\/v2\/media?parent=42390"}],"wp:term":[{"taxonomy":"category","embeddable":true,"href":"https:\/\/www.schiebener.net\/wordpress\/wp-json\/wp\/v2\/categories?post=42390"},{"taxonomy":"post_tag","embeddable":true,"href":"https:\/\/www.schiebener.net\/wordpress\/wp-json\/wp\/v2\/tags?post=42390"}],"curies":[{"name":"wp","href":"https:\/\/api.w.org\/{rel}","templated":true}]}}