{"id":42381,"date":"2018-10-12T19:05:33","date_gmt":"2018-10-12T18:05:33","guid":{"rendered":"https:\/\/www.schiebener.net\/wordpress\/?p=42381"},"modified":"2018-10-12T19:05:33","modified_gmt":"2018-10-12T18:05:33","slug":"rentendiskussion-auf-dem-unterbezirks-parteitag-der-spd-im-hochsauerlandkreis-weitgehende-beschluesse","status":"publish","type":"post","link":"https:\/\/www.schiebener.net\/wordpress\/rentendiskussion-auf-dem-unterbezirks-parteitag-der-spd-im-hochsauerlandkreis-weitgehende-beschluesse\/","title":{"rendered":"Rentendiskussion auf dem Unterbezirks-Parteitag der SPD im Hochsauerlandkreis: weitgehende Beschl\u00fcsse"},"content":{"rendered":"<p><img loading=\"lazy\" decoding=\"async\" src=\"https:\/\/www.schiebener.net\/wordpress\/wp-content\/uploads\/2018\/10\/SPDRente20181012.jpg\" alt=\"\" width=\"700\" height=\"525\" class=\"aligncenter size-full wp-image-42385\" srcset=\"https:\/\/www.schiebener.net\/wordpress\/wp-content\/uploads\/2018\/10\/SPDRente20181012.jpg 700w, https:\/\/www.schiebener.net\/wordpress\/wp-content\/uploads\/2018\/10\/SPDRente20181012-300x225.jpg 300w\" sizes=\"auto, (max-width: 709px) 85vw, (max-width: 909px) 67vw, (max-width: 984px) 61vw, (max-width: 1362px) 45vw, 600px\" \/><strong>Die Diskussion um die heutigen und zuk\u00fcnftigen Renten habe, so eine Pressemitteilung der Hochsauerl\u00e4nder Sozialdemokraten, auf dem Unterbezirks-Parteitag der HSK-SPD eine wichtige Rolle gespielt.<\/strong><\/p>\n<p><em>(Der Beitrag beruht auf einer Pressemitteilung der AG60+*, Jusos* und AfA*.)<\/em><\/p>\n<p>Es sei ein gemeinsamer Antrag (<a href=\"https:\/\/www.schiebener.net\/wordpress\/wp-content\/uploads\/2018\/10\/AntragRenteAg60plusJusosAfA.pdf\">AntragRenteAg60plusJusosAfA<\/a>) der AG60+, der Jusos und der AfA mit mehr als 90% Zustimmung in Medebach verabschiedet worden. Diese Gemeinsamkeit und Einigkeit sei ein erstmaliger Vorgang in der Geschichte der HSK-SPD.<\/p>\n<p>Ferdinand Ross, Vorsitzender der AG 60+: &#8222;Der Antrag geht \u00fcber das hinaus, was in der sogenannten Rentenkommission zur Zeit diskutiert wird.&#8220;<\/p>\n<p>Zwei S\u00e4ulen sollen demnach zuk\u00fcnftig das Einkommen der Rentnerin und Rentner sichern und Altersarmut in jedem Fall ausschlie\u00dfen.<\/p>\n<p>&#8211; S\u00e4ule 1 ist eine vom Staat garantierte Grundrente. Alleine dadurch soll Altersarmut in Zukunft ausgeschlossen werden.<\/p>\n<p>&#8211; S\u00e4ule 2 wird weiterhin die gesetzliche Rentenversicherung sein.<\/p>\n<p>Allerdings sollen alle abh\u00e4ngig Besch\u00e4ftigten, alle Selbstst\u00e4ndigen und alle Beamtinnen und Beamten zuk\u00fcnftig in die gesetzliche Rentenversicherung einzahlen.<\/p>\n<p>Die Einnahmeseite der gesetzlichen Rentenversicherung soll auch um Einnahmen aus Imobilien- und Kapitalverm\u00f6gen, bis zu einer festzulegenden oberen Grenze, erweitert werden.<\/p>\n<p>Eigengenutztes Wohneigentum soll hierbei unber\u00fccksichtigt bleiben.<\/p>\n<p>Damit soll zwischen junger Generation und \u00e4lterer Generation ein Interessensausgleich hergestellt werden. Alle erhalten mit diesen Vorschl\u00e4gen Planungssicherheit f\u00fcr ein ausk\u00f6mmliches Einkommen im Alter.<\/p>\n<p>Die Vorschl\u00e4ge des Antrages sollen bewusst kein ausgefeiltes Rentensystem darstellen. Vielmehr gehe es darum, Denkprozesse und \u2013 modelle anzusto\u00dfen, weil der klassische Generationenvertrag, so wie wir ihn kennen und auf dem das heute Rentensystem basiert (eine Beitragszahlerin\/ein Beitragszahler m\u00fcssen bis zu drei Rentnerinnen\/Rentnerfinanzieren) mit Sicherheit schon in K\u00fcrze so nicht mehr funktionieren wird.<\/p>\n<p>&#8212;&#8212;&#8212;&#8212;&#8212;&#8212;&#8212;&#8211;<\/p>\n<p>* Abk\u00fcrzungen:<\/p>\n<p>AG60+ = Arbeitsgemeinschaft 60+ in der SPD<\/p>\n<p>Jusos = Jungsozialisten<\/p>\n<p>AfA = Arbeitsgemeinschaft f\u00fcr Arbeitnehmerfrageen in der SPD<\/p>\n","protected":false},"excerpt":{"rendered":"<p>Die Diskussion um die heutigen und zuk\u00fcnftigen Renten habe, so eine Pressemitteilung der Hochsauerl\u00e4nder Sozialdemokraten, auf dem Unterbezirks-Parteitag der HSK-SPD eine wichtige Rolle gespielt. (Der Beitrag beruht auf einer Pressemitteilung &hellip; <a href=\"https:\/\/www.schiebener.net\/wordpress\/rentendiskussion-auf-dem-unterbezirks-parteitag-der-spd-im-hochsauerlandkreis-weitgehende-beschluesse\/\" class=\"more-link\"><span class=\"screen-reader-text\">\u201eRentendiskussion auf dem Unterbezirks-Parteitag der SPD im Hochsauerlandkreis: weitgehende Beschl\u00fcsse\u201c <\/span>weiterlesen<\/a><\/p>\n","protected":false},"author":3,"featured_media":0,"comment_status":"open","ping_status":"open","sticky":false,"template":"","format":"standard","meta":{"footnotes":""},"categories":[542,3182,303,80,1043,4761],"tags":[4057,4295,655,268,6276],"class_list":["post-42381","post","type-post","status-publish","format-standard","hentry","category-arbeitswelt","category-finanzen","category-in-unserem-briefkasten","category-lokales","category-pressemitteilungen","category-soziales","tag-afa-hochsauerlandkreis","tag-jusos-hsk","tag-pressemitteilung","tag-rente","tag-spd-ag-60plus"],"_links":{"self":[{"href":"https:\/\/www.schiebener.net\/wordpress\/wp-json\/wp\/v2\/posts\/42381","targetHints":{"allow":["GET"]}}],"collection":[{"href":"https:\/\/www.schiebener.net\/wordpress\/wp-json\/wp\/v2\/posts"}],"about":[{"href":"https:\/\/www.schiebener.net\/wordpress\/wp-json\/wp\/v2\/types\/post"}],"author":[{"embeddable":true,"href":"https:\/\/www.schiebener.net\/wordpress\/wp-json\/wp\/v2\/users\/3"}],"replies":[{"embeddable":true,"href":"https:\/\/www.schiebener.net\/wordpress\/wp-json\/wp\/v2\/comments?post=42381"}],"version-history":[{"count":0,"href":"https:\/\/www.schiebener.net\/wordpress\/wp-json\/wp\/v2\/posts\/42381\/revisions"}],"wp:attachment":[{"href":"https:\/\/www.schiebener.net\/wordpress\/wp-json\/wp\/v2\/media?parent=42381"}],"wp:term":[{"taxonomy":"category","embeddable":true,"href":"https:\/\/www.schiebener.net\/wordpress\/wp-json\/wp\/v2\/categories?post=42381"},{"taxonomy":"post_tag","embeddable":true,"href":"https:\/\/www.schiebener.net\/wordpress\/wp-json\/wp\/v2\/tags?post=42381"}],"curies":[{"name":"wp","href":"https:\/\/api.w.org\/{rel}","templated":true}]}}