{"id":42307,"date":"2018-10-05T18:43:03","date_gmt":"2018-10-05T17:43:03","guid":{"rendered":"https:\/\/www.schiebener.net\/wordpress\/?p=42307"},"modified":"2018-10-05T18:43:32","modified_gmt":"2018-10-05T17:43:32","slug":"monatszeitschrift-konkret-nicht-an-haendler-in-siedlinghausen-ausgeliefert","status":"publish","type":"post","link":"https:\/\/www.schiebener.net\/wordpress\/monatszeitschrift-konkret-nicht-an-haendler-in-siedlinghausen-ausgeliefert\/","title":{"rendered":"Monatszeitschrift &#8222;konkret&#8220; nicht an Zeitschriftenhandel in Siedlinghausen ausgeliefert"},"content":{"rendered":"<figure id=\"attachment_42310\" aria-describedby=\"caption-attachment-42310\" style=\"width: 700px\" class=\"wp-caption aligncenter\"><a href=\"https:\/\/www.schiebener.net\/wordpress\/wp-content\/uploads\/2018\/10\/konkret20181005.jpg\" target=\"_blank\" rel=\"noopener\"><img loading=\"lazy\" decoding=\"async\" class=\"wp-image-42310\" src=\"https:\/\/www.schiebener.net\/wordpress\/wp-content\/uploads\/2018\/10\/konkret20181005.jpg\" alt=\"\" width=\"700\" height=\"467\" srcset=\"https:\/\/www.schiebener.net\/wordpress\/wp-content\/uploads\/2018\/10\/konkret20181005.jpg 2048w, https:\/\/www.schiebener.net\/wordpress\/wp-content\/uploads\/2018\/10\/konkret20181005-300x200.jpg 300w, https:\/\/www.schiebener.net\/wordpress\/wp-content\/uploads\/2018\/10\/konkret20181005-768x512.jpg 768w, https:\/\/www.schiebener.net\/wordpress\/wp-content\/uploads\/2018\/10\/konkret20181005-1024x683.jpg 1024w\" sizes=\"auto, (max-width: 709px) 85vw, (max-width: 909px) 67vw, (max-width: 984px) 61vw, (max-width: 1362px) 45vw, 600px\" \/><\/a><figcaption id=\"caption-attachment-42310\" class=\"wp-caption-text\">Ein Satz mit &#8222;x&#8220;, das war wohl nix. Keine &#8222;konkret&#8220; erh\u00e4ltlich. Grossist verweigert anscheinend die Lieferung. (foto: zoom)<\/figcaption><\/figure>\n<p><strong>Weder heute noch in der letzten Woche konnte ich bei meinem lokalen Buch- und Zeitschriftenh\u00e4ndler in Siedlinghausen die neue Monatsausgabe der &#8222;konkret&#8220; kaufen. Sie war nicht im Regal. Der Grossist hatte nicht geliefert. Grund war das Titelbild mit sieben Hakenkreuzen auf der gr\u00fcnen Krawatte eines Brustbildes, mutma\u00dflich von Alexander Gauland (AfD).<\/strong><\/p>\n<p>Eigentlich sollte die &#8222;konkret&#8220; heute, am 5. Oktober, an die Zeitschriftenh\u00e4ndler gehen, nachdem das Pressegrosso, Monopolist f\u00fcr die Auslieferung von Zeitschriften, sich urspr\u00fcnglich geweigert hatte, die Zeitschrift, die auf dem Titelbild die Schlagzeile \u201eDeutschlands Nazis\u201c und den Untertitel \u201eDie Schl\u00e4fer erwachen\u201c mit besagten Hakenkreuzen auf der Krawatte eines \u201eNazif\u00fchrers\u201c illustriert, auszuliefern.<\/p>\n<p><a href=\"https:\/\/konkret-magazin.de\/\" target=\"_blank\" rel=\"noopener\">Auf der Verlagsseite von &#8222;konkret&#8220;<\/a> hei\u00dft es dazu:<\/p>\n<blockquote><p>&#8222;Begr\u00fcndung: \u201eDer Gebrauch des Kennzeichens einer verfassungswidrigen Organisation verst\u00f6\u00dft gegen \u00a7 86 a StGB. F\u00fcr den nicht politisch bewanderten, das Magazin nicht kennenden Beobachter ist nicht auf Anhieb eine eindeutige Gegnerschaft zu der Organisation und die Bek\u00e4mpfung ihrer Ideologie zu erkennen.\u201c<\/p>\n<p>Das Gesetz, beschlossen um die Werbung f\u00fcr nationalsozialistische Organisationen mit NS-Kennzeichen zu verhindern, wird hier gegen Kritiker und Gegner von Nazis in Stellung gebracht. (Zur Information \u00fcber die rechtliche Bewertung des \u201eVertriebsverbots\u201c siehe die Stellungnahme des konkret-Anwalts Oliver Tolmein, die hier eingesehen werden kann.)<\/p>\n<p>Heute, am 28.9. haben sich die Anw\u00e4lte des Grossos nach Pr\u00fcfung der Ausf\u00fchrungen unseres Anwalts entschlossen, das Heft f\u00fcr den Verkauf freizugeben, stellen es aber ins Ermessen der Grossisten, ob sie dies tun. Das bedeutet faktisch, dass das Heft nicht \u00fcberall zu haben sein wird. Wir haben in unserer Not noch eine zweite Titelseite zum \u00dcberkleben an den Handel geschickt \u2013 ohne Hakenkreuze. Nach Aussage des Vertriebs MZV soll konkret jetzt ab dem 5.10. in der einen oder anderen Fassung im Handel erh\u00e4ltlich sein.&#8220;<\/p><\/blockquote>\n<p>Anscheinend hat sich also der Grossist, welcher unseren Ortsh\u00e4ndler beliefert, entschieden die Oktober-Ausgabe nicht auszuliefern. Um die Sache aufzukl\u00e4ren, hat der Inhaber versucht, den Grossisten zu erreichen, doch waren die Mitarbeiter &#8222;leider zur Zeit alle im Gespr\u00e4ch&#8220; und der Anruf blieb in einer Warteschleife.<\/p>\n<p>Die Grossisten sind, so sagte es unser \u00f6rtlicher H\u00e4ndler, Monopolisten, die Deutschland in Gro\u00dfbereiche aufgeteilt h\u00e4tten. Er k\u00f6nne nicht einfach den Grossisten wechseln. Es gebe keine Konkurrenz.<\/p>\n<p>Wie dem auch sei, hoffe ich trotzdem, dass es mir in den n\u00e4chsten Tagen noch m\u00f6glich sein wird, die &#8222;konkret&#8220; hier vor Ort zu erwerben.<\/p>\n","protected":false},"excerpt":{"rendered":"<p>Weder heute noch in der letzten Woche konnte ich bei meinem lokalen Buch- und Zeitschriftenh\u00e4ndler in Siedlinghausen die neue Monatsausgabe der &#8222;konkret&#8220; kaufen. Sie war nicht im Regal. Der Grossist &hellip; <a href=\"https:\/\/www.schiebener.net\/wordpress\/monatszeitschrift-konkret-nicht-an-haendler-in-siedlinghausen-ausgeliefert\/\" class=\"more-link\"><span class=\"screen-reader-text\">\u201eMonatszeitschrift &#8222;konkret&#8220; nicht an Zeitschriftenhandel in Siedlinghausen ausgeliefert\u201c <\/span>weiterlesen<\/a><\/p>\n","protected":false},"author":3,"featured_media":0,"comment_status":"open","ping_status":"open","sticky":false,"template":"","format":"standard","meta":{"footnotes":""},"categories":[218,2489,674,80,32,24,6314],"tags":[4271,7779,538,7778],"class_list":["post-42307","post","type-post","status-publish","format-standard","hentry","category-bucher","category-in-eigener-sache","category-kultur","category-lokales","category-medien","category-politik","category-rechtsextremismus","tag-afd","tag-hakenkreuz","tag-konkret","tag-pressegrosso"],"_links":{"self":[{"href":"https:\/\/www.schiebener.net\/wordpress\/wp-json\/wp\/v2\/posts\/42307","targetHints":{"allow":["GET"]}}],"collection":[{"href":"https:\/\/www.schiebener.net\/wordpress\/wp-json\/wp\/v2\/posts"}],"about":[{"href":"https:\/\/www.schiebener.net\/wordpress\/wp-json\/wp\/v2\/types\/post"}],"author":[{"embeddable":true,"href":"https:\/\/www.schiebener.net\/wordpress\/wp-json\/wp\/v2\/users\/3"}],"replies":[{"embeddable":true,"href":"https:\/\/www.schiebener.net\/wordpress\/wp-json\/wp\/v2\/comments?post=42307"}],"version-history":[{"count":0,"href":"https:\/\/www.schiebener.net\/wordpress\/wp-json\/wp\/v2\/posts\/42307\/revisions"}],"wp:attachment":[{"href":"https:\/\/www.schiebener.net\/wordpress\/wp-json\/wp\/v2\/media?parent=42307"}],"wp:term":[{"taxonomy":"category","embeddable":true,"href":"https:\/\/www.schiebener.net\/wordpress\/wp-json\/wp\/v2\/categories?post=42307"},{"taxonomy":"post_tag","embeddable":true,"href":"https:\/\/www.schiebener.net\/wordpress\/wp-json\/wp\/v2\/tags?post=42307"}],"curies":[{"name":"wp","href":"https:\/\/api.w.org\/{rel}","templated":true}]}}