{"id":42292,"date":"2018-10-04T18:21:06","date_gmt":"2018-10-04T17:21:06","guid":{"rendered":"https:\/\/www.schiebener.net\/wordpress\/?p=42292"},"modified":"2018-10-04T18:26:32","modified_gmt":"2018-10-04T17:26:32","slug":"hoerprobe-oscar-romero-aber-es-gibt-eine-stimme-die-staerke-ist-und-atem","status":"publish","type":"post","link":"https:\/\/www.schiebener.net\/wordpress\/hoerprobe-oscar-romero-aber-es-gibt-eine-stimme-die-staerke-ist-und-atem\/","title":{"rendered":"H\u00f6rprobe: Oscar Romero &#8222;Aber es gibt eine Stimme die St\u00e4rke ist und Atem \u2026&#8220;"},"content":{"rendered":"<div class=\"video-wrapped video-wrapped-video video-wrapped-yt\" style=\"width: 840px; min-height: 473px; background-image: url('https:\/\/www.schiebener.net\/wordpress\/wp-content\/plugins\/wp-video-embed-privacy-master\/preview\/yt\/-TGvnCbxcL0.jpg?s=3a4801081a69360d118490a248f7e38ba23a650ad2430f29d7b435c9885ee676')\" data-embed-frame=\"&lt;iframe title=&quot;Ein H\u00f6rbuch von zu Oscar Romero &amp;quot;Aber es gibt eine Stimme, die St\u00e4rke ist und Atem \u2026&quot; width=&quot;840&quot; height=&quot;473&quot; src=&quot;https:\/\/www.youtube-nocookie.com\/embed\/-TGvnCbxcL0?feature=oembed&quot; frameborder=&quot;0&quot; allow=&quot;accelerometer; autoplay; clipboard-write; encrypted-media; gyroscope; picture-in-picture; web-share&quot; referrerpolicy=&quot;strict-origin-when-cross-origin&quot; allowfullscreen&gt;&lt;\/iframe&gt;\" data-embed-play=\"&lt;span&gt;Video abspielen&lt;\/span&gt;&lt;div class=&quot;small&quot;&gt;&lt;span&gt;Das Video wird von Youtube eingebettet. Es gelten die &lt;a href=&quot;https:\/\/www.google.com\/intl\/de\/policies\/privacy\/&quot; target=&quot;_blank&quot;&gt;Datenschutzerkl\u00e4rungen von Google&lt;\/a&gt;.&lt;\/span&gt;&lt;\/div&gt;\">\n<div class=\"video-wrapped-nojs\"><span>Aktivieren Sie JavaScript um das Video zu sehen.<br \/>Video-Link: <a href=\"https:\/\/www.youtube.com\/watch?v=-TGvnCbxcL0\">https:\/\/www.youtube.com\/watch?v=-TGvnCbxcL0<\/a><\/span><\/div>\n<\/div>\n<p>&nbsp;<br \/>\n&nbsp;<br \/>\n<strong>Am 27. September hatte Peter B\u00fcrger <a href=\"https:\/\/www.schiebener.net\/wordpress\/oscar-romero-stimme-der-armen-und-fuersprecher-einer-anderen-globalisierung-zwei-neuerscheinungen\/\" rel=\"noopener\" target=\"_blank\">hier im Blog<\/a> unter anderem sein H\u00f6rbuch zu Oscar Romero vorgestellt. Ich hatte ihn damals nach einer H\u00f6rprobe gefragt, denn wer will schon die Katze im Sack kaufen. <\/strong><\/p>\n<p>Seit Anfang Oktober ist ein zehnmin\u00fctiger Ausschnitt auf Youtube eingestellt, den ich oben verlinkt habe. H\u00f6rt ihn euch an und \u00fcberlegt, ob ihr 10 Euro f\u00fcr ein St\u00fcck interessanter Zeitgeschichte \u00fcbrig habt.<\/p>\n<p>Die H\u00f6rprobe habe ich ebenfalls <a href=\"https:\/\/www.schiebener.net\/wordpress\/oscar-romero-stimme-der-armen-und-fuersprecher-einer-anderen-globalisierung-zwei-neuerscheinungen\/\" rel=\"noopener\" target=\"_blank\">in den Ursprungsartikel<\/a> eingebaut, aber wer scrollt schon in einem Blog \u00fcber mehrere Seiten. \ud83d\ude09<\/p>\n","protected":false},"excerpt":{"rendered":"<p>Aktivieren Sie JavaScript um das Video zu sehen.Video-Link: https:\/\/www.youtube.com\/watch?v=-TGvnCbxcL0 &nbsp; &nbsp; Am 27. September hatte Peter B\u00fcrger hier im Blog unter anderem sein H\u00f6rbuch zu Oscar Romero vorgestellt. Ich hatte &hellip; <a href=\"https:\/\/www.schiebener.net\/wordpress\/hoerprobe-oscar-romero-aber-es-gibt-eine-stimme-die-staerke-ist-und-atem\/\" class=\"more-link\"><span class=\"screen-reader-text\">\u201eH\u00f6rprobe: Oscar Romero &#8222;Aber es gibt eine Stimme die St\u00e4rke ist und Atem \u2026&#8220;\u201c <\/span>weiterlesen<\/a><\/p>\n","protected":false},"author":3,"featured_media":0,"comment_status":"open","ping_status":"open","sticky":false,"template":"","format":"standard","meta":{"footnotes":""},"categories":[319,303,32,1043,49],"tags":[6185,4695],"class_list":["post-42292","post","type-post","status-publish","format-standard","hentry","category-geschichte","category-in-unserem-briefkasten","category-medien","category-pressemitteilungen","category-religion","tag-oscar-romero","tag-peter-buerger"],"_links":{"self":[{"href":"https:\/\/www.schiebener.net\/wordpress\/wp-json\/wp\/v2\/posts\/42292","targetHints":{"allow":["GET"]}}],"collection":[{"href":"https:\/\/www.schiebener.net\/wordpress\/wp-json\/wp\/v2\/posts"}],"about":[{"href":"https:\/\/www.schiebener.net\/wordpress\/wp-json\/wp\/v2\/types\/post"}],"author":[{"embeddable":true,"href":"https:\/\/www.schiebener.net\/wordpress\/wp-json\/wp\/v2\/users\/3"}],"replies":[{"embeddable":true,"href":"https:\/\/www.schiebener.net\/wordpress\/wp-json\/wp\/v2\/comments?post=42292"}],"version-history":[{"count":0,"href":"https:\/\/www.schiebener.net\/wordpress\/wp-json\/wp\/v2\/posts\/42292\/revisions"}],"wp:attachment":[{"href":"https:\/\/www.schiebener.net\/wordpress\/wp-json\/wp\/v2\/media?parent=42292"}],"wp:term":[{"taxonomy":"category","embeddable":true,"href":"https:\/\/www.schiebener.net\/wordpress\/wp-json\/wp\/v2\/categories?post=42292"},{"taxonomy":"post_tag","embeddable":true,"href":"https:\/\/www.schiebener.net\/wordpress\/wp-json\/wp\/v2\/tags?post=42292"}],"curies":[{"name":"wp","href":"https:\/\/api.w.org\/{rel}","templated":true}]}}