{"id":42243,"date":"2018-09-29T13:56:23","date_gmt":"2018-09-29T12:56:23","guid":{"rendered":"https:\/\/www.schiebener.net\/wordpress\/?p=42243"},"modified":"2018-09-29T14:50:28","modified_gmt":"2018-09-29T13:50:28","slug":"winterberg-spd-loest-ortsverbaende-auf","status":"publish","type":"post","link":"https:\/\/www.schiebener.net\/wordpress\/winterberg-spd-loest-ortsverbaende-auf\/","title":{"rendered":"Winterberg: SPD l\u00f6st Ortsverb\u00e4nde auf"},"content":{"rendered":"<p><a href=\"https:\/\/www.schiebener.net\/wordpress\/wp-content\/uploads\/2018\/09\/SPDSpatzen20180929.jpg\"><img loading=\"lazy\" decoding=\"async\" class=\"aligncenter size-full wp-image-42245\" src=\"https:\/\/www.schiebener.net\/wordpress\/wp-content\/uploads\/2018\/09\/SPDSpatzen20180929.jpg\" alt=\"\" width=\"1024\" height=\"768\" srcset=\"https:\/\/www.schiebener.net\/wordpress\/wp-content\/uploads\/2018\/09\/SPDSpatzen20180929.jpg 1024w, https:\/\/www.schiebener.net\/wordpress\/wp-content\/uploads\/2018\/09\/SPDSpatzen20180929-300x225.jpg 300w, https:\/\/www.schiebener.net\/wordpress\/wp-content\/uploads\/2018\/09\/SPDSpatzen20180929-768x576.jpg 768w\" sizes=\"auto, (max-width: 709px) 85vw, (max-width: 909px) 67vw, (max-width: 1362px) 62vw, 840px\" \/><\/a><strong>Seit ein paar Tagen pfeifen die Spatzen in Siedlinghausen von den D\u00e4chern, dass die SPD Winterberg ihre Ortsverb\u00e4nde aufl\u00f6sen werde. Dieses Ger\u00fccht wurde mir auch\u00a0 aus den Reihen der SPD best\u00e4tigt. Eine Neuausrichtung stehe an und es werde demn\u00e4chst eine Pressemitteilung geben.<\/strong><\/p>\n<p>Ich bin auf die Begr\u00fcndung gespannt.<\/p>\n<p><a href=\"http:\/\/www.spd-winterberg.de\/politik_partei\/\" target=\"_blank\" rel=\"noopener\">Auf der Website der SPD Winterberg<\/a> wird die jetzige Organisation des Stadtverbandes folgenderma\u00dfen erkl\u00e4rt:<\/p>\n<blockquote><p>&#8222;Politik und Partei.<br \/>\nStadtverband<br \/>\nDer Stadtverband Winterberg umfasst den gesamten Bereich der Ferienwelt Winterberg. Organisatorisch sind alle f\u00fcnf SPD-Ortsvereine im Stadtgebiet in den Stadtverband eingebunden.<\/p>\n<p>Ortsvereine<br \/>\nWenn von der vielzitierten &#8222;Basis&#8220; gesprochen wird, ist damit die politische Arbeit im Ortsverein gemeint.&#8220;<\/p><\/blockquote>\n<p><a href=\"http:\/\/www.spd-winterberg.de\/politik_partei\/ortsverein.php\" target=\"_blank\" rel=\"noopener\">An anderer Stelle<\/a>:<\/p>\n<blockquote><p>&#8222;Ortsverein Kahler Asten<br \/>\nAltastenberg, Elkeringhausen, Langewiese, Lennepl\u00e4tze, Mollseifen, Neuastenberg &amp; Winterberg<\/p>\n<p>Ortsverein Hilletal<br \/>\nGr\u00f6nebach, Hildfeld &amp; Niedersfeld<\/p>\n<p>Ortsverein Silbach<br \/>\nBergfreiheit Silbach<\/p>\n<p>Ortsverein Siedlinghausen<br \/>\nAltenfeld &amp; Siedlinghausen<\/p>\n<p>Ortsverein Z\u00fcschen<br \/>\nZ\u00fcschen&#8220;<\/p><\/blockquote>\n<p>In meinen Gespr\u00e4chen mir B\u00fcrgerinnen und B\u00fcrgern aus Siedlinghausen habe ich in letzter Zeit Unzufriedenheit \u00fcber die fehlende Pr\u00e4senz der Orts-SPD im Vereinsleben gesp\u00fcrt. Zu mehreren Jahreshauptversammlungen seien keine Vertreter der Partei erschienen.<\/p>\n<p>Zu Zeiten von Richard Hassenpflug w\u00e4re das nicht passiert.<\/p>\n<p>Nun, die Zeiten \u00e4ndern sich und die SPD scheint vor Ort kaum in Erscheinung zu treten. Als Opposition im Rathaus der Stadt Winterberg arbeitet sie ger\u00e4uschlos mit der CDU zusammen.<\/p>\n<p>Quo vadis, SPD?<\/p>\n<p>Warten auf die Pressemitteilung, auf ein paar kluge Kommentare hier im Blog oder auf Godot?<\/p>\n","protected":false},"excerpt":{"rendered":"<p>Seit ein paar Tagen pfeifen die Spatzen in Siedlinghausen von den D\u00e4chern, dass die SPD Winterberg ihre Ortsverb\u00e4nde aufl\u00f6sen werde. Dieses Ger\u00fccht wurde mir auch\u00a0 aus den Reihen der SPD &hellip; <a href=\"https:\/\/www.schiebener.net\/wordpress\/winterberg-spd-loest-ortsverbaende-auf\/\" class=\"more-link\"><span class=\"screen-reader-text\">\u201eWinterberg: SPD l\u00f6st Ortsverb\u00e4nde auf\u201c <\/span>weiterlesen<\/a><\/p>\n","protected":false},"author":3,"featured_media":0,"comment_status":"open","ping_status":"open","sticky":false,"template":"","format":"standard","meta":{"footnotes":""},"categories":[174,80,24],"tags":[7752,1980],"class_list":["post-42243","post","type-post","status-publish","format-standard","hentry","category-dit-und-dat","category-lokales","category-politik","tag-aufloesung-ortsvereine","tag-spd-winterberg"],"_links":{"self":[{"href":"https:\/\/www.schiebener.net\/wordpress\/wp-json\/wp\/v2\/posts\/42243","targetHints":{"allow":["GET"]}}],"collection":[{"href":"https:\/\/www.schiebener.net\/wordpress\/wp-json\/wp\/v2\/posts"}],"about":[{"href":"https:\/\/www.schiebener.net\/wordpress\/wp-json\/wp\/v2\/types\/post"}],"author":[{"embeddable":true,"href":"https:\/\/www.schiebener.net\/wordpress\/wp-json\/wp\/v2\/users\/3"}],"replies":[{"embeddable":true,"href":"https:\/\/www.schiebener.net\/wordpress\/wp-json\/wp\/v2\/comments?post=42243"}],"version-history":[{"count":0,"href":"https:\/\/www.schiebener.net\/wordpress\/wp-json\/wp\/v2\/posts\/42243\/revisions"}],"wp:attachment":[{"href":"https:\/\/www.schiebener.net\/wordpress\/wp-json\/wp\/v2\/media?parent=42243"}],"wp:term":[{"taxonomy":"category","embeddable":true,"href":"https:\/\/www.schiebener.net\/wordpress\/wp-json\/wp\/v2\/categories?post=42243"},{"taxonomy":"post_tag","embeddable":true,"href":"https:\/\/www.schiebener.net\/wordpress\/wp-json\/wp\/v2\/tags?post=42243"}],"curies":[{"name":"wp","href":"https:\/\/api.w.org\/{rel}","templated":true}]}}