{"id":4223,"date":"2009-08-05T18:07:18","date_gmt":"2009-08-05T16:07:18","guid":{"rendered":"http:\/\/www.schiebener.net\/wordpress\/?p=4223"},"modified":"2009-08-05T18:07:18","modified_gmt":"2009-08-05T16:07:18","slug":"taz-boykottiert-leichtathletik-wm","status":"publish","type":"post","link":"https:\/\/www.schiebener.net\/wordpress\/taz-boykottiert-leichtathletik-wm\/","title":{"rendered":"taz boykottiert Leichtathletik-WM"},"content":{"rendered":"<p><img loading=\"lazy\" decoding=\"async\" class=\"alignleft size-full wp-image-2182\" src=\"http:\/\/www.schiebener.net\/wordpress\/wp-content\/uploads\/2009\/02\/lt_briefkasten01.jpg\" alt=\"\" width=\"120\" height=\"91\" \/>&gt; PRESSEMITTEILUNG            Berlin, 5. August 2009<br \/>\n&gt; &#8212;&#8212;&#8212;&#8212;&#8212;-<br \/>\n&gt;<br \/>\n&gt; Die taz boykottiert Berichterstattung \u00fcber Leichtathletik-<br \/>\n&gt; Weltmeisterschaft<br \/>\n&gt;<br \/>\n&gt; Kein Ereignis ist wichtig genug, um f\u00fcr eine Berichterstattung die<br \/>\n&gt; Grundregeln der Pressefreiheit zu verraten. Deshalb hat sich die in<br \/>\n&gt; Berlin erscheindene tageszeitung (taz) entschieden, \u00fcber die<br \/>\n&gt; Leichtathletik-Weltmeisterschaft, die am 15. August in Berlin beginnt,<br \/>\n&gt; nicht zu berichten.<br \/>\n&gt;<br \/>\n&gt; Wie schon bei der Fu\u00dfball WM 2006, m\u00fcssen JournalistInnen, um eine<br \/>\n&gt; Akkreditierung f\u00fcr die WM zu bekommen, einer umfassenden \u00dcberpr\u00fcfung<br \/>\n&gt; ihrer pers\u00f6nlichen Daten zustimmen. Genutzt werden dabei Datensammlungen<br \/>\n&gt; der Polizei des Bundes und der L\u00e4nder bis hin zu Informationen des<br \/>\n&gt; Verfassungsschutzes sowie des Bundesnachrichtendienstes.<br \/>\n&gt;<br \/>\n&gt; Die taz versteht das als massiven Eingriff in das Gebot der<br \/>\n&gt; Pressefreiheit. Wenn ein Journalist nachweisen kann, dass er ein<br \/>\n&gt; Journalist ist, hat er das Recht seiner Arbeit nachzugehen. Jegliche<br \/>\n&gt; Einschr\u00e4nkungen sind aus guten Gr\u00fcnden nicht geboten.<br \/>\n&gt;<br \/>\n&gt; Die Datenerhebung wird nicht nur zu einer rechtswidrigen Auflage<br \/>\n&gt; gemacht, um eine Arbeitsgenehmigung im Olympiastadion zu bekommen. Dazu<br \/>\n&gt; kommt, dass  privaten Unternehmen, jetzt dem Berlin Organising Committee<br \/>\n&gt; (BOC), bei der Fu\u00dfball WM der FIFA, die Daten der Sicherheitsbeh\u00f6rden<br \/>\n&gt; zur Verf\u00fcgung gestellt werden. Es sind dann schlie\u00dflich diese<br \/>\n&gt; Privatunternehmen die entscheiden, wem es erlaubt wird, das Stadion zu<br \/>\n&gt; betreten und wem nicht. Auch daf\u00fcr gibt es keinerlei Rechtsgrundlage.<br \/>\n&gt;<br \/>\n&gt; Diese so genannten Zuverl\u00e4ssigkeitspr\u00fcfungen sind ein weiterer Beleg<br \/>\n&gt; daf\u00fcr, dass unter dem Deckm\u00e4ntelchen Sicherheit die Rechte von<br \/>\n&gt; JournalistInnen immer weiter eingeschr\u00e4nkt werden. Nachdem die<br \/>\n&gt; \u00dcberwachung von Telefon- und Internetdaten deutlich ausgeweitet wurde,<br \/>\n&gt; werden Pressevertreter bei Gro\u00dfveranstaltung offensichtlich imer<br \/>\n&gt; h\u00e4ufiger gezwungen, einem Personencheck zuzustimmen, wenn sie ihre<br \/>\n&gt; Arbeit machen wollen.<br \/>\n&gt;<br \/>\n&gt; Dieses Spiel macht die taz nicht mit.<br \/>\n&gt;<br \/>\n&gt; *** *** ***<br \/>\n&gt;<br \/>\n&gt; IMPRESSUM<br \/>\n&gt; taz Verlag<br \/>\n&gt; Rudi-Dutschke-Strasse 23<br \/>\n&gt; 10969 Berlin<br \/>\n&gt;<\/p>\n<p><a href=\"http:\/\/www.taz.de\/1\/politik\/schwerpunkt-ueberwachung\/artikel\/1\/taz-sagt-wm-teilnahme-ab\/\" target=\"_blank\">Hier geht es zur Berichterstattung in der taz .<\/a><\/p>\n","protected":false},"excerpt":{"rendered":"<p>&gt; PRESSEMITTEILUNG Berlin, 5. August 2009 &gt; &#8212;&#8212;&#8212;&#8212;&#8212;- &gt; &gt; Die taz boykottiert Berichterstattung \u00fcber Leichtathletik- &gt; Weltmeisterschaft &gt; &gt; Kein Ereignis ist wichtig genug, um f\u00fcr eine Berichterstattung die &hellip; <a href=\"https:\/\/www.schiebener.net\/wordpress\/taz-boykottiert-leichtathletik-wm\/\" class=\"more-link\"><span class=\"screen-reader-text\">\u201etaz boykottiert Leichtathletik-WM\u201c <\/span>weiterlesen<\/a><\/p>\n","protected":false},"author":3,"featured_media":0,"comment_status":"open","ping_status":"open","sticky":false,"template":"","format":"standard","meta":{"footnotes":""},"categories":[32,24],"tags":[694,251],"class_list":["post-4223","post","type-post","status-publish","format-standard","hentry","category-medien","category-politik","tag-pressefreiheit","tag-taz"],"_links":{"self":[{"href":"https:\/\/www.schiebener.net\/wordpress\/wp-json\/wp\/v2\/posts\/4223","targetHints":{"allow":["GET"]}}],"collection":[{"href":"https:\/\/www.schiebener.net\/wordpress\/wp-json\/wp\/v2\/posts"}],"about":[{"href":"https:\/\/www.schiebener.net\/wordpress\/wp-json\/wp\/v2\/types\/post"}],"author":[{"embeddable":true,"href":"https:\/\/www.schiebener.net\/wordpress\/wp-json\/wp\/v2\/users\/3"}],"replies":[{"embeddable":true,"href":"https:\/\/www.schiebener.net\/wordpress\/wp-json\/wp\/v2\/comments?post=4223"}],"version-history":[{"count":0,"href":"https:\/\/www.schiebener.net\/wordpress\/wp-json\/wp\/v2\/posts\/4223\/revisions"}],"wp:attachment":[{"href":"https:\/\/www.schiebener.net\/wordpress\/wp-json\/wp\/v2\/media?parent=4223"}],"wp:term":[{"taxonomy":"category","embeddable":true,"href":"https:\/\/www.schiebener.net\/wordpress\/wp-json\/wp\/v2\/categories?post=4223"},{"taxonomy":"post_tag","embeddable":true,"href":"https:\/\/www.schiebener.net\/wordpress\/wp-json\/wp\/v2\/tags?post=4223"}],"curies":[{"name":"wp","href":"https:\/\/api.w.org\/{rel}","templated":true}]}}