{"id":42201,"date":"2018-09-23T23:26:24","date_gmt":"2018-09-23T22:26:24","guid":{"rendered":"https:\/\/www.schiebener.net\/wordpress\/?p=42201"},"modified":"2018-09-23T23:46:25","modified_gmt":"2018-09-23T22:46:25","slug":"sonderberater-maassen-installiert-seehofer-einen-consigliere","status":"publish","type":"post","link":"https:\/\/www.schiebener.net\/wordpress\/sonderberater-maassen-installiert-seehofer-einen-consigliere\/","title":{"rendered":"&#8222;Sonderberater&#8220; Maa\u00dfen &#8211; Installiert Seehofer einen &#8222;Consigliere&#8220; ?"},"content":{"rendered":"<p><strong>Eben daheim aufgeschlagen und &#8211; weil einige Stunden offline &#8211; Nachrichtenlage bzgl. &#8222;GroKo-Maa\u00dfen-Komplex&#8220; gecheckt.<\/strong><\/p>\n<p>Die Welt titelt<\/p>\n<blockquote><p><a href=\"https:\/\/www.welt.de\/politik\/deutschland\/article181637448\/Ex-Verfassungsschutzchef-Maassen-wird-jetzt-Sonderberater-im-Innenministerium.html\" target=\"_blank\" rel=\"noopener\">Maa\u00dfen wird jetzt Sonderberater im Innenministerium<\/a><\/p><\/blockquote>\n<p>SPON-Headline<\/p>\n<blockquote><p><a href=\"http:\/\/www.spiegel.de\/politik\/deutschland\/hans-georg-maassen-wird-doch-nicht-zum-staatssekretaer-befoerdert-a-1229616.html\" target=\"_blank\" rel=\"noopener\">Maa\u00dfen wird Sonderberater im Innenministerium &#8211; ohne Bef\u00f6rderung<\/a><\/p><\/blockquote>\n<p>Tagesschau berichtet unter<\/p>\n<blockquote><p><a href=\"https:\/\/www.tagesschau.de\/inland\/maassen-einigung-103.html\" target=\"_blank\" rel=\"noopener\">Sonderberater statt Staatssekret\u00e4r<\/a><\/p><\/blockquote>\n<p>Sorry GroKo, es wird immer peinlicher. Der Herr aus Ingolstadt steckt den Koalition\u00e4ren den Finger in den Allerwertesten und spielt mit ihnen Kasper &#8230;<\/p>\n<p>\u00bb <a href=\"https:\/\/www.deutschlandfunk.de\/zukunft-des-verfassungsschutzpraesidenten-eine-loesung-im.720.de.html?dram:article_id=428835\" target=\"_blank\" rel=\"noopener\">Eine L\u00f6sung im Fall Maa\u00dfen, die keine ist<\/a><br \/>\nKommentar DLF, 23.09.2018<\/p>\n<p>btw:<br \/>\nAktuell (23.09.2018 &#8211; 23:09 Uhr) berichtet die von dem &#8222;Journalisten&#8220; Julian Reichelt geleitete Gazette \u00fcber <a href=\"https:\/\/www.bild.de\/politik\/inland\/politik-inland\/spd-chefin-nahles-dementiert-aussagen-von-seehofer-zum-maassen-deal-57431752.bild.html\" target=\"_blank\" rel=\"noopener\">&#8222;Nahles dementiert Seehofer-Aussagen zu Maa\u00dfen-Deal&#8220;<\/a> &#8230;<\/p>\n<p>Was bitte geht da ab?<br \/>\nSo denn drei Parteivorsitzende in einem Gespr\u00e4ch\/einer Verhandlung auf &#8222;einen Nenner kommen&#8220;, sollte dieser nicht wenige Stunden sp\u00e4ter negiert werden.<\/p>\n<p>Und ja, von diesem uns\u00e4glichen Herrn Maa\u00dfen scheinen offensichtlich nur Fotos mit &#8222;Mir kann keiner was&#8220;-Attit\u00fcde zu existieren.<\/p>\n<p>Er hat sich vermutlich bzgl. visueller (Selbst)Darstellung an Personen &#8222;Aus Gro\u00dfer Zeit&#8220; orientiert.<\/p>\n","protected":false},"excerpt":{"rendered":"<p>Eben daheim aufgeschlagen und &#8211; weil einige Stunden offline &#8211; Nachrichtenlage bzgl. &#8222;GroKo-Maa\u00dfen-Komplex&#8220; gecheckt. Die Welt titelt Maa\u00dfen wird jetzt Sonderberater im Innenministerium SPON-Headline Maa\u00dfen wird Sonderberater im Innenministerium &#8211; &hellip; <a href=\"https:\/\/www.schiebener.net\/wordpress\/sonderberater-maassen-installiert-seehofer-einen-consigliere\/\" class=\"more-link\"><span class=\"screen-reader-text\">\u201e&#8222;Sonderberater&#8220; Maa\u00dfen &#8211; Installiert Seehofer einen &#8222;Consigliere&#8220; ?\u201c <\/span>weiterlesen<\/a><\/p>\n","protected":false},"author":64,"featured_media":0,"comment_status":"open","ping_status":"open","sticky":false,"template":"","format":"standard","meta":{"footnotes":""},"categories":[24,524],"tags":[572,7747,6305],"class_list":["post-42201","post","type-post","status-publish","format-standard","hentry","category-politik","category-unirdisches","tag-andrea-nahles","tag-hans-georg-maassen","tag-seehofer"],"_links":{"self":[{"href":"https:\/\/www.schiebener.net\/wordpress\/wp-json\/wp\/v2\/posts\/42201","targetHints":{"allow":["GET"]}}],"collection":[{"href":"https:\/\/www.schiebener.net\/wordpress\/wp-json\/wp\/v2\/posts"}],"about":[{"href":"https:\/\/www.schiebener.net\/wordpress\/wp-json\/wp\/v2\/types\/post"}],"author":[{"embeddable":true,"href":"https:\/\/www.schiebener.net\/wordpress\/wp-json\/wp\/v2\/users\/64"}],"replies":[{"embeddable":true,"href":"https:\/\/www.schiebener.net\/wordpress\/wp-json\/wp\/v2\/comments?post=42201"}],"version-history":[{"count":0,"href":"https:\/\/www.schiebener.net\/wordpress\/wp-json\/wp\/v2\/posts\/42201\/revisions"}],"wp:attachment":[{"href":"https:\/\/www.schiebener.net\/wordpress\/wp-json\/wp\/v2\/media?parent=42201"}],"wp:term":[{"taxonomy":"category","embeddable":true,"href":"https:\/\/www.schiebener.net\/wordpress\/wp-json\/wp\/v2\/categories?post=42201"},{"taxonomy":"post_tag","embeddable":true,"href":"https:\/\/www.schiebener.net\/wordpress\/wp-json\/wp\/v2\/tags?post=42201"}],"curies":[{"name":"wp","href":"https:\/\/api.w.org\/{rel}","templated":true}]}}