{"id":41998,"date":"2018-08-24T06:03:18","date_gmt":"2018-08-24T05:03:18","guid":{"rendered":"https:\/\/www.schiebener.net\/wordpress\/?p=41998"},"modified":"2018-08-28T12:44:01","modified_gmt":"2018-08-28T11:44:01","slug":"im-briefkasten-spd-bundestagsfraktion-diskutiert-in-arnsberg-ueber-den-sozialen-arbeitsmarkt","status":"publish","type":"post","link":"https:\/\/www.schiebener.net\/wordpress\/im-briefkasten-spd-bundestagsfraktion-diskutiert-in-arnsberg-ueber-den-sozialen-arbeitsmarkt\/","title":{"rendered":"Im Briefkasten: SPD Bundestagsfraktion diskutiert in Arnsberg \u00fcber den  sozialen Arbeitsmarkt"},"content":{"rendered":"<figure id=\"attachment_41999\" aria-describedby=\"caption-attachment-41999\" style=\"width: 172px\" class=\"wp-caption alignleft\"><a href=\"https:\/\/www.schiebener.net\/wordpress\/wp-content\/uploads\/2018\/08\/rosemann_martin_BTW17.jpg\"><img loading=\"lazy\" decoding=\"async\" class=\" wp-image-41999\" src=\"https:\/\/www.schiebener.net\/wordpress\/wp-content\/uploads\/2018\/08\/rosemann_martin_BTW17.jpg\" alt=\"\" width=\"172\" height=\"258\" srcset=\"https:\/\/www.schiebener.net\/wordpress\/wp-content\/uploads\/2018\/08\/rosemann_martin_BTW17.jpg 480w, https:\/\/www.schiebener.net\/wordpress\/wp-content\/uploads\/2018\/08\/rosemann_martin_BTW17-200x300.jpg 200w\" sizes=\"auto, (max-width: 172px) 85vw, 172px\" \/><\/a><figcaption id=\"caption-attachment-41999\" class=\"wp-caption-text\">Dr. Martin Rosemann, stellvertretender Sprecher der Arbeitsgruppe Arbeit und Soziales der SPD-Bundestagsfraktion (foto: spd)<\/figcaption><\/figure>\n<p><strong>Der SPD-Abgeordnete Dirk Wiese diskutiert mit seinem Kollegen Dr. Martin Rosemann und dem Chef der Agentur f\u00fcr Arbeit Oliver Schmale am 27. August 2018 um 18:30 Uhr im AWO-Haus Lichtblicke in Arnsberg-Neheim \u00fcber den sozialen Arbeitsmarkt. <\/strong><\/p>\n<p><em>(Pressemitteilung von Dirk Wiese\/SPD)<\/em><\/p>\n<p>Gerade im Raum Arnsberg k\u00f6nnte der soziale Arbeitsmarkt eine wichtige Rolle spielen und kann zudem eine gro\u00dfe Chance f\u00fcr die Region sein, da hier eine Modellregion f\u00fcr den sozialen Arbeitsmarkt geplant wird.<\/p>\n<p>Der Arbeitsmarkt brummt. Die Arbeitslosenquote hat sich seit 2005 halbiert und die Zahl der sozialversicherungspflichtigen Besch\u00e4ftigungsverh\u00e4ltnisse steigt auf den h\u00f6chsten Stand seit der Wiedervereinigung. Das alles sind gute Nachrichten, allerdings gibt es noch einiges zu tun. Es gibt eine Gruppe, die von diesem Aufschwung kaum profitiert: Langzeitarbeitslose. Zwar gibt es auch hier signifikante Erfolge zu vermelden, allerdings gibt es immer noch einen verfestigten Sockel von langzeitarbeitslosen Menschen bei denen der Aufschwung nicht ankommt.<\/p>\n<p>Der Bundesarbeitsminister Hubertus Heil hat z\u00fcgig nach der Aufnahme der Regierungsgesch\u00e4fte den Gesetzesentwurf &#8222;Schaffung neuer Teilhabechancen f\u00fcr Langzeitarbeitslose auf dem allgemeinen und sozialen Arbeitsmarkt&#8220; vorgelegt. Dieses Gesetz soll dazu dienen solche Menschen wieder langfristig in den Arbeitsmarkt zu integrieren.<\/p>\n<p>Da es ganz besonders auf die Umsetzung vor Ort ankommt l\u00e4dt der heimische Bundestagsabgeordnete Dirk Wiese zu einer Podiumsdiskussion am 27.08. 2018 um 18:30 Uhr ein. Gemeinsam mit Dr. Martin Rosemann, stellvertretender Sprecher der Arbeitsgruppe Arbeit und Soziales der SPD-Bundestagsfraktion, und Oliver Schmale, Leiter der Agentur f\u00fcr Arbeit Arnsberg\/Soest, stellt sich Dirk Wiese den Fragen der B\u00fcrgerinnen und B\u00fcrger.<\/p>\n<p>&#8212;&#8212;&#8212;&#8212;&#8212;&#8212;&#8212;&#8212;&#8212;-<\/p>\n<p><em>Anmeldungen werden unter <a href=\"mailto:dirk.wiese.wk@bundestag.de\" target=\"_blank\" rel=\"noopener\">dirk.wiese.wk@bundestag.de<\/a> oder 0291 \/ 99 67 13 erbeten.<\/em><\/p>\n","protected":false},"excerpt":{"rendered":"<p>Der SPD-Abgeordnete Dirk Wiese diskutiert mit seinem Kollegen Dr. Martin Rosemann und dem Chef der Agentur f\u00fcr Arbeit Oliver Schmale am 27. August 2018 um 18:30 Uhr im AWO-Haus Lichtblicke &hellip; <a href=\"https:\/\/www.schiebener.net\/wordpress\/im-briefkasten-spd-bundestagsfraktion-diskutiert-in-arnsberg-ueber-den-sozialen-arbeitsmarkt\/\" class=\"more-link\"><span class=\"screen-reader-text\">\u201eIm Briefkasten: SPD Bundestagsfraktion diskutiert in Arnsberg \u00fcber den  sozialen Arbeitsmarkt\u201c <\/span>weiterlesen<\/a><\/p>\n","protected":false},"author":17,"featured_media":0,"comment_status":"closed","ping_status":"closed","sticky":false,"template":"","format":"standard","meta":{"footnotes":""},"categories":[303,80,1043,1208],"tags":[3104,655],"class_list":["post-41998","post","type-post","status-publish","format-standard","hentry","category-in-unserem-briefkasten","category-lokales","category-pressemitteilungen","category-wirtschaft","tag-dirk-wiese","tag-pressemitteilung"],"_links":{"self":[{"href":"https:\/\/www.schiebener.net\/wordpress\/wp-json\/wp\/v2\/posts\/41998","targetHints":{"allow":["GET"]}}],"collection":[{"href":"https:\/\/www.schiebener.net\/wordpress\/wp-json\/wp\/v2\/posts"}],"about":[{"href":"https:\/\/www.schiebener.net\/wordpress\/wp-json\/wp\/v2\/types\/post"}],"author":[{"embeddable":true,"href":"https:\/\/www.schiebener.net\/wordpress\/wp-json\/wp\/v2\/users\/17"}],"replies":[{"embeddable":true,"href":"https:\/\/www.schiebener.net\/wordpress\/wp-json\/wp\/v2\/comments?post=41998"}],"version-history":[{"count":0,"href":"https:\/\/www.schiebener.net\/wordpress\/wp-json\/wp\/v2\/posts\/41998\/revisions"}],"wp:attachment":[{"href":"https:\/\/www.schiebener.net\/wordpress\/wp-json\/wp\/v2\/media?parent=41998"}],"wp:term":[{"taxonomy":"category","embeddable":true,"href":"https:\/\/www.schiebener.net\/wordpress\/wp-json\/wp\/v2\/categories?post=41998"},{"taxonomy":"post_tag","embeddable":true,"href":"https:\/\/www.schiebener.net\/wordpress\/wp-json\/wp\/v2\/tags?post=41998"}],"curies":[{"name":"wp","href":"https:\/\/api.w.org\/{rel}","templated":true}]}}