{"id":41878,"date":"2018-08-11T07:43:15","date_gmt":"2018-08-11T06:43:15","guid":{"rendered":"https:\/\/www.schiebener.net\/wordpress\/?p=41878"},"modified":"2018-08-11T07:43:15","modified_gmt":"2018-08-11T06:43:15","slug":"ein-besuch-auf-dem-juedischen-friedhof-willebadessen-familie-stern","status":"publish","type":"post","link":"https:\/\/www.schiebener.net\/wordpress\/ein-besuch-auf-dem-juedischen-friedhof-willebadessen-familie-stern\/","title":{"rendered":"Ein Besuch auf dem J\u00fcdischen Friedhof Willebadessen: Familie Stern"},"content":{"rendered":"<figure id=\"attachment_41879\" aria-describedby=\"caption-attachment-41879\" style=\"width: 596px\" class=\"wp-caption aligncenter\"><img loading=\"lazy\" decoding=\"async\" class=\"size-full wp-image-41879\" src=\"https:\/\/www.schiebener.net\/wordpress\/wp-content\/uploads\/2018\/08\/FamilieStern.jpg\" alt=\"\" width=\"596\" height=\"863\" srcset=\"https:\/\/www.schiebener.net\/wordpress\/wp-content\/uploads\/2018\/08\/FamilieStern.jpg 596w, https:\/\/www.schiebener.net\/wordpress\/wp-content\/uploads\/2018\/08\/FamilieStern-207x300.jpg 207w\" sizes=\"auto, (max-width: 596px) 85vw, 596px\" \/><figcaption id=\"caption-attachment-41879\" class=\"wp-caption-text\">Ausschnitt aus der Informationstafel am J\u00fcdischen Friedhof in Willebadessen (Autor: Ansgar Holzknecht)<\/figcaption><\/figure>\n<p><strong>Vor knapp einer Woche hatte ich von meinem Besuch in Willebadessen, samt Schmetterlingspfad und J\u00fcdischem Friedhof <a href=\"https:\/\/www.schiebener.net\/wordpress\/ich-wollte-zum-zehnten-blog-geburtstag-schmetterlinge-und-bekam-eine-lehrstunde-in-geschichte\/\" target=\"_blank\" rel=\"noopener\">hier im Blog<\/a> berichtet und auf die hervorragende Informationstafel neben dem Friedhof hingewiesen.<\/strong><\/p>\n<p>Der Autor, Herr Ansgar Holzknecht, hat mir die Tafel inzwischen auch <a href=\"https:\/\/www.schiebener.net\/wordpress\/wp-content\/uploads\/2018\/08\/Schautafel-j\u00fcdischer-Friedhof-2016.pdf\" target=\"_blank\" rel=\"noopener\">als PDF zur Verf\u00fcgung<\/a> gestellt. Vielleicht kann sie anderen lokalen Geschichtsgruppen als Vorbild dienen. Ich m\u00f6chte einige Teile hier im Blog vorstellen, was aber niemanden davon abhalten sollte, selbst einmal Willebadessen und die historischen Orte zu besuchen.<\/p>\n<p><strong>Der Text \u00fcber die Familie Stern:<\/strong><\/p>\n<blockquote><p>Bendix Stern (gest. 1897) und Friederike, geb. Rose: kleine Landwirtschaft und ein Kolonialwarengesch\u00e4ft. Nach einem Brand 1893 bauen sie ein massives Backsteinhaus in der Lange Str. Nr. 73, heute Nr. 24. Nach der Reichspogromnacht 1938 muss das Gesch\u00e4ft aufgrund einer Anordnung der Wirtschaftskammer mangels \u201evolkswirtschaftlichen Interesses\u201c aufgegeben werden. W\u00e4hrend des Krieges wird das Haus mit franz. Kriegsgefangenen belegt.<\/p>\n<p>Kinder: Moritz 1874 \u2013 1933, Julius 1881 \u2013 1939 und Rosa 1886 \u2013 1942.<\/p>\n<ul>\n<li>Julius heiratet die Nichtj\u00fcdin Mathilde und wohnt mit Familie in Berlin. Als Postbeamter bekommt er 1933 Berufsverbot. Er sucht Schutz in Willebadessen bei Schwester Rosa. Nach mehrt\u00e4giger GESTAPO-Vernehmung und Hitlers Rede am 30.01.1939 \u00fcber die Vernichtung der j\u00fcd. Rasse in Europa begeht er Selbstmord auf dem Dachboden des elterlichen Hauses.<\/li>\n<li>Rosa wird nach Zwangsaufgabe des Gesch\u00e4ftes Hausgehilfin in Warburg. Im M\u00e4rz 1942 wird sie mit 1000 Juden aus dem Gestapoleitbezirk M\u00fcnster ins Ghetto nach Warschau deportiert, wo sie noch im selben Jahr stirbt.<\/li>\n<li>Viktor Stern, ( Sohn von Julius und Mathilde und Tante Rosas Neffe) wird \u00e4hnlich seinem Vater von der Berliner Verkehrsgesellschaft \u201egem\u00e4\u00df Gesetz und Verordnung\u201c ebenfalls 1933 gek\u00fcndigt. 1935 Milit\u00e4rdienst in Minden, aber als Halbjude 1937 unehrenhaft entlassen. 1937 Heirat mit Resi Markhoff aus Willebadessen, das er oft besucht. Als Kraftwagenf\u00fchrer (seit Nov 37) \u201ewegen beh\u00f6rdlicher Abnahme des F\u00fchrerscheins\u201c April 1939 entlassen. 1939 bis 41 Hausinspektor; 194143 Arbeiter. Am 29. Juni 43 mit Frau Resi und den Kindern Manfred und Denny von Berlin nach Theresienstadt und von dort nach Auschwitz deportiert. Resi Stern und ihre zwei kleinen Kinder wurden dort ermordet. Der Vater Viktor Stern \u00fcberlebt im Au\u00dfenlager Golleschau und dann die \u201eTodesm\u00e4rsche\u201c vor den nahenden Russen. Er konnte zuletzt dem \u201eDachauer Todesmarsch\u201c entfliehen, wurde von den Amerikanern in einer Behelfskrankenstation gepflegt und war 1948 wieder bedingt arbeitsf\u00e4hig. Viktor hat wirklich \u201ealles\u201c durchgemacht!!!<\/li>\n<li>Viktor kehrte nach dem Krieg wiederholt nach Willebadessen zur\u00fcck, um alte Freunde zu besuchen. Er starb 1987 bei M\u00fcnchen. &#8211; Sein Bruder Heinrich mit Frau Hedva fand in Pal\u00e4stina in der Kibbuzbewegung neue Heimat. &#8211; Sein Bruder Bernhard \u00fcberlebte den Krieg mit seiner \u201earischen\u201c Frau Lizbet und seiner evang. Mutter Mathilde in Berlin.<\/li>\n<li>Viktor hatte aus einer sp\u00e4teren Ehe noch einen Sohn Henry (*1971). Dieser schrieb zum Abitur eine \u201eFacharbeit\u201c \u00fcber das Familienschicksal. Er lebt als Journalist in Bayern.<\/li>\n<\/ul>\n<\/blockquote>\n","protected":false},"excerpt":{"rendered":"<p>Vor knapp einer Woche hatte ich von meinem Besuch in Willebadessen, samt Schmetterlingspfad und J\u00fcdischem Friedhof hier im Blog berichtet und auf die hervorragende Informationstafel neben dem Friedhof hingewiesen. Der &hellip; <a href=\"https:\/\/www.schiebener.net\/wordpress\/ein-besuch-auf-dem-juedischen-friedhof-willebadessen-familie-stern\/\" class=\"more-link\"><span class=\"screen-reader-text\">\u201eEin Besuch auf dem J\u00fcdischen Friedhof Willebadessen: Familie Stern\u201c <\/span>weiterlesen<\/a><\/p>\n","protected":false},"author":3,"featured_media":0,"comment_status":"open","ping_status":"open","sticky":false,"template":"","format":"standard","meta":{"footnotes":""},"categories":[319,80,6413],"tags":[7673,7674,334,7662],"class_list":["post-41878","post","type-post","status-publish","format-standard","hentry","category-geschichte","category-lokales","category-nrw","tag-ansgar-holzknecht","tag-familie-stern","tag-judischer-friedhof","tag-willebadessen"],"_links":{"self":[{"href":"https:\/\/www.schiebener.net\/wordpress\/wp-json\/wp\/v2\/posts\/41878","targetHints":{"allow":["GET"]}}],"collection":[{"href":"https:\/\/www.schiebener.net\/wordpress\/wp-json\/wp\/v2\/posts"}],"about":[{"href":"https:\/\/www.schiebener.net\/wordpress\/wp-json\/wp\/v2\/types\/post"}],"author":[{"embeddable":true,"href":"https:\/\/www.schiebener.net\/wordpress\/wp-json\/wp\/v2\/users\/3"}],"replies":[{"embeddable":true,"href":"https:\/\/www.schiebener.net\/wordpress\/wp-json\/wp\/v2\/comments?post=41878"}],"version-history":[{"count":0,"href":"https:\/\/www.schiebener.net\/wordpress\/wp-json\/wp\/v2\/posts\/41878\/revisions"}],"wp:attachment":[{"href":"https:\/\/www.schiebener.net\/wordpress\/wp-json\/wp\/v2\/media?parent=41878"}],"wp:term":[{"taxonomy":"category","embeddable":true,"href":"https:\/\/www.schiebener.net\/wordpress\/wp-json\/wp\/v2\/categories?post=41878"},{"taxonomy":"post_tag","embeddable":true,"href":"https:\/\/www.schiebener.net\/wordpress\/wp-json\/wp\/v2\/tags?post=41878"}],"curies":[{"name":"wp","href":"https:\/\/api.w.org\/{rel}","templated":true}]}}