{"id":41745,"date":"2018-07-29T20:25:52","date_gmt":"2018-07-29T19:25:52","guid":{"rendered":"https:\/\/www.schiebener.net\/wordpress\/?p=41745"},"modified":"2018-07-29T20:25:52","modified_gmt":"2018-07-29T19:25:52","slug":"r-i-p-tomasz-stanko-11-07-1942-29-07-2018","status":"publish","type":"post","link":"https:\/\/www.schiebener.net\/wordpress\/r-i-p-tomasz-stanko-11-07-1942-29-07-2018\/","title":{"rendered":"R.I.P. Tomasz Stanko &#8211; *11.07.1942 &middot; &dagger;29.07.2018"},"content":{"rendered":"<p><strong><a href=\"https:\/\/de.wikipedia.org\/wiki\/Tomasz_Sta%C5%84ko\" target=\"_blank\" rel=\"noopener\">Tomasz Stanko<\/a> war ein polnischer Jazzmusiker. Stanko geh\u00f6rte zu den herausragenden Jazztrompetern und Komponisten in Europa. Auf der Trompete hat er in allen Registern einen v\u00f6llig eigenst\u00e4ndigen Sound entwickelt, den der Jazzkolumnist <a href=\"https:\/\/de.wikipedia.org\/wiki\/Hans_Kumpf\" target=\"_blank\" rel=\"noopener\">Hans Kumpf<\/a> als \u201erau und herzlich\u201c charakterisierte. <\/strong><\/p>\n<p>Wegen seines dunklen, hintergr\u00fcndigen Tones wurde er auch als \u201eEdgar Allan Poe der Trompete\u201c bezeichnet. Er geh\u00f6rt zur ersten Generation europ\u00e4ischer Musiker, die als Antwort auf den amerikanischen Free Jazz neuartige M\u00f6glichkeiten eines eigenen musikalischen Ausdrucks gesucht und gefunden haben.<\/p>\n<p>Einen gro\u00dfen Teil seiner Aufnahmen ver\u00f6ffentlichte Tomasz Stanko bei <a href=\"https:\/\/de.wikipedia.org\/wiki\/ECM_Records\" target=\"_blank\" rel=\"noopener\">ECM Records<\/a>.<\/p>\n<p><i>Nachfolgend Teil 1 des &#8222;The Green Hill Project&#8220;-Konzerts bei Jazz Baltica vom 10.06.2000. Die Teile 2 bis 5 muss man sich leider bei YouTube zusammensuchen.<\/i> \ud83d\ude41<\/p>\n<p>https:\/\/www.youtube.com\/watch?v=ApFIzNCV7cI<br \/>\n.<br \/>\n\u00bb <a href=\"https:\/\/www.dw.com\/de\/jazztrompeter-tomasz-stanko-ist-tot\/a-44869735\" target=\"_blank\" rel=\"noopener\">Jazztrompeter Tomasz Stanko ist tot<\/a> &#8211; DW, 29.07.2018<\/p>\n","protected":false},"excerpt":{"rendered":"<p>Tomasz Stanko war ein polnischer Jazzmusiker. Stanko geh\u00f6rte zu den herausragenden Jazztrompetern und Komponisten in Europa. Auf der Trompete hat er in allen Registern einen v\u00f6llig eigenst\u00e4ndigen Sound entwickelt, den &hellip; <a href=\"https:\/\/www.schiebener.net\/wordpress\/r-i-p-tomasz-stanko-11-07-1942-29-07-2018\/\" class=\"more-link\"><span class=\"screen-reader-text\">\u201eR.I.P. Tomasz Stanko &#8211; *11.07.1942 &middot; &dagger;29.07.2018\u201c <\/span>weiterlesen<\/a><\/p>\n","protected":false},"author":64,"featured_media":0,"comment_status":"open","ping_status":"open","sticky":false,"template":"","format":"standard","meta":{"footnotes":""},"categories":[533,674,854,27],"tags":[788,5877,7637,7638],"class_list":["post-41745","post","type-post","status-publish","format-standard","hentry","category-europa","category-kultur","category-kunst","category-musik","tag-jazz","tag-polen","tag-tomasz-stanko","tag-trompeter"],"_links":{"self":[{"href":"https:\/\/www.schiebener.net\/wordpress\/wp-json\/wp\/v2\/posts\/41745","targetHints":{"allow":["GET"]}}],"collection":[{"href":"https:\/\/www.schiebener.net\/wordpress\/wp-json\/wp\/v2\/posts"}],"about":[{"href":"https:\/\/www.schiebener.net\/wordpress\/wp-json\/wp\/v2\/types\/post"}],"author":[{"embeddable":true,"href":"https:\/\/www.schiebener.net\/wordpress\/wp-json\/wp\/v2\/users\/64"}],"replies":[{"embeddable":true,"href":"https:\/\/www.schiebener.net\/wordpress\/wp-json\/wp\/v2\/comments?post=41745"}],"version-history":[{"count":0,"href":"https:\/\/www.schiebener.net\/wordpress\/wp-json\/wp\/v2\/posts\/41745\/revisions"}],"wp:attachment":[{"href":"https:\/\/www.schiebener.net\/wordpress\/wp-json\/wp\/v2\/media?parent=41745"}],"wp:term":[{"taxonomy":"category","embeddable":true,"href":"https:\/\/www.schiebener.net\/wordpress\/wp-json\/wp\/v2\/categories?post=41745"},{"taxonomy":"post_tag","embeddable":true,"href":"https:\/\/www.schiebener.net\/wordpress\/wp-json\/wp\/v2\/tags?post=41745"}],"curies":[{"name":"wp","href":"https:\/\/api.w.org\/{rel}","templated":true}]}}