{"id":41739,"date":"2018-07-28T21:43:16","date_gmt":"2018-07-28T20:43:16","guid":{"rendered":"https:\/\/www.schiebener.net\/wordpress\/?p=41739"},"modified":"2018-07-29T08:32:45","modified_gmt":"2018-07-29T07:32:45","slug":"das-maedchen-aus-der-bigfoot-familie-in-le-touquet-la-nena","status":"publish","type":"post","link":"https:\/\/www.schiebener.net\/wordpress\/das-maedchen-aus-der-bigfoot-familie-in-le-touquet-la-nena\/","title":{"rendered":"Das M\u00e4dchen aus der Bigfoot Familie in Le Touquet: La Nena"},"content":{"rendered":"<figure id=\"attachment_41740\" aria-describedby=\"caption-attachment-41740\" style=\"width: 700px\" class=\"wp-caption aligncenter\"><a href=\"https:\/\/www.schiebener.net\/wordpress\/wp-content\/uploads\/2018\/07\/BigFootLaNena2018072601.jpg\" target=\"_blank\" rel=\"noopener\"><img loading=\"lazy\" decoding=\"async\" class=\"wp-image-41740\" src=\"https:\/\/www.schiebener.net\/wordpress\/wp-content\/uploads\/2018\/07\/BigFootLaNena2018072601.jpg\" alt=\"\" width=\"700\" height=\"808\" srcset=\"https:\/\/www.schiebener.net\/wordpress\/wp-content\/uploads\/2018\/07\/BigFootLaNena2018072601.jpg 1774w, https:\/\/www.schiebener.net\/wordpress\/wp-content\/uploads\/2018\/07\/BigFootLaNena2018072601-260x300.jpg 260w, https:\/\/www.schiebener.net\/wordpress\/wp-content\/uploads\/2018\/07\/BigFootLaNena2018072601-768x887.jpg 768w, https:\/\/www.schiebener.net\/wordpress\/wp-content\/uploads\/2018\/07\/BigFootLaNena2018072601-887x1024.jpg 887w\" sizes=\"auto, (max-width: 709px) 85vw, (max-width: 909px) 67vw, (max-width: 984px) 61vw, (max-width: 1362px) 45vw, 600px\" \/><\/a><figcaption id=\"caption-attachment-41740\" class=\"wp-caption-text\">Das M\u00e4dchen aus der Bigfoot Familie macht einen Handstand im Jardin D&#8217;Ypres (foto: zoom)<\/figcaption><\/figure>\n<p><strong>Nicht weit vom Rathaus entfernt macht das M\u00e4dchen aus der Bigfoot Familie einen Handstand im Jardin D&#8217;Ypres.<\/strong><\/p>\n<p>Damit habe ich nach Ladyfoot und Babyfoot die dritte Skulptur des K\u00fcnstlers Idan Zareski in Le Touquet entdeckt.<\/p>\n<p>Es fehlen also noch zwei, n\u00e4mlich Le Siffleur und Herr Bigfoot pers\u00f6nlich.<\/p>\n<p>Interessant ist, dass Idan Zareski (Angaben auf seiner Website) nie eine Kunstschule besucht hat und seine Ideen aus einem inneren &#8222;Zwang&#8220; heraus entwickelt:<\/p>\n<blockquote><p>&#8222;Idan Zareski was born in Haifa, Israel and he is a French citizen. Life took him through multiple countries, bearing witness to multiple races and cultures which are now a fundamental element in his work. His efforts led him to understand that his salvation had always been, literally, at his fingertips.<\/p>\n<p>Idan has never attended Art School or any sort of anatomy course. His gift came to him as a need, which he understood he could no longer resist. \u201cI don\u2019t plan or organize, I don\u2019t draw sketches. My raw emotions serve as the only guide. Ninety percent of my creations are shaped in less than an hour. When I work, I feel in absolute communion with a force greater than myself\u201d.<\/p>\n<p>Idan shapes his creations out of clay, water and fire, to later set them in bronze. He is still amazed by the fact that emotions cannot only take shape, but be shared, without a word\u2026in absolute silence.&#8220;<\/p><\/blockquote>\n<p>Quelle: <a href=\"http:\/\/www.idanzareski.com\/bio\/\" target=\"_blank\" rel=\"noopener\">http:\/\/www.idanzareski.com\/bio\/<\/a><\/p>\n<p>Als Nicht-K\u00fcnstler f\u00e4llt es mir schwer, zwischen Wahrheit\/Aufrichtigkeit und Marketing zu unterscheiden.<\/p>\n<p>Wie dem auch sei, scheinen die gro\u00dfen F\u00fc\u00dfe ihren Erfnder zu ern\u00e4hren:<\/p>\n<blockquote><p>&#8222;These days, Idan is completely committed to his art, working out of Costa Rica, a small piece of paradise. His wife and three girls have become his most fervent admirers.&#8220;<\/p><\/blockquote>\n<p>Ich g\u00f6nne es Idan Zareski von ganzem Herzen.<\/p>\n","protected":false},"excerpt":{"rendered":"<p>Nicht weit vom Rathaus entfernt macht das M\u00e4dchen aus der Bigfoot Familie einen Handstand im Jardin D&#8217;Ypres. Damit habe ich nach Ladyfoot und Babyfoot die dritte Skulptur des K\u00fcnstlers Idan &hellip; <a href=\"https:\/\/www.schiebener.net\/wordpress\/das-maedchen-aus-der-bigfoot-familie-in-le-touquet-la-nena\/\" class=\"more-link\"><span class=\"screen-reader-text\">\u201eDas M\u00e4dchen aus der Bigfoot Familie in Le Touquet: La Nena\u201c <\/span>weiterlesen<\/a><\/p>\n","protected":false},"author":3,"featured_media":0,"comment_status":"open","ping_status":"open","sticky":false,"template":"","format":"standard","meta":{"footnotes":""},"categories":[174,533,674,854,2729],"tags":[7632,7634,7636,7621],"class_list":["post-41739","post","type-post","status-publish","format-standard","hentry","category-dit-und-dat","category-europa","category-kultur","category-kunst","category-reisen","tag-bigfoot-family","tag-idan-zareski","tag-la-nena","tag-le-touquet"],"_links":{"self":[{"href":"https:\/\/www.schiebener.net\/wordpress\/wp-json\/wp\/v2\/posts\/41739","targetHints":{"allow":["GET"]}}],"collection":[{"href":"https:\/\/www.schiebener.net\/wordpress\/wp-json\/wp\/v2\/posts"}],"about":[{"href":"https:\/\/www.schiebener.net\/wordpress\/wp-json\/wp\/v2\/types\/post"}],"author":[{"embeddable":true,"href":"https:\/\/www.schiebener.net\/wordpress\/wp-json\/wp\/v2\/users\/3"}],"replies":[{"embeddable":true,"href":"https:\/\/www.schiebener.net\/wordpress\/wp-json\/wp\/v2\/comments?post=41739"}],"version-history":[{"count":0,"href":"https:\/\/www.schiebener.net\/wordpress\/wp-json\/wp\/v2\/posts\/41739\/revisions"}],"wp:attachment":[{"href":"https:\/\/www.schiebener.net\/wordpress\/wp-json\/wp\/v2\/media?parent=41739"}],"wp:term":[{"taxonomy":"category","embeddable":true,"href":"https:\/\/www.schiebener.net\/wordpress\/wp-json\/wp\/v2\/categories?post=41739"},{"taxonomy":"post_tag","embeddable":true,"href":"https:\/\/www.schiebener.net\/wordpress\/wp-json\/wp\/v2\/tags?post=41739"}],"curies":[{"name":"wp","href":"https:\/\/api.w.org\/{rel}","templated":true}]}}