{"id":41709,"date":"2018-07-25T23:02:39","date_gmt":"2018-07-25T22:02:39","guid":{"rendered":"https:\/\/www.schiebener.net\/wordpress\/?p=41709"},"modified":"2018-07-25T23:02:39","modified_gmt":"2018-07-25T22:02:39","slug":"winterberg-in-le-touquet-eher-schaebbich","status":"publish","type":"post","link":"https:\/\/www.schiebener.net\/wordpress\/winterberg-in-le-touquet-eher-schaebbich\/","title":{"rendered":"Winterberg in Le Touquet &#8211; eher sch\u00e4bbich &#8230;"},"content":{"rendered":"<figure id=\"attachment_41710\" aria-describedby=\"caption-attachment-41710\" style=\"width: 1024px\" class=\"wp-caption aligncenter\"><a href=\"https:\/\/www.schiebener.net\/wordpress\/wp-content\/uploads\/2018\/07\/LeTouquetWinterberg2018072401.jpg\"><img loading=\"lazy\" decoding=\"async\" class=\"size-full wp-image-41710\" src=\"https:\/\/www.schiebener.net\/wordpress\/wp-content\/uploads\/2018\/07\/LeTouquetWinterberg2018072401.jpg\" alt=\"\" width=\"1024\" height=\"683\" srcset=\"https:\/\/www.schiebener.net\/wordpress\/wp-content\/uploads\/2018\/07\/LeTouquetWinterberg2018072401.jpg 1024w, https:\/\/www.schiebener.net\/wordpress\/wp-content\/uploads\/2018\/07\/LeTouquetWinterberg2018072401-300x200.jpg 300w, https:\/\/www.schiebener.net\/wordpress\/wp-content\/uploads\/2018\/07\/LeTouquetWinterberg2018072401-768x512.jpg 768w\" sizes=\"auto, (max-width: 709px) 85vw, (max-width: 909px) 67vw, (max-width: 1362px) 62vw, 840px\" \/><\/a><figcaption id=\"caption-attachment-41710\" class=\"wp-caption-text\">Ein Wohnklotz im Hinterland von Le Touquet namens &#8222;Residence Winterberg&#8220; (foto: zoom)<\/figcaption><\/figure>\n<p><strong>Wenn ich morgens in Le Touquet <a href=\"https:\/\/www.facebook.com\/Boulangerie-Patisserie-Hodin-164027237653437\/\" target=\"_blank\" rel=\"noopener\">zur Boulangerie<\/a> radele, um ein Baguette und zwei Croissants einzukaufen, komme ich an einem h\u00e4sslichen Wohnklotz vorbei.<\/strong><\/p>\n<p>Es gibt viele h\u00e4ssliche Wohnkl\u00f6tze in der Partnerstadt Winterbergs, allerdings auch wunderh\u00fcbsche Geb\u00e4ude.<\/p>\n<figure id=\"attachment_41711\" aria-describedby=\"caption-attachment-41711\" style=\"width: 1024px\" class=\"wp-caption aligncenter\"><a href=\"https:\/\/www.schiebener.net\/wordpress\/wp-content\/uploads\/2018\/07\/LeTouquetWinterberg2018072402.jpg.jpg\"><img loading=\"lazy\" decoding=\"async\" class=\"size-full wp-image-41711\" src=\"https:\/\/www.schiebener.net\/wordpress\/wp-content\/uploads\/2018\/07\/LeTouquetWinterberg2018072402.jpg.jpg\" alt=\"\" width=\"1024\" height=\"707\" srcset=\"https:\/\/www.schiebener.net\/wordpress\/wp-content\/uploads\/2018\/07\/LeTouquetWinterberg2018072402.jpg.jpg 1024w, https:\/\/www.schiebener.net\/wordpress\/wp-content\/uploads\/2018\/07\/LeTouquetWinterberg2018072402.jpg-300x207.jpg 300w, https:\/\/www.schiebener.net\/wordpress\/wp-content\/uploads\/2018\/07\/LeTouquetWinterberg2018072402.jpg-768x530.jpg 768w\" sizes=\"auto, (max-width: 709px) 85vw, (max-width: 909px) 67vw, (max-width: 1362px) 62vw, 840px\" \/><\/a><figcaption id=\"caption-attachment-41711\" class=\"wp-caption-text\">Kein Zweifel, es ist Winterberg (foto: zoom)<\/figcaption><\/figure>\n<p>Der sch\u00e4bige Bau hei\u00dft in diesem Fall &#8222;Residence Winterberg&#8220; und erinnert mich <a href=\"https:\/\/www.schiebener.net\/wordpress\/winterberg-ausflug-ins-ghetto\/\" target=\"_blank\" rel=\"noopener\">an die Hochh\u00e4user im Winterberger Fichtenweg<\/a>.<\/p>\n<p>Ratlos.<\/p>\n","protected":false},"excerpt":{"rendered":"<p>Wenn ich morgens in Le Touquet zur Boulangerie radele, um ein Baguette und zwei Croissants einzukaufen, komme ich an einem h\u00e4sslichen Wohnklotz vorbei. Es gibt viele h\u00e4ssliche Wohnkl\u00f6tze in der &hellip; <a href=\"https:\/\/www.schiebener.net\/wordpress\/winterberg-in-le-touquet-eher-schaebbich\/\" class=\"more-link\"><span class=\"screen-reader-text\">\u201eWinterberg in Le Touquet &#8211; eher sch\u00e4bbich &#8230;\u201c <\/span>weiterlesen<\/a><\/p>\n","protected":false},"author":3,"featured_media":0,"comment_status":"open","ping_status":"open","sticky":false,"template":"","format":"standard","meta":{"footnotes":""},"categories":[174,533,2489],"tags":[7621,322],"class_list":["post-41709","post","type-post","status-publish","format-standard","hentry","category-dit-und-dat","category-europa","category-in-eigener-sache","tag-le-touquet","tag-winterberg"],"_links":{"self":[{"href":"https:\/\/www.schiebener.net\/wordpress\/wp-json\/wp\/v2\/posts\/41709","targetHints":{"allow":["GET"]}}],"collection":[{"href":"https:\/\/www.schiebener.net\/wordpress\/wp-json\/wp\/v2\/posts"}],"about":[{"href":"https:\/\/www.schiebener.net\/wordpress\/wp-json\/wp\/v2\/types\/post"}],"author":[{"embeddable":true,"href":"https:\/\/www.schiebener.net\/wordpress\/wp-json\/wp\/v2\/users\/3"}],"replies":[{"embeddable":true,"href":"https:\/\/www.schiebener.net\/wordpress\/wp-json\/wp\/v2\/comments?post=41709"}],"version-history":[{"count":0,"href":"https:\/\/www.schiebener.net\/wordpress\/wp-json\/wp\/v2\/posts\/41709\/revisions"}],"wp:attachment":[{"href":"https:\/\/www.schiebener.net\/wordpress\/wp-json\/wp\/v2\/media?parent=41709"}],"wp:term":[{"taxonomy":"category","embeddable":true,"href":"https:\/\/www.schiebener.net\/wordpress\/wp-json\/wp\/v2\/categories?post=41709"},{"taxonomy":"post_tag","embeddable":true,"href":"https:\/\/www.schiebener.net\/wordpress\/wp-json\/wp\/v2\/tags?post=41709"}],"curies":[{"name":"wp","href":"https:\/\/api.w.org\/{rel}","templated":true}]}}