{"id":41522,"date":"2018-07-04T21:36:13","date_gmt":"2018-07-04T20:36:13","guid":{"rendered":"https:\/\/www.schiebener.net\/wordpress\/?p=41522"},"modified":"2018-07-04T21:36:13","modified_gmt":"2018-07-04T20:36:13","slug":"spd-ortsverein-hilletal-sommerfest-mit-ehrungen-langjaehriger-mitglieder","status":"publish","type":"post","link":"https:\/\/www.schiebener.net\/wordpress\/spd-ortsverein-hilletal-sommerfest-mit-ehrungen-langjaehriger-mitglieder\/","title":{"rendered":"SPD Ortsverein &#8222;Hilletal&#8220;: Sommerfest mit Ehrungen langj\u00e4hriger Mitglieder"},"content":{"rendered":"<figure id=\"attachment_41524\" aria-describedby=\"caption-attachment-41524\" style=\"width: 700px\" class=\"wp-caption aligncenter\"><a href=\"https:\/\/www.schiebener.net\/wordpress\/wp-content\/uploads\/2018\/07\/EhrungRolfundFritz20180623.jpg\" target=\"_blank\" rel=\"noopener\"><img loading=\"lazy\" decoding=\"async\" class=\"wp-image-41524\" src=\"https:\/\/www.schiebener.net\/wordpress\/wp-content\/uploads\/2018\/07\/EhrungRolfundFritz20180623.jpg\" alt=\"\" width=\"700\" height=\"515\" srcset=\"https:\/\/www.schiebener.net\/wordpress\/wp-content\/uploads\/2018\/07\/EhrungRolfundFritz20180623.jpg 1399w, https:\/\/www.schiebener.net\/wordpress\/wp-content\/uploads\/2018\/07\/EhrungRolfundFritz20180623-300x221.jpg 300w, https:\/\/www.schiebener.net\/wordpress\/wp-content\/uploads\/2018\/07\/EhrungRolfundFritz20180623-768x565.jpg 768w, https:\/\/www.schiebener.net\/wordpress\/wp-content\/uploads\/2018\/07\/EhrungRolfundFritz20180623-1024x754.jpg 1024w\" sizes=\"auto, (max-width: 709px) 85vw, (max-width: 909px) 67vw, (max-width: 984px) 61vw, (max-width: 1362px) 45vw, 600px\" \/><\/a><figcaption id=\"caption-attachment-41524\" class=\"wp-caption-text\">Ehrungen der langj\u00e4hrigen Mitglieder. Zu sehen sind von links: Diethelm Geilen, Rolf Schmidt, Fritz Kelm, Torben Firley (foto: spd)<\/figcaption><\/figure>\n<p><strong>Niedersfeld. (spd_pm) Am Samstag, dem 23. Juni, veranstaltete der SPD Ortsverein &#8222;Hilletal&#8220; das diesj\u00e4hrige Sommerfest. Bei sommerlichem Wetter nahmen der Vorsitzende des Ortsvereineins \u201eHilletal\u201c Diethelm Geilen und der Fraktionsvorsitzende der SPD Winterberg Torben Firley die Ehrungen der langj\u00e4hrigen Parteimitglieder vor. <\/strong><\/p>\n<p>Bundestagsabgeordneter Dirk Wiese, der die Ehrungen eigentlich \u00fcbernehmen wollte, war mit einer Delegation aus dem Hochsauerlandkreis auf dem Landesparteitag der SPD in Bochum, wo der neue Landesvorstand\u00a0 gew\u00e4hlt wurde.<\/p>\n<p>Geehrt wurde Fritz Kelm f\u00fcr seine 30-j\u00e4hrige Mitgliedschaft. Fritz trat 1988 in die SPD ein. 1999 wurde er erstmals in den Rat der Stadt Winterberg gew\u00e4hlt und im Jahr 2000 zum 1. Vorsitzenden des Ortsvereins Niedersfeld-Hildfeld. Seit 2014 gestaltet er als 2.&nbsp;Vorsitzender weiterhin die Zukunft des Ortsvereins, wof\u00fcr ihm die Genossen dankten.<\/p>\n<p>Ebenfalls geehrt wurde Rolf Schmidt f\u00fcr seine 65-j\u00e4hrige Mitgliedschaft. Rolf trat 1953 im Alter von 23 Jahren in die SPD ein. In dieser Zeit machte Konrad Adenauer gerade seinen 1. Staatsbesuch in die USA und in der damaligen DDR kam es am 17. Juni zum Volksaufstand. Die Trennung Deutschlands und auch die Wiedervereinigung hat Rolf miterlebt. Was waren das f\u00fcr bewegte Zeiten. Der Ortsverein dankte Rolf Schmidt f\u00fcr die langj\u00e4hrige Treue zur SPD und f\u00fcr seine mittlerweile zwei Jahrzehnte dauernde Angeh\u00f6rigkeit zum Ortsverein Niedersfeld-Hildfeld.<\/p>\n<p>Der Ortsverein bedankt sich zudem bei den Vertretern der Winterberger SPD, der Niederfelder CDU, der Sch\u00fctzen, der Feuerwehr, des Sportvereins und des Kirchenvorstands sowie bei allen anderen G\u00e4sten f\u00fcr Ihren Besuch und die interessanten Gespr\u00e4che in sommerlich lockerer Atmosph\u00e4re.<\/p>\n","protected":false},"excerpt":{"rendered":"<p>Niedersfeld. (spd_pm) Am Samstag, dem 23. Juni, veranstaltete der SPD Ortsverein &#8222;Hilletal&#8220; das diesj\u00e4hrige Sommerfest. Bei sommerlichem Wetter nahmen der Vorsitzende des Ortsvereineins \u201eHilletal\u201c Diethelm Geilen und der Fraktionsvorsitzende der &hellip; <a href=\"https:\/\/www.schiebener.net\/wordpress\/spd-ortsverein-hilletal-sommerfest-mit-ehrungen-langjaehriger-mitglieder\/\" class=\"more-link\"><span class=\"screen-reader-text\">\u201eSPD Ortsverein &#8222;Hilletal&#8220;: Sommerfest mit Ehrungen langj\u00e4hriger Mitglieder\u201c <\/span>weiterlesen<\/a><\/p>\n","protected":false},"author":17,"featured_media":0,"comment_status":"open","ping_status":"open","sticky":false,"template":"","format":"standard","meta":{"footnotes":""},"categories":[303,80,24,1043],"tags":[7540,7539],"class_list":["post-41522","post","type-post","status-publish","format-standard","hentry","category-in-unserem-briefkasten","category-lokales","category-politik","category-pressemitteilungen","tag-sommerfest","tag-spd-hilletal"],"_links":{"self":[{"href":"https:\/\/www.schiebener.net\/wordpress\/wp-json\/wp\/v2\/posts\/41522","targetHints":{"allow":["GET"]}}],"collection":[{"href":"https:\/\/www.schiebener.net\/wordpress\/wp-json\/wp\/v2\/posts"}],"about":[{"href":"https:\/\/www.schiebener.net\/wordpress\/wp-json\/wp\/v2\/types\/post"}],"author":[{"embeddable":true,"href":"https:\/\/www.schiebener.net\/wordpress\/wp-json\/wp\/v2\/users\/17"}],"replies":[{"embeddable":true,"href":"https:\/\/www.schiebener.net\/wordpress\/wp-json\/wp\/v2\/comments?post=41522"}],"version-history":[{"count":0,"href":"https:\/\/www.schiebener.net\/wordpress\/wp-json\/wp\/v2\/posts\/41522\/revisions"}],"wp:attachment":[{"href":"https:\/\/www.schiebener.net\/wordpress\/wp-json\/wp\/v2\/media?parent=41522"}],"wp:term":[{"taxonomy":"category","embeddable":true,"href":"https:\/\/www.schiebener.net\/wordpress\/wp-json\/wp\/v2\/categories?post=41522"},{"taxonomy":"post_tag","embeddable":true,"href":"https:\/\/www.schiebener.net\/wordpress\/wp-json\/wp\/v2\/tags?post=41522"}],"curies":[{"name":"wp","href":"https:\/\/api.w.org\/{rel}","templated":true}]}}