{"id":41473,"date":"2018-06-27T21:27:23","date_gmt":"2018-06-27T20:27:23","guid":{"rendered":"https:\/\/www.schiebener.net\/wordpress\/?p=41473"},"modified":"2018-06-27T21:27:23","modified_gmt":"2018-06-27T20:27:23","slug":"gefahr-fuer-badegaeste-badeseen-und-talsperren-auf-multiresistente-keime-testen","status":"publish","type":"post","link":"https:\/\/www.schiebener.net\/wordpress\/gefahr-fuer-badegaeste-badeseen-und-talsperren-auf-multiresistente-keime-testen\/","title":{"rendered":"Gefahr f\u00fcr Badeg\u00e4ste? Badeseen und Talsperren auf multiresistente Keime testen!"},"content":{"rendered":"<figure id=\"attachment_35759\" aria-describedby=\"caption-attachment-35759\" style=\"width: 700px\" class=\"wp-caption aligncenter\"><a href=\"https:\/\/www.schiebener.net\/wordpress\/wp-content\/uploads\/2016\/07\/BerghauserBucht20160711.jpg\"><img loading=\"lazy\" decoding=\"async\" class=\"size-full wp-image-35759\" src=\"https:\/\/www.schiebener.net\/wordpress\/wp-content\/uploads\/2016\/07\/BerghauserBucht20160711.jpg\" alt=\"\" width=\"700\" height=\"467\" srcset=\"https:\/\/www.schiebener.net\/wordpress\/wp-content\/uploads\/2016\/07\/BerghauserBucht20160711.jpg 700w, https:\/\/www.schiebener.net\/wordpress\/wp-content\/uploads\/2016\/07\/BerghauserBucht20160711-300x200.jpg 300w\" sizes=\"auto, (max-width: 709px) 85vw, (max-width: 909px) 67vw, (max-width: 984px) 61vw, (max-width: 1362px) 45vw, 600px\" \/><\/a><figcaption id=\"caption-attachment-35759\" class=\"wp-caption-text\">Angst vor multiresistenten Keimen? Berghauser Badebucht am Hennesee. (archivfoto: zoom)<\/figcaption><\/figure>\n<p><strong>Analog zum Antrag vom 24.05.2018 der Fraktion B\u00fcndnis 90\/Die Gr\u00fcnen im Kreistag von Minden-L\u00fcbbecke beantragte die Kreistagsfraktion Sauerl\u00e4nder B\u00fcrgerliste (SBL\/FW) am 12.06.2018 einen etwas ungew\u00f6hnlich anmutenden Tagesordnungspunkt in der n\u00e4chsten Sitzung des Kreistages aufzunehmen.<\/strong><\/p>\n<p><em>(Der Artikel ist gestern zuerst <a href=\"http:\/\/sbl-fraktion.de\/?p=8518\" target=\"_blank\" rel=\"noopener\">auf der Website der Sauerl\u00e4nder B\u00fcrgerliste<\/a> erschienen.)<\/em><\/p>\n<p>Es geht um die \u00dcberpr\u00fcfung der Badeseen\/Talsperren im Hochsauerlandkreis auf multiresistente Keime.<\/p>\n<p>Der Beschlussvorschlag sollte lauten:<\/p>\n<blockquote><p>Die Kreisverwaltung wird beauftragt eine umgehende, vollst\u00e4ndige und transparente \u00dcberpr\u00fcfung der Badeseen\/Talsperren im Hochsauerlandkreis auf multiresistente Keime durchzuf\u00fchren und diese Daten zu ver\u00f6ffentlichen.<\/p><\/blockquote>\n<p><strong>Beunruhigende Untersuchungsergebnisse \u2026 auch im Einzugsgebiet der Ruhr<\/strong><\/p>\n<p>Die SBL\/FW-Fraktion begr\u00fcndete und erl\u00e4uterte ihren Antrag folgenderma\u00dfen:<\/p>\n<p>\u201eAktuellen Presseberichten zufolge sind Gew\u00e4sser in NRW mit multiresistenten Keimen belastet.<\/p>\n<p>Die NRZ zitierte in einem Artikel vom 25.05.2018 Paul Kr\u00f6fges vom Umweltverband BUND:<br \/>\nKeimbelastete G\u00fclle w\u00fcrde auf Feldern ausgebracht \u2013 \u201eund der n\u00e4chste Regen w\u00e4scht sie dann aus\u201c. So gelangten die Keime in B\u00e4che und andere Gew\u00e4sser.<\/p>\n<p>Die NRZ berichtet weiter, Wissenschaftler von der Ruhr-Universit\u00e4t Bochum h\u00e4tten nun multiresistente Keime in Wasserproben nachgewiesen, die Resistenzen gegen Reserve-Antibiotika aufweisen. Auch der Badesee Heidweiher sei mit multiresistenten Kolibakterienbelastet gewesen. (Die Wissenschaftler der Ruhr-Universit\u00e4t Bochum untersuchten laut NRZ Proben aus verschiedenen B\u00e4chen im Kreis Borken.)<\/p>\n<p><strong>Klick:<\/strong><br \/>\n<a href=\"https:\/\/www.nrz.de\/region\/resistente-keime-in-nrw-gewaessern-gefunden-id214391787.html\" target=\"_blank\" rel=\"noopener\">https:\/\/www.nrz.de\/region\/resistente-keime-in-nrw-gewaessern-gefunden-id214391787.html<\/a><\/p>\n<p>Die SBL\/FW-Fraktion hatte sich bekanntlich am 10.04.2018 mit der Anfrage \u201eQualit\u00e4t der Gew\u00e4sser im Hochsauerlandkreis\u201c an den Landrat gewandt. In der umfangreichen Antwort der Kreisverwaltung mit Datum vom 24.04.2018 hei\u00dft es u.a., eine aktuelle Einsch\u00e4tzung zum \u00f6kologischen Potenzial der Talsperren im HSK sei nicht bekannt. Wir gehen daher davon aus, dass auch \u00fcber die Belastung unserer Gew\u00e4sser mit multiresistenten Keimen offiziell wenig bekannt ist.<\/p>\n<p>Nach den vorstehenden Ausz\u00fcgen aus dem NRZ-Bericht und aus der Antwort Ihrer Verwaltung zitieren wir nun aus der Antrags-Begr\u00fcndung der Fraktion B\u00fcndnis 90\/Die Gr\u00fcnen im Kreistag von Minden-L\u00fcbbecke zur \u00dcberpr\u00fcfung der Badeseen auf multiresistente Keime.<\/p>\n<p>\u201eBei Tests von Wasser aus nieders\u00e4chsischen Badeseen sind in allen Proben multiresistente Keime gefunden worden. Aber auch in NRW haben Journalisten k\u00fcrzlich in der Ruhr, dem Kemnader und dem Baldeneysee mehrere multiresistente Erreger entdeckt. Es wurden Erreger gefunden, die gegen bis zu sechs Antibiotika resistent sind, und zwar auch gegen wichtige Notfall-Antibiotika.\u201c<\/p>\n<p>Die Fraktion B\u00fcndnis 90\/Die Gr\u00fcnen im Kreistag von Minden-L\u00fcbbecke schreibt weiter, die schwarz-gelbe Landesregierung wolle die Gew\u00e4sser in NRW aber erst 2019 auf diese gef\u00e4hrlichen Erreger \u00fcberpr\u00fcfen und erkl\u00e4rt, multiresistente Keime k\u00f6nnten zu schweren Erkrankungen f\u00fchren. Auch wenn diese Erreger bei gesunden Menschen nicht unmittelbar eine Erkrankung ausl\u00f6sten, k\u00f6nnten sie sich im Darm ansiedeln und zu einem sp\u00e4teren Zeitpunkt eine Infektion verursachen.<\/p>\n<p>Eine Kontrolle erst 2019 vorzunehmen, wie die schwarz-gelbe Landesregierung es plane, sei v\u00f6llig inakzeptabel. Es w\u00e4re nicht ausreichend, eine Informations\u00fcbersicht f\u00fcr Badeg\u00e4ste zusammen zustellen, um beispielsweise geschw\u00e4chte Menschen auf das Infektionsrisiko hinzuweisen. Und es sei nicht ausreichend nur auf Grundlage der EU-Richtlinie zu Badegew\u00e4ssern aus dem Jahr 2006 zu pr\u00fcfen. Diese gebe nur zwei mikrobiologische Parameter f\u00fcr die Kontrollen vor, die R\u00fcckschl\u00fcsse auf die Gew\u00e4sserqualit\u00e4t und die damit verbundene Gefahr von Krankheiten wie Durchfall oder Erbrechen zulassen. Eine Pr\u00fcfung auf multiresistente Keime schriebe die EU-Richtlinie f\u00fcr Badegew\u00e4sser nicht vor und w\u00fcrde deshalb bislang nicht durchgef\u00fchrt.<\/p>\n<p>Um f\u00fcr die Menschen einen verantwortlichen Gesundheitsschutz zu gew\u00e4hrleisten, h\u00e4lt die Fraktion B\u00fcndnis 90\/Die Gr\u00fcnen im Kreistag von Minden-L\u00fcbbecke eine entsprechende und sofortige \u00dcberpr\u00fcfung der Badeseen f\u00fcr notwendig.<\/p>\n<p>Dieser Auffassung schlie\u00dft sich unsere Fraktion an!\u201c<\/p>\n<p><strong>Am Donnerstag (28.06.) steht dieser Antrag bereits im Umweltausschuss des HSK auf der Tagesordnung.<\/strong><\/p>\n","protected":false},"excerpt":{"rendered":"<p>Analog zum Antrag vom 24.05.2018 der Fraktion B\u00fcndnis 90\/Die Gr\u00fcnen im Kreistag von Minden-L\u00fcbbecke beantragte die Kreistagsfraktion Sauerl\u00e4nder B\u00fcrgerliste (SBL\/FW) am 12.06.2018 einen etwas ungew\u00f6hnlich anmutenden Tagesordnungspunkt in der n\u00e4chsten &hellip; <a href=\"https:\/\/www.schiebener.net\/wordpress\/gefahr-fuer-badegaeste-badeseen-und-talsperren-auf-multiresistente-keime-testen\/\" class=\"more-link\"><span class=\"screen-reader-text\">\u201eGefahr f\u00fcr Badeg\u00e4ste? Badeseen und Talsperren auf multiresistente Keime testen!\u201c <\/span>weiterlesen<\/a><\/p>\n","protected":false},"author":17,"featured_media":0,"comment_status":"open","ping_status":"open","sticky":false,"template":"","format":"standard","meta":{"footnotes":""},"categories":[80,24,549],"tags":[7564,494,7566,7563,6854,7565,3209],"class_list":["post-41473","post","type-post","status-publish","format-standard","hentry","category-lokales","category-politik","category-umwelt","tag-badeseen","tag-kreistag-meschede","tag-kreistag-minden-luebbecke","tag-multiresistente-keime","tag-sauerlaender-buergerliste-sblfw","tag-talsperren","tag-umweltausschuss"],"_links":{"self":[{"href":"https:\/\/www.schiebener.net\/wordpress\/wp-json\/wp\/v2\/posts\/41473","targetHints":{"allow":["GET"]}}],"collection":[{"href":"https:\/\/www.schiebener.net\/wordpress\/wp-json\/wp\/v2\/posts"}],"about":[{"href":"https:\/\/www.schiebener.net\/wordpress\/wp-json\/wp\/v2\/types\/post"}],"author":[{"embeddable":true,"href":"https:\/\/www.schiebener.net\/wordpress\/wp-json\/wp\/v2\/users\/17"}],"replies":[{"embeddable":true,"href":"https:\/\/www.schiebener.net\/wordpress\/wp-json\/wp\/v2\/comments?post=41473"}],"version-history":[{"count":0,"href":"https:\/\/www.schiebener.net\/wordpress\/wp-json\/wp\/v2\/posts\/41473\/revisions"}],"wp:attachment":[{"href":"https:\/\/www.schiebener.net\/wordpress\/wp-json\/wp\/v2\/media?parent=41473"}],"wp:term":[{"taxonomy":"category","embeddable":true,"href":"https:\/\/www.schiebener.net\/wordpress\/wp-json\/wp\/v2\/categories?post=41473"},{"taxonomy":"post_tag","embeddable":true,"href":"https:\/\/www.schiebener.net\/wordpress\/wp-json\/wp\/v2\/tags?post=41473"}],"curies":[{"name":"wp","href":"https:\/\/api.w.org\/{rel}","templated":true}]}}