{"id":41379,"date":"2018-06-13T21:35:13","date_gmt":"2018-06-13T20:35:13","guid":{"rendered":"https:\/\/www.schiebener.net\/wordpress\/?p=41379"},"modified":"2018-06-13T21:35:13","modified_gmt":"2018-06-13T20:35:13","slug":"pressemitteilung-sommerfest-der-spd-niedersfeld-hildfeld","status":"publish","type":"post","link":"https:\/\/www.schiebener.net\/wordpress\/pressemitteilung-sommerfest-der-spd-niedersfeld-hildfeld\/","title":{"rendered":"Pressemitteilung: Sommerfest der SPD Niedersfeld-Hildfeld"},"content":{"rendered":"<p><img loading=\"lazy\" decoding=\"async\" class=\"aligncenter size-full wp-image-41380\" src=\"https:\/\/www.schiebener.net\/wordpress\/wp-content\/uploads\/2018\/06\/SommerfestPlakat20180623.jpg\" alt=\"\" width=\"700\" height=\"990\" srcset=\"https:\/\/www.schiebener.net\/wordpress\/wp-content\/uploads\/2018\/06\/SommerfestPlakat20180623.jpg 700w, https:\/\/www.schiebener.net\/wordpress\/wp-content\/uploads\/2018\/06\/SommerfestPlakat20180623-212x300.jpg 212w\" sizes=\"auto, (max-width: 709px) 85vw, (max-width: 909px) 67vw, (max-width: 984px) 61vw, (max-width: 1362px) 45vw, 600px\" \/><strong>Das Sommerfest des SPD Ortsvereins Hilletal findet am Samstag den 23. Juni ab 14:00 Uhr am Josefshaus in der Ortsmitte von Niedersfeld statt.<\/strong><\/p>\n<p><em>(Pressemitteilung der SPD Winterberg)<\/em><\/p>\n<p>Auf dem Programm stehen am fr\u00fchen Nachmittag die Ehrungen langj\u00e4hriger Parteimitglieder.<\/p>\n<p>Neben den traditionellen Kartoffeln aus der Buchenglut, zu denen es leckere Grillw\u00fcrstchen vom heimischen Metzger gibt, wird auch wieder hausgebackener Kuchen und Kaffee angeboten.<\/p>\n<p>F\u00fcr unsere kleinen G\u00e4ste stehen Spiele und Unterhaltung auf dem Programm. Bei hoffentlich sommerlichen Temperaturen freuen sich die Organisatoren schon jetzt, zahlreiche G\u00e4ste zu einem geselligen Nachmittag mit interessanten Gespr\u00e4chen und dem ein oder anderen erfrischenden Getr\u00e4nk begr\u00fc\u00dfen zu d\u00fcrfen.<\/p>\n","protected":false},"excerpt":{"rendered":"<p>Das Sommerfest des SPD Ortsvereins Hilletal findet am Samstag den 23. Juni ab 14:00 Uhr am Josefshaus in der Ortsmitte von Niedersfeld statt. (Pressemitteilung der SPD Winterberg) Auf dem Programm &hellip; <a href=\"https:\/\/www.schiebener.net\/wordpress\/pressemitteilung-sommerfest-der-spd-niedersfeld-hildfeld\/\" class=\"more-link\"><span class=\"screen-reader-text\">\u201ePressemitteilung: Sommerfest der SPD Niedersfeld-Hildfeld\u201c <\/span>weiterlesen<\/a><\/p>\n","protected":false},"author":17,"featured_media":0,"comment_status":"open","ping_status":"open","sticky":false,"template":"","format":"standard","meta":{"footnotes":""},"categories":[303,80,1043],"tags":[655,7540,7539,1980],"class_list":["post-41379","post","type-post","status-publish","format-standard","hentry","category-in-unserem-briefkasten","category-lokales","category-pressemitteilungen","tag-pressemitteilung","tag-sommerfest","tag-spd-hilletal","tag-spd-winterberg"],"_links":{"self":[{"href":"https:\/\/www.schiebener.net\/wordpress\/wp-json\/wp\/v2\/posts\/41379","targetHints":{"allow":["GET"]}}],"collection":[{"href":"https:\/\/www.schiebener.net\/wordpress\/wp-json\/wp\/v2\/posts"}],"about":[{"href":"https:\/\/www.schiebener.net\/wordpress\/wp-json\/wp\/v2\/types\/post"}],"author":[{"embeddable":true,"href":"https:\/\/www.schiebener.net\/wordpress\/wp-json\/wp\/v2\/users\/17"}],"replies":[{"embeddable":true,"href":"https:\/\/www.schiebener.net\/wordpress\/wp-json\/wp\/v2\/comments?post=41379"}],"version-history":[{"count":0,"href":"https:\/\/www.schiebener.net\/wordpress\/wp-json\/wp\/v2\/posts\/41379\/revisions"}],"wp:attachment":[{"href":"https:\/\/www.schiebener.net\/wordpress\/wp-json\/wp\/v2\/media?parent=41379"}],"wp:term":[{"taxonomy":"category","embeddable":true,"href":"https:\/\/www.schiebener.net\/wordpress\/wp-json\/wp\/v2\/categories?post=41379"},{"taxonomy":"post_tag","embeddable":true,"href":"https:\/\/www.schiebener.net\/wordpress\/wp-json\/wp\/v2\/tags?post=41379"}],"curies":[{"name":"wp","href":"https:\/\/api.w.org\/{rel}","templated":true}]}}