{"id":41222,"date":"2018-05-23T19:23:11","date_gmt":"2018-05-23T18:23:11","guid":{"rendered":"https:\/\/www.schiebener.net\/wordpress\/?p=41222"},"modified":"2018-05-23T19:23:11","modified_gmt":"2018-05-23T18:23:11","slug":"sauerlandkurier-veroeffentlicht-am-19-05-2018-dubiosen-leserbrief-eines-freundes-der-afd-anfrage-zu-schwerbehinderten-in-deutschland","status":"publish","type":"post","link":"https:\/\/www.schiebener.net\/wordpress\/sauerlandkurier-veroeffentlicht-am-19-05-2018-dubiosen-leserbrief-eines-freundes-der-afd-anfrage-zu-schwerbehinderten-in-deutschland\/","title":{"rendered":"Sauerlandkurier ver\u00f6ffentlicht am 19.05.2018 dubiosen Leserbrief eines Freundes der AfD-Anfrage zu &#8222;Schwerbehinderten in Deutschland&#8220;"},"content":{"rendered":"<p><strong>In der Wochenendausgabe vom 19. Mai 2018 ver\u00f6ffentlichte die kostenlose, werbefinanzierte Zeitung \u201eSauerlandkurier\u201c den mehrspaltigen Leserbrief[1] eines mutma\u00dflichen AfD-Anh\u00e4ngers, in der dieser die menschenverachtende Kleine Anfrage der AfD \u201eSchwerbehinderte in Deutschland\u201c[2] mit gro\u00dfem rhetorischen \u201eGeschwurbel\u201c und Demagogie verteidigt.<\/strong><\/p>\n<p>Der Autor arbeitet sich mit einem sehr langen Text an einer Stellungnahme der SPD[3] ab, die am 24. April 2018 in eben diesem Sauerlandkurier erschienen war.<\/p>\n<p>Auch unser Blog hatte die Pressemitteilung der SPD am 16. April 2018 ver\u00f6ffentlicht[4].<\/p>\n<p>Zu dem oben genannten Leserbrief haben wir heute die folgende Zuschrift erhalten (VerfasserIn ist der Redaktion bekannt):<\/p>\n<p>&#8212;&#8212;&#8212;&#8212;&#8212;&#8212;&#8212;&#8212;&#8212;&#8212;&#8212;&#8212;&#8212;&#8212;&#8212;&#8212;&#8212;<\/p>\n<blockquote><p>Hat der Sauerlandkurier seinen Leserbriefschreiber Hengsbach eigentlich gefragt, wie er es anstellen m\u00f6chte, &#8222;dass (schwer)behinderte Menschen&#8220;, die nach seiner Auffassung &#8222;w\u00fcnschen, dass alles M\u00f6gliche daf\u00fcr getan wird, dass in Zukunft den Menschen ein Schicksal, wie es Ihnen selbst beschieden ist, erspart bleibt&#8220;?<\/p>\n<p>Was schl\u00e4gt er vor? T\u00f6tung behinderter Menschen? Nein, davon wird er sich vehement distanzieren. Allein die Frage h\u00e4lt er sicher f\u00fcr eine abstruse Unterstellung.<\/p>\n<p>Also (Zwangs-)Sterilisierung? Das doch mindestens, denn ansonsten h\u00e4tte die Anfrage der AfD zu Daten \u00fcber vererbte Behinderung, die der Leserbriefschreiber des Sauerlandkuriers unterst\u00fctzt, gar keinen Sinn.<\/p>\n<p>In der Tat werden hier Erinnerungen an das dunkelste Kapitel deutscher Geschichte wach, als in sogenannten Euthanasieprogrammen Menschen mit Behinderungen als &#8222;unwertes Leben&#8220; bezeichnet und in Krankenh\u00e4usern und Kliniken im ganzen Land zu Tode gespritzt oder zwangssterilisiert wurden.<\/p>\n<p>Der Sauerlandkurier r\u00e4umt diesem Leserbrief vier Spalten ein, die eine halbe Seite umfassen. Im besten Fall hat der Sauerlandkurier nicht verstanden, worauf H.-G. Hengsbach hinaus will, im schlechtesten Fall teilt der Sauerlandkurier seine Auffassung. Das allerdings kann ich mir nicht vorstellen.<\/p><\/blockquote>\n<p>&#8212;&#8212;&#8212;&#8212;&#8212;&#8212;&#8212;&#8212;&#8212;&#8212;&#8212;&#8212;&#8212;&#8212;&#8212;&#8211;<\/p>\n<p><em>[1]Leserbrief 19. Mai 2018 im E-Paper des SK<\/p>\n<p><a href=\"https:\/\/epaper.sauerlandkurier.de\/bkbackoffice\/getcatalog.do?catalogId=159101#page_26\" target=\"_blank\" rel=\"noopener\">https:\/\/epaper.sauerlandkurier.de\/bkbackoffice\/getcatalog.do?catalogId=159101#page_26<\/a><\/p>\n<p>[2]Link zur Anfrage der AfD<\/p>\n<p><a href=\"http:\/\/dipbt.bundestag.de\/dip21\/btd\/19\/014\/1901444.pdf\" target=\"_blank\" rel=\"noopener\">http:\/\/dipbt.bundestag.de\/dip21\/btd\/19\/014\/1901444.pdf<\/a><\/p>\n<p>[3]Artikel \u201eMenschenverachtend\u201c vom 28. April 2018 im E-Paper des SK<\/p>\n<p><a href=\"https:\/\/epaper.sauerlandkurier.de\/bkbackoffice\/getcatalog.do?catalogId=157638#page_40\" target=\"_blank\" rel=\"noopener\">https:\/\/epaper.sauerlandkurier.de\/bkbackoffice\/getcatalog.do?catalogId=157638#page_40<\/a><\/p>\n<p>[4]Artikel im Blog<\/p>\n<p><a href=\"https:\/\/www.schiebener.net\/wordpress\/afd-stellt-menschenverachtende-kleine-anfrage-zu-schwerbehinderten-in-deutschland\/\" target=\"_blank\" rel=\"noopener\">https:\/\/www.schiebener.net\/wordpress\/afd-stellt-menschenverachtende-kleine-anfrage-zu-schwerbehinderten-in-deutschland\/<\/a><\/em><\/p>\n","protected":false},"excerpt":{"rendered":"<p>In der Wochenendausgabe vom 19. Mai 2018 ver\u00f6ffentlichte die kostenlose, werbefinanzierte Zeitung \u201eSauerlandkurier\u201c den mehrspaltigen Leserbrief[1] eines mutma\u00dflichen AfD-Anh\u00e4ngers, in der dieser die menschenverachtende Kleine Anfrage der AfD \u201eSchwerbehinderte in &hellip; <a href=\"https:\/\/www.schiebener.net\/wordpress\/sauerlandkurier-veroeffentlicht-am-19-05-2018-dubiosen-leserbrief-eines-freundes-der-afd-anfrage-zu-schwerbehinderten-in-deutschland\/\" class=\"more-link\"><span class=\"screen-reader-text\">\u201eSauerlandkurier ver\u00f6ffentlicht am 19.05.2018 dubiosen Leserbrief eines Freundes der AfD-Anfrage zu &#8222;Schwerbehinderten in Deutschland&#8220;\u201c <\/span>weiterlesen<\/a><\/p>\n","protected":false},"author":17,"featured_media":0,"comment_status":"open","ping_status":"open","sticky":false,"template":"","format":"standard","meta":{"footnotes":""},"categories":[303,80,32,24,1043,6314],"tags":[4271,3984,2468,1018],"class_list":["post-41222","post","type-post","status-publish","format-standard","hentry","category-in-unserem-briefkasten","category-lokales","category-medien","category-politik","category-pressemitteilungen","category-rechtsextremismus","tag-afd","tag-kleine-anfrage","tag-leserbrief","tag-sauerlandkurier"],"_links":{"self":[{"href":"https:\/\/www.schiebener.net\/wordpress\/wp-json\/wp\/v2\/posts\/41222","targetHints":{"allow":["GET"]}}],"collection":[{"href":"https:\/\/www.schiebener.net\/wordpress\/wp-json\/wp\/v2\/posts"}],"about":[{"href":"https:\/\/www.schiebener.net\/wordpress\/wp-json\/wp\/v2\/types\/post"}],"author":[{"embeddable":true,"href":"https:\/\/www.schiebener.net\/wordpress\/wp-json\/wp\/v2\/users\/17"}],"replies":[{"embeddable":true,"href":"https:\/\/www.schiebener.net\/wordpress\/wp-json\/wp\/v2\/comments?post=41222"}],"version-history":[{"count":0,"href":"https:\/\/www.schiebener.net\/wordpress\/wp-json\/wp\/v2\/posts\/41222\/revisions"}],"wp:attachment":[{"href":"https:\/\/www.schiebener.net\/wordpress\/wp-json\/wp\/v2\/media?parent=41222"}],"wp:term":[{"taxonomy":"category","embeddable":true,"href":"https:\/\/www.schiebener.net\/wordpress\/wp-json\/wp\/v2\/categories?post=41222"},{"taxonomy":"post_tag","embeddable":true,"href":"https:\/\/www.schiebener.net\/wordpress\/wp-json\/wp\/v2\/tags?post=41222"}],"curies":[{"name":"wp","href":"https:\/\/api.w.org\/{rel}","templated":true}]}}