{"id":41028,"date":"2018-05-03T22:13:15","date_gmt":"2018-05-03T21:13:15","guid":{"rendered":"https:\/\/www.schiebener.net\/wordpress\/?p=41028"},"modified":"2018-05-08T18:50:14","modified_gmt":"2018-05-08T17:50:14","slug":"in-memoriam-carl-v-ossietzky-03-10-1889-04-05-1938","status":"publish","type":"post","link":"https:\/\/www.schiebener.net\/wordpress\/in-memoriam-carl-v-ossietzky-03-10-1889-04-05-1938\/","title":{"rendered":"In Memoriam Carl v. Ossietzky &#8211; *03.10.1889 &middot; &dagger;04.05.1938"},"content":{"rendered":"<p><strong><a href=\"https:\/\/de.wikipedia.org\/wiki\/Carl_von_Ossietzky\" target=\"_blank\" rel=\"noopener\">Carl von Ossietzky<\/a> (* 3. Oktober 1889 in Hamburg; \u2020 4. Mai 1938 in Berlin) war ein deutscher Journalist, Schriftsteller und Pazifist. (&#8230;)<\/strong><\/p>\n<p><iframe loading=\"lazy\" width=\"480\" height=\"270\" src=\"https:\/\/www.youtube-nocookie.com\/embed\/0vmlejv3G_Y?rel=0\" frameborder=\"0\" allow=\"autoplay; encrypted-media\" allowfullscreen><\/iframe><\/p>\n<blockquote><p><a href=\"https:\/\/www.zeit.de\/1971\/44\/ossietzky\" target=\"_blank\" rel=\"noopener\">Die Zeit (Dietrich Strothmann)<\/a>, 29.10.1971 | Aktualisiert 22.11.2012<\/p>\n<p><strong>Ossietzky<\/strong><\/p>\n<p>Carl von Ossietzky (1889\u20131938) war der dritte Deutsche, dem \u2013 im November 1936 \u2013 der Friedens-Nobelpreis zugesprochen wurde. Er war aber der erste Preistr\u00e4ger, der die Ehrung als Gefangener erhielt. Als \u201eOssi\u201c, wie ihn seine Freunde von der \u201eWeltb\u00fchne\u201c nannten, das Telegramm aus Oslo empfing, war er nur eine Nummer: H\u00e4ftling Nr. 562.<\/p>\n<p>Zuvor war er \u201eschwerkrank\u201c \u2013 zusammengeschlagen \u2013 aus dem KZ-Moorlager Papenburg-Esterwege im Emsland in ein Berliner Gef\u00e4ngnislager gebracht worden. Hermann G\u00f6ring soll ihn f\u00fcr einen monatlichen Judas-Lohn von 500,\u2013 Mark zu \u00fcberreden versucht haben, den Preis auszuschlagen. Doch noch in diesem Augenblick hielt Ossietzky zu seiner Fahne, getreu einem Wort, das er im Februar 1933 sich und seinen Gef\u00e4hrten gegeben hatte: \u201eWir werden keine Konzessionen machen und \u00fcberall dort, wo ein Ge\u00dfler-Hut aufgesteckt wird, in schweigender Verachtung vor\u00fcbergehen.\u201c<\/p><\/blockquote>\n<p>\u00bb <a href=\"https:\/\/archive.org\/details\/AssallPaulDerNameDenDasWeltgewissenSprachWarSeinerOssietzky\" target=\"_blank\" rel=\"noopener\">Der Name, den das Weltgewissen sprach, war seiner: Carl von Ossietzky<\/a><br \/>\nRadioFeature von Paul Assall | SWR (SWF) | 1979 | 50:41 Min.<\/p>\n<p>\u00bb <a href=\"https:\/\/www.neues-deutschland.de\/artikel\/1087159.carl-von-ossietzky-unuebertroffene-zivilcourage.html\" target=\"_blank\" rel=\"noopener\">Un\u00fcbertroffene Zivilcourage | Vor 80 Jahren starb der Publizist Carl von Ossietzky<\/a><br \/>\nNeues Deutschland, 03.\/04.05.2018<\/p>\n<p>\u00bb <a href=\"http:\/\/www.textlog.de\/tucholsky-carl-ossietzky.html\" target=\"_blank\" rel=\"noopener\">F\u00fcr Carl v. Ossietzky<\/a><br \/>\nKurt Tucholsky, Die Weltb\u00fchne, 17.05.1932<\/p>\n","protected":false},"excerpt":{"rendered":"<p>Carl von Ossietzky (* 3. Oktober 1889 in Hamburg; \u2020 4. Mai 1938 in Berlin) war ein deutscher Journalist, Schriftsteller und Pazifist. (&#8230;) Die Zeit (Dietrich Strothmann), 29.10.1971 | Aktualisiert &hellip; <a href=\"https:\/\/www.schiebener.net\/wordpress\/in-memoriam-carl-v-ossietzky-03-10-1889-04-05-1938\/\" class=\"more-link\"><span class=\"screen-reader-text\">\u201eIn Memoriam Carl v. Ossietzky &#8211; *03.10.1889 &middot; &dagger;04.05.1938\u201c <\/span>weiterlesen<\/a><\/p>\n","protected":false},"author":64,"featured_media":0,"comment_status":"open","ping_status":"open","sticky":false,"template":"","format":"standard","meta":{"footnotes":""},"categories":[319,83,674,854,32,24,6314],"tags":[7321],"class_list":["post-41028","post","type-post","status-publish","format-standard","hentry","category-geschichte","category-hamburg-allgemein","category-kultur","category-kunst","category-medien","category-politik","category-rechtsextremismus","tag-carl-von-ossietzky"],"_links":{"self":[{"href":"https:\/\/www.schiebener.net\/wordpress\/wp-json\/wp\/v2\/posts\/41028","targetHints":{"allow":["GET"]}}],"collection":[{"href":"https:\/\/www.schiebener.net\/wordpress\/wp-json\/wp\/v2\/posts"}],"about":[{"href":"https:\/\/www.schiebener.net\/wordpress\/wp-json\/wp\/v2\/types\/post"}],"author":[{"embeddable":true,"href":"https:\/\/www.schiebener.net\/wordpress\/wp-json\/wp\/v2\/users\/64"}],"replies":[{"embeddable":true,"href":"https:\/\/www.schiebener.net\/wordpress\/wp-json\/wp\/v2\/comments?post=41028"}],"version-history":[{"count":0,"href":"https:\/\/www.schiebener.net\/wordpress\/wp-json\/wp\/v2\/posts\/41028\/revisions"}],"wp:attachment":[{"href":"https:\/\/www.schiebener.net\/wordpress\/wp-json\/wp\/v2\/media?parent=41028"}],"wp:term":[{"taxonomy":"category","embeddable":true,"href":"https:\/\/www.schiebener.net\/wordpress\/wp-json\/wp\/v2\/categories?post=41028"},{"taxonomy":"post_tag","embeddable":true,"href":"https:\/\/www.schiebener.net\/wordpress\/wp-json\/wp\/v2\/tags?post=41028"}],"curies":[{"name":"wp","href":"https:\/\/api.w.org\/{rel}","templated":true}]}}