{"id":41022,"date":"2018-05-03T20:25:24","date_gmt":"2018-05-03T19:25:24","guid":{"rendered":"https:\/\/www.schiebener.net\/wordpress\/?p=41022"},"modified":"2018-05-03T20:44:25","modified_gmt":"2018-05-03T19:44:25","slug":"medebach-niederlaendischer-radfahrer-bei-verkehrsunfall-schwer-verletzt","status":"publish","type":"post","link":"https:\/\/www.schiebener.net\/wordpress\/medebach-niederlaendischer-radfahrer-bei-verkehrsunfall-schwer-verletzt\/","title":{"rendered":"Medebach: Niederl\u00e4ndischer Radfahrer bei Verkehrsunfall schwer verletzt"},"content":{"rendered":"<figure id=\"attachment_18090\" aria-describedby=\"caption-attachment-18090\" style=\"width: 512px\" class=\"wp-caption aligncenter\"><img loading=\"lazy\" decoding=\"async\" class=\"size-full wp-image-18090\" src=\"https:\/\/www.schiebener.net\/wordpress\/wp-content\/uploads\/2012\/05\/radstreckel742.jpg\" alt=\"Auch das erlebe ich: mein kleiner Horror auf dem Arbeitsweg (archiv: zoom)\" width=\"512\" height=\"289\" srcset=\"https:\/\/www.schiebener.net\/wordpress\/wp-content\/uploads\/2012\/05\/radstreckel742.jpg 512w, https:\/\/www.schiebener.net\/wordpress\/wp-content\/uploads\/2012\/05\/radstreckel742-300x169.jpg 300w\" sizes=\"auto, (max-width: 512px) 85vw, 512px\" \/><figcaption id=\"caption-attachment-18090\" class=\"wp-caption-text\">So erlebe ich den Verkehr auf meinen Strecken im HSK. Jeden Tag ein kleiner Horror. Die Landstra\u00dfe 742 zwischen Steinhelle und Wulmeringhausen (archivfoto: zoom)<\/figcaption><\/figure>\n<p><strong>Ich habe gerade unten stehende Polizeimeldung gelesen. Dazu drei Vorbemerkungen:<\/strong><\/p>\n<p>1. Der Pressesprecher der Polizei schreibt: &#8222;Hierbei kam es zu einer Kollision mit einem 45j\u00e4hrigen Radfahrer&#8220;.<\/p>\n<p>Wenn ich solche Satzkonstrukte ohne echtes Subjekt lese, geht mir die Hutschnur hoch. Der Zusammensto\u00df ist doch wohl nicht vom Himmel gefallen? Hat die Autofahrerin den Radfahrer beim Abbiegen \u00fcbersehen? Ist der Radfahrer eine Welle gefahren?<\/p>\n<p>Mit &#8222;es kam&#8220; erkl\u00e4rt der Pressesprecher nichts und vernebelt den Hergang. Oder sehe ich das falsch?<\/p>\n<p>2. Ich fahre seit \u00fcber 20 Jahren auf den Stra\u00dfen des Hochsauerlandes Rad und bin froh, dass ich noch lebe, denn das Hochsauerland ist zum Stra\u00dfenradfahren imo \u00fcberhaupt nicht geeignet: keine oder ungen\u00fcgende Radwege, aggressiver und respektloser Autoverkehr auf engen Stra\u00dfen.<\/p>\n<p>3. Gebt den Niederl\u00e4ndern ausreichend Geld, damit sie hier im Sauerland Radwege bauen. Die k\u00f6nnen das n\u00e4mlich. Wir anscheinend nicht.<\/p>\n<figure id=\"attachment_8297\" aria-describedby=\"caption-attachment-8297\" style=\"width: 640px\" class=\"wp-caption aligncenter\"><img loading=\"lazy\" decoding=\"async\" class=\"wp-image-8297 size-full\" src=\"https:\/\/www.schiebener.net\/wordpress\/wp-content\/uploads\/2010\/06\/cyclingl74220100626.png\" alt=\"\" width=\"640\" height=\"414\" srcset=\"https:\/\/www.schiebener.net\/wordpress\/wp-content\/uploads\/2010\/06\/cyclingl74220100626.png 640w, https:\/\/www.schiebener.net\/wordpress\/wp-content\/uploads\/2010\/06\/cyclingl74220100626-300x194.png 300w\" sizes=\"auto, (max-width: 709px) 85vw, (max-width: 909px) 67vw, (max-width: 984px) 61vw, (max-width: 1362px) 45vw, 600px\" \/><figcaption id=\"caption-attachment-8297\" class=\"wp-caption-text\">Radsportgruppe auf der L742 zwischen Wulmeringshausen und Brunskappel (archivfoto: zoom)<\/figcaption><\/figure>\n<p><strong><i>Medebach (<a href=\"https:\/\/www.presseportal.de\/blaulicht\/pm\/65847\/3931809\" target=\"_blank\" rel=\"noopener\">ots<\/a>)<\/i> &#8211; Am Dienstagabend ereignete sich gegen 18:30 Uhr auf der K56 zwischen Glindfeld und Medelon ein Verkehrsunfall, bei dem ein Radfahrer schwer verletzt wurde.<\/strong><\/p>\n<p>Eine 41j\u00e4hrige Fahrzeugf\u00fchrerin aus Medebach befuhr die K56 aus Richtung Medelon kommend in Richtung Glindfeld. In H\u00f6he eines alten Geh\u00f6fts beabsichtigte die Fahrzeugf\u00fchrerin nach links abzubiegen.<\/p>\n<p>Hierbei kam es [sic! zoom] zu einer Kollision mit einem 45j\u00e4hrigen Radfahrer aus den Niederlanden, der seinerseits die K56 in entgegengesetzte Richtung befuhr.<\/p>\n<p>Der Radfahrer wurde bei dem Verkehrsunfall schwer verletzt und mittels Rettungswagen ins Krankenhaus verbracht. Die Fahrbahn war f\u00fcr die Dauer der Unfallaufnahme komplett gesperrt. Am Pkw entstand ein Sachschaden in H\u00f6he von ca. 2000,00 Euro.<\/p>\n","protected":false},"excerpt":{"rendered":"<p>Ich habe gerade unten stehende Polizeimeldung gelesen. Dazu drei Vorbemerkungen: 1. Der Pressesprecher der Polizei schreibt: &#8222;Hierbei kam es zu einer Kollision mit einem 45j\u00e4hrigen Radfahrer&#8220;. Wenn ich solche Satzkonstrukte &hellip; <a href=\"https:\/\/www.schiebener.net\/wordpress\/medebach-niederlaendischer-radfahrer-bei-verkehrsunfall-schwer-verletzt\/\" class=\"more-link\"><span class=\"screen-reader-text\">\u201eMedebach: Niederl\u00e4ndischer Radfahrer bei Verkehrsunfall schwer verletzt\u201c <\/span>weiterlesen<\/a><\/p>\n","protected":false},"author":3,"featured_media":0,"comment_status":"open","ping_status":"open","sticky":false,"template":"","format":"standard","meta":{"footnotes":""},"categories":[80,2181,618],"tags":[835,1569,3782,1530],"class_list":["post-41022","post","type-post","status-publish","format-standard","hentry","category-lokales","category-polizeiberichte","category-verkehr","tag-hochsauerlandkreis","tag-polizeibericht","tag-radfahren","tag-unfall"],"_links":{"self":[{"href":"https:\/\/www.schiebener.net\/wordpress\/wp-json\/wp\/v2\/posts\/41022","targetHints":{"allow":["GET"]}}],"collection":[{"href":"https:\/\/www.schiebener.net\/wordpress\/wp-json\/wp\/v2\/posts"}],"about":[{"href":"https:\/\/www.schiebener.net\/wordpress\/wp-json\/wp\/v2\/types\/post"}],"author":[{"embeddable":true,"href":"https:\/\/www.schiebener.net\/wordpress\/wp-json\/wp\/v2\/users\/3"}],"replies":[{"embeddable":true,"href":"https:\/\/www.schiebener.net\/wordpress\/wp-json\/wp\/v2\/comments?post=41022"}],"version-history":[{"count":0,"href":"https:\/\/www.schiebener.net\/wordpress\/wp-json\/wp\/v2\/posts\/41022\/revisions"}],"wp:attachment":[{"href":"https:\/\/www.schiebener.net\/wordpress\/wp-json\/wp\/v2\/media?parent=41022"}],"wp:term":[{"taxonomy":"category","embeddable":true,"href":"https:\/\/www.schiebener.net\/wordpress\/wp-json\/wp\/v2\/categories?post=41022"},{"taxonomy":"post_tag","embeddable":true,"href":"https:\/\/www.schiebener.net\/wordpress\/wp-json\/wp\/v2\/tags?post=41022"}],"curies":[{"name":"wp","href":"https:\/\/api.w.org\/{rel}","templated":true}]}}