{"id":40968,"date":"2018-04-29T21:25:23","date_gmt":"2018-04-29T20:25:23","guid":{"rendered":"https:\/\/www.schiebener.net\/wordpress\/?p=40968"},"modified":"2018-04-29T21:30:41","modified_gmt":"2018-04-29T20:30:41","slug":"pressemitteilung-rentenerhoehung-beschlossen-spd-bundestagsfraktion-plant-weitere-verbesserungen","status":"publish","type":"post","link":"https:\/\/www.schiebener.net\/wordpress\/pressemitteilung-rentenerhoehung-beschlossen-spd-bundestagsfraktion-plant-weitere-verbesserungen\/","title":{"rendered":"Pressemitteilung: Rentenerh\u00f6hung beschlossen. SPD-Bundestagsfraktion plant weitere Verbesserungen"},"content":{"rendered":"<p><strong>In meinem Briefkasten liegt eine Pressemitteilung der SPD zur Rentenerh\u00f6hung. Auf den ersten Blick habe ich mich ge\u00e4rgert, auch wenn ich nat\u00fcrlich den Rentnerinnen und Rentnern eine Erh\u00f6hung der Renten g\u00f6nne.<\/strong><\/p>\n<p>Mein Problem mit der PM ist, dass Dirk Wiese mit keinem Wort die gescheiterte Riester-Rente erw\u00e4hnt, f\u00fcr die die SPD verantwortlich ist. Ich bin immer noch der Meinung, dass diese Riester-Rente ein Geschenk der SPD an die Finanzwirtschaft war. Die Renditen von Riester liegen weit unterhalb der Umlage-finanzierten staatlichen Renten.<\/p>\n<p>Da ich selbst jeden Monat einen erklecklichen Betrag, den ich lieber in die staatliche Rentenkasse einzahlen w\u00fcrde, als Riester Rente an eine private Bank zahle, betrifft mich die Pressemitteilung sehr pers\u00f6nlich.<\/p>\n<p>Solange die SPD sich um diese Leiche in ihrem Keller herumdr\u00fcckt, best\u00e4rkt sie imo die AfD.<\/p>\n<p>Dazu kommt, dass der neue Finanzminister Olaf Scholz (SPD) als schwarze Null Hartz IV nicht anpacken will.<\/p>\n<p>Ich mache mir Sorgen um die Sozialdemokratie. Die Geier (AfD) warten schon und Sarrazin (SPD) als Inkubator der AfD ist immer noch dabei.<\/p>\n<p>Wo soll das alles enden?<\/p>\n<p>Nach diesen pessimistischen Einsch\u00e4tzungen jetzt zur Pressemitteilung der SPD.<\/p>\n<p>&#8212;&#8212;&#8212;&#8212;&#8212;&#8212;&#8212;&#8212;&#8212;&#8212;&#8212;&#8212;&#8212;&#8212;&#8212;&#8212;&#8212;&#8212;&#8212;<\/p>\n<figure id=\"attachment_40568\" aria-describedby=\"caption-attachment-40568\" style=\"width: 191px\" class=\"wp-caption alignleft\"><a href=\"https:\/\/www.schiebener.net\/wordpress\/wp-content\/uploads\/2018\/03\/DW20180322.jpg\" target=\"_blank\" rel=\"noopener\"><img loading=\"lazy\" decoding=\"async\" class=\"wp-image-40568\" src=\"https:\/\/www.schiebener.net\/wordpress\/wp-content\/uploads\/2018\/03\/DW20180322-300x200.jpg\" alt=\"\" width=\"191\" height=\"127\" srcset=\"https:\/\/www.schiebener.net\/wordpress\/wp-content\/uploads\/2018\/03\/DW20180322-300x200.jpg 300w, https:\/\/www.schiebener.net\/wordpress\/wp-content\/uploads\/2018\/03\/DW20180322-768x512.jpg 768w, https:\/\/www.schiebener.net\/wordpress\/wp-content\/uploads\/2018\/03\/DW20180322.jpg 1024w\" sizes=\"auto, (max-width: 191px) 85vw, 191px\" \/><\/a><figcaption id=\"caption-attachment-40568\" class=\"wp-caption-text\">Sieht die Entwicklung der Renten optimistisch: Dirk Wiese (foto: spd)<\/figcaption><\/figure>\n<p><strong>Gute Nachrichten f\u00fcr \u00fcber 20 Millionen Rentnerinnen und Rentner: Die Bundesregierung hat heute beschlossen, die Renten zu erh\u00f6hen. Zum 1. Juli 2018 wird die Rente in Westdeutschland um 3,22 Prozent und in den neuen L\u00e4ndern sogar um 3,37 Prozent steigen.<\/strong><\/p>\n<p>Der heimische SPD-Bundestagsabgeordnete, Dirk Wiese, informiert zum Beschluss: \u201eDie SPD-Bundestagsfraktion hat sich erfolgreich daf\u00fcr stark gemacht, dass die Renten in Ost und West weiter aneinander angeglichen werden: Mit dem heutigen Beschluss des Kabinetts erreicht der Rentenwert im Osten ab 1. Juli 95,8 Prozent des Westwerts. Bis sp\u00e4testens 2024 sollen die Renten in den alten und neuen Bundesl\u00e4ndern dann gleich hoch sein. Wichtige Grundlage f\u00fcr die erfreuliche Entwicklung bei den Renten insgesamt sind die gute Situation auf dem Arbeitsmarkt und steigende L\u00f6hne.<\/p>\n<p>Wir werden die Weichen daf\u00fcr stellen, dass Renten auch k\u00fcnftig weiter z\u00fcgig steigen. Deshalb machen wir eine Politik f\u00fcr eine gute Entwicklung auf dem Arbeitsmarkt \u2013 denn nur mit einem hohen Besch\u00e4ftigungsstand und guten L\u00f6hnen gibt es auch eine gute Rente. Dazu haben wir ein ganzes B\u00fcndel an Ma\u00dfnahmen geschn\u00fcrt.<\/p>\n<p>Wir werden mit der Br\u00fcckenteilzeit daf\u00fcr sorgen, dass sich Familie und Beruf k\u00fcnftig besser unter einen Hut bringen lassen und st\u00e4rken damit berufst\u00e4tige Eltern. So verhindern wir, dass sie in die Teilzeitfalle geraten. Das bedeutet ein Lohnplus auf dem Gehaltskonto und sp\u00e4ter auf dem Rentenkonto. So wie wir mit dem gesetzlichen Mindestlohn die Einkommensentwicklung insgesamt verbessert haben, wollen wir auch die Situation von Berufsstartern weiter verbessern und eine Mindestausbildungsverg\u00fctung einf\u00fchren. Durch ein Fachkr\u00e4ftegesetz werden wir den Zuzug qualifizierter Arbeitskr\u00e4fte aus dem Ausland steuern und damit die wirtschaftliche Entwicklung und in der Folge die Lohnentwicklung in Deutschland voranbringen.<\/p>\n<p>Zugleich werden wir im Inland die Rahmenbedingungen f\u00fcr die Besch\u00e4ftigung \u00c4lterer verbessern und daf\u00fcr sorgen, dass Geringqualifizierte umf\u00e4nglicher weitergebildet werden als bisher, um dem Fachkr\u00e4ftemangel beizukommen und die Einkommenssituation dieser Menschen zu verbessern. Mit einem Recht auf Weiterbildungsberatung durch die Bundesagentur f\u00fcr Arbeit f\u00fcr alle Arbeitnehmerinnen und Arbeitnehmer und einer in sich stimmigen nationalen Weiterbildungsstrategie werden wir die Weiterbildungsprogramme des Bundes und der L\u00e4nder besser b\u00fcndeln. Zudem werden wir die Arbeitsbedingungen und die Bezahlung in den Pflegeberufen sp\u00fcrbar verbessern und die gesetzlichen Voraussetzungen daf\u00fcr schaffen, um in der Altenpflege leichter zu einem fl\u00e4chendeckend g\u00fcltigen Tarifvertrag zu kommen<\/p>\n<p>Mit all diesen Ma\u00dfnahmen machen wir uns nicht nur stark f\u00fcr gute Arbeit, sondern sorgen f\u00fcr eine verl\u00e4ssliche und gute Rente,\u201c betont Dirk Wiese.<\/p>\n<p>&#8212;&#8212;&#8212;&#8212;&#8212;&#8212;&#8212;&#8212;&#8212;&#8212;&#8212;&#8212;&#8212;&#8212;&#8212;&#8212;&#8212;&#8212;&#8212;<\/p>\n<p><em>Aktuelle Informationen vom Bundestagsabgeordneten Dirk Wiese sowie \u00fcber die SPD im Hochsauerland befinden sich im Internet unter <a href=\"http:\/\/www.dirkwiese.de\" target=\"_blank\" rel=\"noopener\">www.dirkwiese.de<\/a> und unter <a href=\"http:\/\/www.hsk-spd.de\" target=\"_blank\" rel=\"noopener\">www.hsk-spd.de <\/a><\/em><\/p>\n","protected":false},"excerpt":{"rendered":"<p>In meinem Briefkasten liegt eine Pressemitteilung der SPD zur Rentenerh\u00f6hung. Auf den ersten Blick habe ich mich ge\u00e4rgert, auch wenn ich nat\u00fcrlich den Rentnerinnen und Rentnern eine Erh\u00f6hung der Renten &hellip; <a href=\"https:\/\/www.schiebener.net\/wordpress\/pressemitteilung-rentenerhoehung-beschlossen-spd-bundestagsfraktion-plant-weitere-verbesserungen\/\" class=\"more-link\"><span class=\"screen-reader-text\">\u201ePressemitteilung: Rentenerh\u00f6hung beschlossen. SPD-Bundestagsfraktion plant weitere Verbesserungen\u201c <\/span>weiterlesen<\/a><\/p>\n","protected":false},"author":3,"featured_media":0,"comment_status":"open","ping_status":"open","sticky":false,"template":"","format":"standard","meta":{"footnotes":""},"categories":[3182,303,1043,4761],"tags":[94,3104,1158,655,268,243,13],"class_list":["post-40968","post","type-post","status-publish","format-standard","hentry","category-finanzen","category-in-unserem-briefkasten","category-pressemitteilungen","category-soziales","tag-agenda-2010","tag-dirk-wiese","tag-hartz-iv","tag-pressemitteilung","tag-rente","tag-riester","tag-spd"],"_links":{"self":[{"href":"https:\/\/www.schiebener.net\/wordpress\/wp-json\/wp\/v2\/posts\/40968","targetHints":{"allow":["GET"]}}],"collection":[{"href":"https:\/\/www.schiebener.net\/wordpress\/wp-json\/wp\/v2\/posts"}],"about":[{"href":"https:\/\/www.schiebener.net\/wordpress\/wp-json\/wp\/v2\/types\/post"}],"author":[{"embeddable":true,"href":"https:\/\/www.schiebener.net\/wordpress\/wp-json\/wp\/v2\/users\/3"}],"replies":[{"embeddable":true,"href":"https:\/\/www.schiebener.net\/wordpress\/wp-json\/wp\/v2\/comments?post=40968"}],"version-history":[{"count":0,"href":"https:\/\/www.schiebener.net\/wordpress\/wp-json\/wp\/v2\/posts\/40968\/revisions"}],"wp:attachment":[{"href":"https:\/\/www.schiebener.net\/wordpress\/wp-json\/wp\/v2\/media?parent=40968"}],"wp:term":[{"taxonomy":"category","embeddable":true,"href":"https:\/\/www.schiebener.net\/wordpress\/wp-json\/wp\/v2\/categories?post=40968"},{"taxonomy":"post_tag","embeddable":true,"href":"https:\/\/www.schiebener.net\/wordpress\/wp-json\/wp\/v2\/tags?post=40968"}],"curies":[{"name":"wp","href":"https:\/\/api.w.org\/{rel}","templated":true}]}}