{"id":40847,"date":"2018-04-17T20:59:21","date_gmt":"2018-04-17T19:59:21","guid":{"rendered":"https:\/\/www.schiebener.net\/wordpress\/?p=40847"},"modified":"2018-04-17T20:59:21","modified_gmt":"2018-04-17T19:59:21","slug":"manchmal-aerger-mit-den-pressemitteilungen-hier-spd","status":"publish","type":"post","link":"https:\/\/www.schiebener.net\/wordpress\/manchmal-aerger-mit-den-pressemitteilungen-hier-spd\/","title":{"rendered":"Manchmal \u00c4rger mit den Pressemitteilungen. Hier: SPD"},"content":{"rendered":"<p><img loading=\"lazy\" decoding=\"async\" class=\"aligncenter size-full wp-image-40850\" src=\"https:\/\/www.schiebener.net\/wordpress\/wp-content\/uploads\/2018\/04\/SPDErneuerung20180417.jpg\" alt=\"\" width=\"700\" height=\"525\" srcset=\"https:\/\/www.schiebener.net\/wordpress\/wp-content\/uploads\/2018\/04\/SPDErneuerung20180417.jpg 700w, https:\/\/www.schiebener.net\/wordpress\/wp-content\/uploads\/2018\/04\/SPDErneuerung20180417-300x225.jpg 300w\" sizes=\"auto, (max-width: 709px) 85vw, (max-width: 909px) 67vw, (max-width: 984px) 61vw, (max-width: 1362px) 45vw, 600px\" \/><strong>Manchmal \u00e4rgere ich mich \u00fcber Pressemitteilungen. Diesmal hat es die SPD erwischt. Ich beginne mit der Pressemitteilung, die ich vom SPD-Unterbezirk Hochsauerlandkreis am 10. April erhalten hatte:<\/strong><\/p>\n<blockquote><p><strong>PRESSEMITTEILUNG<\/strong><\/p>\n<p>Meschede, 17. April 2018<\/p>\n<p><strong>Sauerl\u00e4nder SPD diskutiert \u00fcber Erneuerung<\/strong><\/p>\n<p>Neben Berlin und D\u00fcsseldorf wird auch innerhalb der heimischen SPD intensiv die strukturelle und inhaltliche Erneuerung der Partei diskutiert. Aus diesem Anlass l\u00e4dt die SPD im Hochsauerlandkreis am 28. April zu einer partei\u00f6ffentlichen Erneuerungswerkstatt mit dem Titel \u201e#HSKSPDerneuern\u201c ein.<\/p>\n<p>An diesem Tag wird der Politikberater Erik Fl\u00fcgge (SPD) zu seiner Analyse und seinen Thesen referieren. Fl\u00fcgge ist 32 Jahre alt, Mitinhaber der Agentur SQUIRREL&amp;NUTS und der breiten Bev\u00f6lkerung als Autor des Buches \u201eDer Jargon der Betroffenheit\u201c bekannt, welches sich kritisch mit der Kirche befasst.<\/p>\n<p>Ebenso schonungslos ehrlich wie in diesem Buch h\u00e4lt er mit seiner 26-Seitigen Publikation \u201eSPD erneuern\u201c &#8211; die er kostenfrei auf seiner Webseite allen Mitgliedern zu Verf\u00fcgung stellt &#8211; seiner eigenen Partei den Spiegel vor.<\/p>\n<p>\u201eMit Erik Fl\u00fcgge konnten wir einen exzellenten Referenten, mit richtig guten Ideen und klaren Vorstellungen f\u00fcr die Partei gewinnen\u201c, freut sich der heimische Bundestagsabgeordnete und Vorsitzende der Sauerl\u00e4nder SPD, Dirk Wiese.<\/p>\n<p>Dem Impulsvortrag des Referenten folgt eine Diskussion mit den Teilnehmern aus der Partei zu Ideen und M\u00f6glichkeiten der Parteierneuerung. Der Veranstaltungsort ist das Mescheder Kreishaus.<\/p><\/blockquote>\n<p>Diese Veranstaltung interessiert mich brennend, aber da ich von der heimischen SPD schon mehrmals Pressemitteilungen erhalten hatte, zu der die \u00d6ffentlichkeit und damit auch die Presse nicht eingeladen war, wollte ich sicher gehen und schrieb am 15. April 2018 an die SPD:<\/p>\n<blockquote><p>&#8222;Sehr geehrter Herr &#8230;,<\/p>\n<p>sind a) \u00d6ffentlichkeit und\/oder b) Presse eingeladen?<\/p>\n<p>Mir freundlichen Gr\u00fc\u00dfen<br \/>\nHans J. Schiebener&#8220;<\/p><\/blockquote>\n<p>Daraufhin erhielt ich am 16. April folgende Antwort:<\/p>\n<blockquote><p>&#8222;Sehr geehrter Herr Schiebener,<\/p>\n<p>wie Sie der PM entnehmen k\u00f6nnen handelt es sich um eine Veranstaltung die partei\u00f6ffentlich stattfindet, somit ist es allen Mitgliedern der SPD m\u00f6glich auf dieser Veranstaltung offen \u00fcber die Erneuerung der SPD zu diskutieren.<\/p>\n<p>Viele Gr\u00fc\u00dfe, &#8230;&#8220;<\/p><\/blockquote>\n<p>Ich habe mich gefragt, aus welchem Grund mir der Pressereferent keine geradlinige Antwort auf meine Frage gibt. Er h\u00e4tte doch nur schreiben m\u00fcssen:<\/p>\n<p>a) die \u00d6ffentlichkeit und die Presse sind selbstverst\u00e4ndlich eingeladen<\/p>\n<p>oder<\/p>\n<p>b) die \u00d6ffentlichkeit und der Presse sind nicht eingeladen. Die Diskussion ist parteiintern.<\/p>\n<p>Da ich kein Parteimitglied bin und nicht wei\u00df, wie in Parteikreisen der SPD von den &#8222;T\u00fcrstehern&#8220; der Begriff &#8222;partei\u00f6ffentlich&#8220; interpretiert wird, habe ich am 16. April, also am gleichen Tag, zur\u00fcck geschrieben:<\/p>\n<blockquote><p>&#8222;Sehr geehrter Herr &#8230;,<\/p>\n<p>das habe ich schon verstanden.<\/p>\n<p>Hei\u00dft das im Umkehrschluss, dass Presse und \u00d6ffentlichkeit ausgeschlossen sind?<\/p>\n<p>Mit freundlichen Gr\u00fc\u00dfen<br \/>\nHans J. Schiebener&#8220;<\/p><\/blockquote>\n<p>Auf die Antwort warte ich noch &#8230;<\/p>\n<p>Meine Wunschantwort w\u00e4re:<\/p>\n<p>&#8222;Bitte entschuldigen Sie das Missverst\u00e4ndnis, selbstverst\u00e4ndlich sind gerade bei solchen wichtigen und interessanten Diskussionen \u00d6ffentlichkeit und Presse erw\u00fcnscht, denn die SPD ist eine offene Partei, die in die Gesellschaft hineinwirken will. Unsere Positionen und Diskussionen sollen so breit wie m\u00f6glich gestreut und diskutiert werden. Wir handeln stets im Sinne des Artikels 21 Absatz (1) des Grundgesetzes: Die Parteien wirken bei der politischen Willensbildung des Volkes mit. Ihre Gr\u00fcndung ist frei. Ihre innere Ordnung mu\u00df demokratischen Grunds\u00e4tzen entsprechen. Sie m\u00fcssen \u00fcber die Herkunft und Verwendung ihrer Mittel sowie \u00fcber ihr Verm\u00f6gen \u00f6ffentlich Rechenschaft geben.&#8220;<\/p>\n<p>Na ja, das mit dem Grundgesetz erwarte ich nicht gerade, aber so in die Richtung. <a href=\"https:\/\/www.bpb.de\/politik\/grundfragen\/deutsche-demokratie\/39317\/parteien?p=all\" target=\"_blank\" rel=\"noopener\">Bei der Bundeszentrale f\u00fcr politische Bildung lese ich<\/a>:<\/p>\n<p>&#8222;Keine politische Entscheidung wir ohne sie getroffen: Parteien sind das Bindeglied zwischen Staat und Gesellschaft. Sie genie\u00dfen Privilegien und m\u00fcssen deshalb auch bestimmten Anforderungen entsprechen.&#8220;<\/p>\n<p>Eine Gang runter geschaltet frage ich mich, aus welchem Grund ich eine Pressemitteilung zu einer Veranstaltung, zu der die Presse m\u00f6glicherweise nicht eingeladen ist, ver\u00f6ffentlichen soll.<\/p>\n<p>Nur um hinterher eine Pressemitteilung \u00fcber die nicht\u00f6ffentliche Veranstaltung zu erhalten, die nicht nachpr\u00fcfbar ist? Oder keine Pressemitteilung?<\/p>\n<p>Ich bin jetzt meine Gedanken losgeworden und warte auf Gegenargumente, Einw\u00e4nde und in geringem Ma\u00dfe auch auf Zuspruch.<\/p>\n","protected":false},"excerpt":{"rendered":"<p>Manchmal \u00e4rgere ich mich \u00fcber Pressemitteilungen. Diesmal hat es die SPD erwischt. Ich beginne mit der Pressemitteilung, die ich vom SPD-Unterbezirk Hochsauerlandkreis am 10. April erhalten hatte: PRESSEMITTEILUNG Meschede, 17. &hellip; <a href=\"https:\/\/www.schiebener.net\/wordpress\/manchmal-aerger-mit-den-pressemitteilungen-hier-spd\/\" class=\"more-link\"><span class=\"screen-reader-text\">\u201eManchmal \u00c4rger mit den Pressemitteilungen. Hier: SPD\u201c <\/span>weiterlesen<\/a><\/p>\n","protected":false},"author":3,"featured_media":0,"comment_status":"open","ping_status":"open","sticky":false,"template":"","format":"standard","meta":{"footnotes":""},"categories":[303,80,32,1043],"tags":[655,13],"class_list":["post-40847","post","type-post","status-publish","format-standard","hentry","category-in-unserem-briefkasten","category-lokales","category-medien","category-pressemitteilungen","tag-pressemitteilung","tag-spd"],"_links":{"self":[{"href":"https:\/\/www.schiebener.net\/wordpress\/wp-json\/wp\/v2\/posts\/40847","targetHints":{"allow":["GET"]}}],"collection":[{"href":"https:\/\/www.schiebener.net\/wordpress\/wp-json\/wp\/v2\/posts"}],"about":[{"href":"https:\/\/www.schiebener.net\/wordpress\/wp-json\/wp\/v2\/types\/post"}],"author":[{"embeddable":true,"href":"https:\/\/www.schiebener.net\/wordpress\/wp-json\/wp\/v2\/users\/3"}],"replies":[{"embeddable":true,"href":"https:\/\/www.schiebener.net\/wordpress\/wp-json\/wp\/v2\/comments?post=40847"}],"version-history":[{"count":0,"href":"https:\/\/www.schiebener.net\/wordpress\/wp-json\/wp\/v2\/posts\/40847\/revisions"}],"wp:attachment":[{"href":"https:\/\/www.schiebener.net\/wordpress\/wp-json\/wp\/v2\/media?parent=40847"}],"wp:term":[{"taxonomy":"category","embeddable":true,"href":"https:\/\/www.schiebener.net\/wordpress\/wp-json\/wp\/v2\/categories?post=40847"},{"taxonomy":"post_tag","embeddable":true,"href":"https:\/\/www.schiebener.net\/wordpress\/wp-json\/wp\/v2\/tags?post=40847"}],"curies":[{"name":"wp","href":"https:\/\/api.w.org\/{rel}","templated":true}]}}