{"id":40844,"date":"2018-04-16T18:13:28","date_gmt":"2018-04-16T17:13:28","guid":{"rendered":"https:\/\/www.schiebener.net\/wordpress\/?p=40844"},"modified":"2018-04-16T18:13:28","modified_gmt":"2018-04-16T17:13:28","slug":"afd-stellt-menschenverachtende-kleine-anfrage-zu-schwerbehinderten-in-deutschland","status":"publish","type":"post","link":"https:\/\/www.schiebener.net\/wordpress\/afd-stellt-menschenverachtende-kleine-anfrage-zu-schwerbehinderten-in-deutschland\/","title":{"rendered":"AfD stellt menschenverachtende Kleine Anfrage zu Schwerbehinderten in Deutschland"},"content":{"rendered":"<p><img loading=\"lazy\" decoding=\"async\" class=\"aligncenter size-full wp-image-40845\" src=\"https:\/\/www.schiebener.net\/wordpress\/wp-content\/uploads\/2018\/04\/KleineAnfrageAfD20180416.jpg\" alt=\"\" width=\"700\" height=\"467\" srcset=\"https:\/\/www.schiebener.net\/wordpress\/wp-content\/uploads\/2018\/04\/KleineAnfrageAfD20180416.jpg 700w, https:\/\/www.schiebener.net\/wordpress\/wp-content\/uploads\/2018\/04\/KleineAnfrageAfD20180416-300x200.jpg 300w\" sizes=\"auto, (max-width: 709px) 85vw, (max-width: 909px) 67vw, (max-width: 984px) 61vw, (max-width: 1362px) 45vw, 600px\" \/><strong>In einer kleinen Anfrage an die Bundesregierung will die AfD wissen, wie sich die Zahl der Schwerbehinderten seit 2012 entwickelt habe, \u201einsbesondere die durch Heirat innerhalb der Familie entstandenen\u201c und wie viele einen Migrationshintergrund h\u00e4tten. Allein die\u00a0 Fragestellung entbl\u00f6\u00dft das menschenverachtende Bild der AfD-Fraktion.<\/strong><\/p>\n<p><em>(Dirk Wiese, SPD-Bundestagsabgeordneter f\u00fcr den Hochsauerlandkreis in einer Presssemitteilung)<\/em><\/p>\n<p>\u201eDiese Kleine Anfrage ist ersch\u00fctternd und zutiefst menschenverachtend.\u201c<\/p>\n<p>Die AfD schreibt in ihrer Anfrage von der M\u00f6glichkeit, Behinderungen zu \u201avermeiden\u2019 und fragt nach Ursachen f\u00fcr Behinderung durch Heirat. Solche \u00c4u\u00dferungen verletzen die Menschenw\u00fcrde der Behinderten und zeigen die r\u00fcckw\u00e4rtsgewandte Gesinnung vieler AfD-Abgeordneter. Sie l\u00e4sst den alleinigen Schluss zu, dass das Leben von Menschen mit Behinderung in deren Augen \u201aunwertes Leben\u2018 ist und dass Menschen mit Behinderung und deren Eltern selber Schuld seien, wenn sie mit einer Behinderung leben m\u00fcssten.<\/p>\n<p>Die Kleine Anfrage weckt Erinnerungen an die dunkelste Zeit in unserer Geschichte. Auch in der NS-Zeit wurde von \u201aVermeidung von Behinderung\u2019 und ,lebensunwertem Leben\u2018 gesprochen.<\/p>\n<p>Dass sich solche \u00c4u\u00dferungen wiederholen, sollte uns alle aufr\u00fctteln und zeigt, dass wir immer wieder f\u00fcr eine Gesellschaft eintreten m\u00fcssen, in der jedes Leben lebenswert ist,\u201c steht Wiese hinter den klaren Worten von Ulla Schmidt und Kerstin Tack\u00a0.<\/p>\n<p>&#8212;&#8212;&#8212;&#8212;&#8212;&#8212;&#8212;&#8212;&#8212;&#8212;&#8212;&#8212;-<\/p>\n<p><em>Aktuelle Informationen vom Bundestagsabgeordneten Dirk Wiese sowie \u00fcber die SPD im Hochsauerland befinden sich im Internet unter <a href=\"http:\/\/www.dirkwiese.de\" target=\"_blank\" rel=\"noopener\">www.dirkwiese.de<\/a> und unter <a href=\"http:\/\/www.hsk-spd.de\" target=\"_blank\" rel=\"noopener\">www.hsk-spd.de<\/a> <\/em><\/p>\n","protected":false},"excerpt":{"rendered":"<p>In einer kleinen Anfrage an die Bundesregierung will die AfD wissen, wie sich die Zahl der Schwerbehinderten seit 2012 entwickelt habe, \u201einsbesondere die durch Heirat innerhalb der Familie entstandenen\u201c und &hellip; <a href=\"https:\/\/www.schiebener.net\/wordpress\/afd-stellt-menschenverachtende-kleine-anfrage-zu-schwerbehinderten-in-deutschland\/\" class=\"more-link\"><span class=\"screen-reader-text\">\u201eAfD stellt menschenverachtende Kleine Anfrage zu Schwerbehinderten in Deutschland\u201c <\/span>weiterlesen<\/a><\/p>\n","protected":false},"author":17,"featured_media":0,"comment_status":"open","ping_status":"open","sticky":false,"template":"","format":"standard","meta":{"footnotes":""},"categories":[319,303,1043,6314],"tags":[4271,2978,655,1460,13],"class_list":["post-40844","post","type-post","status-publish","format-standard","hentry","category-geschichte","category-in-unserem-briefkasten","category-pressemitteilungen","category-rechtsextremismus","tag-afd","tag-nazis","tag-pressemitteilung","tag-rechtsextremismus","tag-spd"],"_links":{"self":[{"href":"https:\/\/www.schiebener.net\/wordpress\/wp-json\/wp\/v2\/posts\/40844","targetHints":{"allow":["GET"]}}],"collection":[{"href":"https:\/\/www.schiebener.net\/wordpress\/wp-json\/wp\/v2\/posts"}],"about":[{"href":"https:\/\/www.schiebener.net\/wordpress\/wp-json\/wp\/v2\/types\/post"}],"author":[{"embeddable":true,"href":"https:\/\/www.schiebener.net\/wordpress\/wp-json\/wp\/v2\/users\/17"}],"replies":[{"embeddable":true,"href":"https:\/\/www.schiebener.net\/wordpress\/wp-json\/wp\/v2\/comments?post=40844"}],"version-history":[{"count":0,"href":"https:\/\/www.schiebener.net\/wordpress\/wp-json\/wp\/v2\/posts\/40844\/revisions"}],"wp:attachment":[{"href":"https:\/\/www.schiebener.net\/wordpress\/wp-json\/wp\/v2\/media?parent=40844"}],"wp:term":[{"taxonomy":"category","embeddable":true,"href":"https:\/\/www.schiebener.net\/wordpress\/wp-json\/wp\/v2\/categories?post=40844"},{"taxonomy":"post_tag","embeddable":true,"href":"https:\/\/www.schiebener.net\/wordpress\/wp-json\/wp\/v2\/tags?post=40844"}],"curies":[{"name":"wp","href":"https:\/\/api.w.org\/{rel}","templated":true}]}}