{"id":40783,"date":"2018-04-12T18:58:45","date_gmt":"2018-04-12T17:58:45","guid":{"rendered":"https:\/\/www.schiebener.net\/wordpress\/?p=40783"},"modified":"2018-04-12T18:58:45","modified_gmt":"2018-04-12T17:58:45","slug":"sauerlaender-spd-nominiert-birgit-sippel-erneut-fuer-das-europaeische-parlament","status":"publish","type":"post","link":"https:\/\/www.schiebener.net\/wordpress\/sauerlaender-spd-nominiert-birgit-sippel-erneut-fuer-das-europaeische-parlament\/","title":{"rendered":"Sauerl\u00e4nder SPD nominiert Birgit Sippel erneut f\u00fcr das Europ\u00e4ische Parlament"},"content":{"rendered":"<figure id=\"attachment_40784\" aria-describedby=\"caption-attachment-40784\" style=\"width: 700px\" class=\"wp-caption aligncenter\"><a href=\"https:\/\/www.schiebener.net\/wordpress\/wp-content\/uploads\/2018\/04\/BirgitSippel20180412.jpg\" target=\"_blank\" rel=\"noopener\"><img loading=\"lazy\" decoding=\"async\" class=\"wp-image-40784\" src=\"https:\/\/www.schiebener.net\/wordpress\/wp-content\/uploads\/2018\/04\/BirgitSippel20180412.jpg\" alt=\"\" width=\"700\" height=\"456\" srcset=\"https:\/\/www.schiebener.net\/wordpress\/wp-content\/uploads\/2018\/04\/BirgitSippel20180412.jpg 1024w, https:\/\/www.schiebener.net\/wordpress\/wp-content\/uploads\/2018\/04\/BirgitSippel20180412-300x195.jpg 300w, https:\/\/www.schiebener.net\/wordpress\/wp-content\/uploads\/2018\/04\/BirgitSippel20180412-768x500.jpg 768w\" sizes=\"auto, (max-width: 709px) 85vw, (max-width: 909px) 67vw, (max-width: 984px) 61vw, (max-width: 1362px) 45vw, 600px\" \/><\/a><figcaption id=\"caption-attachment-40784\" class=\"wp-caption-text\">Die Sauerl\u00e4nderin Birgit Sippel wird erneut f\u00fcr das Europaparlament kandidieren. (foto: spd)<\/figcaption><\/figure>\n<p><strong>Meschede. (spd_pm) Am Montag, dem 09. April 2018 hat der SPD Unterbezirk Hochsauerlandkreis die Europaabgeordnete Birgit Sippel erneut zur Kandidatur f\u00fcr das Europaparlament nominiert.<\/strong><\/p>\n<p>Dazu erkl\u00e4rt Birgit Sippel MdEP:<\/p>\n<blockquote><p>\u201eDie Europ\u00e4ische Union ist angesichts vieler Ver\u00e4nderungen so notwendig wie nie. Zugleich scheint Europa so gespalten wie nie zuvor. Die kommenden Monate und Jahre werden dar\u00fcber entscheiden, ob wir in der Lage sind, eine gute Zukunft f\u00fcr unsere B\u00fcrger_innen zu gestalten &#8211; oder ob wir scheitern. Ich will meine Erfahrungen und all mein Engagement f\u00fcr ein gutes Gelingen einbringen.<\/p>\n<p>F\u00fcr das mir entgegen gebrachte Vertrauen und vor allem f\u00fcr das so positive und eindeutige Abstimmungsergebnis, m\u00f6chte ich mich herzlich bedanken. Europa ist nicht weit weg. Wir im Hochsauerlandkreis sind Europa. Und dieses Europa will ich gemeinsam mit allen interessierten Menschen und f\u00fcr unsere B\u00fcrger_innen gestalten.\u201c<\/p><\/blockquote>\n<p>Die Sauerl\u00e4nderin Birgit Sippel ist seit 2009 Mitglied des Europ\u00e4ischen Parlaments und als Abgeordnete f\u00fcr S\u00fcdwestfalen unter anderem im Ausschuss f\u00fcr b\u00fcrgerliche Freiheiten, Justiz und Inneres t\u00e4tig.<\/p>\n","protected":false},"excerpt":{"rendered":"<p>Meschede. (spd_pm) Am Montag, dem 09. April 2018 hat der SPD Unterbezirk Hochsauerlandkreis die Europaabgeordnete Birgit Sippel erneut zur Kandidatur f\u00fcr das Europaparlament nominiert. Dazu erkl\u00e4rt Birgit Sippel MdEP: \u201eDie &hellip; <a href=\"https:\/\/www.schiebener.net\/wordpress\/sauerlaender-spd-nominiert-birgit-sippel-erneut-fuer-das-europaeische-parlament\/\" class=\"more-link\"><span class=\"screen-reader-text\">\u201eSauerl\u00e4nder SPD nominiert Birgit Sippel erneut f\u00fcr das Europ\u00e4ische Parlament\u201c <\/span>weiterlesen<\/a><\/p>\n","protected":false},"author":17,"featured_media":0,"comment_status":"open","ping_status":"open","sticky":false,"template":"","format":"standard","meta":{"footnotes":""},"categories":[303,80,24,1043],"tags":[519,2804,655,4682],"class_list":["post-40783","post","type-post","status-publish","format-standard","hentry","category-in-unserem-briefkasten","category-lokales","category-politik","category-pressemitteilungen","tag-birgit-sippel","tag-europaparlament","tag-pressemitteilung","tag-spd-hsk"],"_links":{"self":[{"href":"https:\/\/www.schiebener.net\/wordpress\/wp-json\/wp\/v2\/posts\/40783","targetHints":{"allow":["GET"]}}],"collection":[{"href":"https:\/\/www.schiebener.net\/wordpress\/wp-json\/wp\/v2\/posts"}],"about":[{"href":"https:\/\/www.schiebener.net\/wordpress\/wp-json\/wp\/v2\/types\/post"}],"author":[{"embeddable":true,"href":"https:\/\/www.schiebener.net\/wordpress\/wp-json\/wp\/v2\/users\/17"}],"replies":[{"embeddable":true,"href":"https:\/\/www.schiebener.net\/wordpress\/wp-json\/wp\/v2\/comments?post=40783"}],"version-history":[{"count":0,"href":"https:\/\/www.schiebener.net\/wordpress\/wp-json\/wp\/v2\/posts\/40783\/revisions"}],"wp:attachment":[{"href":"https:\/\/www.schiebener.net\/wordpress\/wp-json\/wp\/v2\/media?parent=40783"}],"wp:term":[{"taxonomy":"category","embeddable":true,"href":"https:\/\/www.schiebener.net\/wordpress\/wp-json\/wp\/v2\/categories?post=40783"},{"taxonomy":"post_tag","embeddable":true,"href":"https:\/\/www.schiebener.net\/wordpress\/wp-json\/wp\/v2\/tags?post=40783"}],"curies":[{"name":"wp","href":"https:\/\/api.w.org\/{rel}","templated":true}]}}