{"id":40781,"date":"2018-04-11T21:29:23","date_gmt":"2018-04-11T20:29:23","guid":{"rendered":"https:\/\/www.schiebener.net\/wordpress\/?p=40781"},"modified":"2018-04-11T21:29:23","modified_gmt":"2018-04-11T20:29:23","slug":"zahl-der-schueler-an-privaten-ersatzschulen-in-nrw-auf-162-600-gestiegen","status":"publish","type":"post","link":"https:\/\/www.schiebener.net\/wordpress\/zahl-der-schueler-an-privaten-ersatzschulen-in-nrw-auf-162-600-gestiegen\/","title":{"rendered":"Zahl der Sch\u00fcler an privaten Ersatzschulen in NRW auf 162 600 gestiegen"},"content":{"rendered":"<p><strong>D\u00fcsseldorf <abbr title=\"Information und Technik Nordrhein-Westfalen\"><span class=\"abbr\" title=\"Information und Technik Nordrhein-Westfalen\">(<a href=\"https:\/\/www.it.nrw.de\/presse\/pressemitteilungen\/2018\/pres_098_18.html\" target=\"_blank\" rel=\"noopener\">IT.NRW<\/a>).<\/span><\/abbr> 162\u00a0584 Sch\u00fclerinnen und Sch\u00fcler in Nordrhein-Westfalen besuchen im zurzeit laufenden Schuljahr private Ersatzschulen. Wie Information und Technik Nordrhein-Westfalen als amtliche Statistikstelle des Landes mitteilt, sind das 8,5\u00a0Prozent aller 1,9\u00a0Millionen Sch\u00fcler an allgemeinbildenden Schulen (ohne Weiterbildungskollegs).<\/strong><\/p>\n<p>W\u00e4hrend die gesamte Sch\u00fclerzahl gegen\u00fcber dem vorherigen Schuljahr (2016\/17) um 0,6\u00a0Prozent gesunken ist, erh\u00f6hte sich die Zahl der Sch\u00fcler an privaten Ersatzschulen um 0,6\u00a0Prozent. Besonders hoch ist der Anteil an Privatsch\u00fclern bei den 519\u00a0798 Gymnasiasten: Zurzeit werden 16,7\u00a0Prozent an privaten Gymnasien unterrichtet. Bei den 307\u00a0975 Gesamtsch\u00fclern bel\u00e4uft sich der Anteil auf 4,5\u00a0Prozent.<\/p>\n<table border=\"\" summary=\"Sch\u00fcler\/-innen an privaten Ersatzschulen in Nordrhein-Westfalen\" cellpadding=\"5\">\n<thead>\n<tr>\n<th colspan=\"5\" align=\"center\" valign=\"middle\">Sch\u00fcler\/-innen an privaten Ersatzschulen in Nordrhein-Westfalen<\/th>\n<\/tr>\n<tr>\n<th rowspan=\"3\" align=\"center\" valign=\"middle\">Schulform<\/th>\n<th colspan=\"4\" align=\"center\" valign=\"middle\">Schuljahr<\/th>\n<\/tr>\n<tr>\n<th align=\"center\" valign=\"middle\">2007\/08<\/th>\n<th align=\"center\" valign=\"middle\">2016\/17<\/th>\n<th colspan=\"2\" align=\"center\" valign=\"middle\">2017\/18<\/th>\n<\/tr>\n<tr>\n<th colspan=\"3\" align=\"center\" valign=\"middle\">Anzahl<\/th>\n<th align=\"center\" valign=\"middle\">Anteil<sup>1)<\/sup><br \/>\nin Prozent<\/th>\n<\/tr>\n<\/thead>\n<tfoot>\n<tr>\n<td colspan=\"5\">1) an der Gesamtzahl der Sch\u00fclerinnen und Sch\u00fcler \u00f6ffentlicher und privater Schulen<br \/>\n2) im Bereich Grund- und Hauptschule<br \/>\n3) <abbr title=\"einschlie\u00dflich\"><span class=\"abbr\" title=\"einschlie\u00dflich\">einschl.<\/span><\/abbr> Volksschule; ohne Weiterbildungskollegs<\/td>\n<\/tr>\n<\/tfoot>\n<tbody>\n<tr>\n<th align=\"left\">\u00a0\u00a0Grundschule<\/th>\n<td align=\"right\">\u00a04\u00a0891<\/td>\n<td align=\"right\">\u00a08\u00a0187<\/td>\n<td align=\"right\">\u00a08\u00a0551<\/td>\n<td align=\"right\">1,4<\/td>\n<\/tr>\n<tr>\n<th align=\"left\">\u00a0\u00a0Hauptschule<\/th>\n<td align=\"right\">\u00a01\u00a0316<\/td>\n<td align=\"right\">\u00a01\u00a0412<\/td>\n<td align=\"right\">\u00a01\u00a0335<\/td>\n<td align=\"right\">1,5<\/td>\n<\/tr>\n<tr>\n<th align=\"left\">\u00a0\u00a0F\u00f6rderschule<sup>2)<\/sup><\/th>\n<td align=\"right\">\u00a07\u00a0522<\/td>\n<td align=\"right\">\u00a07\u00a0880<\/td>\n<td align=\"right\">\u00a08\u00a0137<\/td>\n<td align=\"right\">10,6<\/td>\n<\/tr>\n<tr>\n<th align=\"left\">\u00a0\u00a0Realschule<\/th>\n<td align=\"right\">\u00a023\u00a0043<\/td>\n<td align=\"right\">\u00a021\u00a0817<\/td>\n<td align=\"right\">\u00a021\u00a0115<\/td>\n<td align=\"right\">9,0<\/td>\n<\/tr>\n<tr>\n<th align=\"left\">\u00a0\u00a0Sekundarschule<\/th>\n<td align=\"right\">\u2013<\/td>\n<td align=\"right\">\u00a02\u00a0742<\/td>\n<td align=\"right\">\u00a03\u00a0596<\/td>\n<td align=\"right\">7,1<\/td>\n<\/tr>\n<tr>\n<th align=\"left\">\u00a0\u00a0Gesamtschule<\/th>\n<td align=\"right\">\u00a08\u00a0899<\/td>\n<td align=\"right\">\u00a011\u00a0761<\/td>\n<td align=\"right\">\u00a012\u00a0783<\/td>\n<td align=\"right\">4,3<\/td>\n<\/tr>\n<tr>\n<th align=\"left\">\u00a0\u00a0Freie Waldorfschule<\/th>\n<td align=\"right\">\u00a018\u00a0216<\/td>\n<td align=\"right\">\u00a018\u00a0256<\/td>\n<td align=\"right\">\u00a018\u00a0388<\/td>\n<td align=\"right\">100,0<\/td>\n<\/tr>\n<tr>\n<th align=\"left\">\u00a0\u00a0Gymnasium<\/th>\n<td align=\"right\">\u00a095\u00a0629<\/td>\n<td align=\"right\">\u00a087\u00a0909<\/td>\n<td align=\"right\">\u00a087\u00a0388<\/td>\n<td align=\"right\">16,6<\/td>\n<\/tr>\n<tr class=\"bold\">\n<th align=\"left\">Allgemeinbildende<br \/>\nSchulen Insgesamt<sup>3)<\/sup><\/th>\n<td align=\"right\">\u00a0159\u00a0987<\/td>\n<td align=\"right\">\u00a0160\u00a0274<\/td>\n<td align=\"right\">\u00a0161\u00a0578<\/td>\n<td align=\"right\">8,4<\/td>\n<\/tr>\n<\/tbody>\n<\/table>\n<p>Wie die Statistiker mitteilen, handelt es sich bei den hier betrachteten privaten Ersatzschulen um staatlich genehmigte Schulen in freier Tr\u00e4gerschaft <abbr title=\"zum Beispiel\"><span class=\"abbr\" title=\"zum Beispiel\">(z. B.<\/span><\/abbr> evangelische oder katholische Tr\u00e4ger; Freie Waldorfschulen), die als verfassungsgem\u00e4\u00dfer Ersatz f\u00fcr \u00f6ffentliche Schulen grunds\u00e4tzlich die gleichen Unterrichtsinhalte bieten und in der Regel staatliche Pr\u00fcfungen abnehmen \u2013 die sog. privaten Erg\u00e4nzungsschulen werden in der amtlichen Statistik nicht erfasst. <abbr title=\"Information und Technik Nordrhein-Westfalen\"><span class=\"abbr\" title=\"Information und Technik Nordrhein-Westfalen\">(IT.NRW)<\/span><\/abbr><\/p>\n<p>(098 \/ 18) D\u00fcsseldorf, den 11. April 2018<\/p>\n<ul>\n<li><a title=\"Pressemitteilung als PDF-Datei \u00f6ffnet in neuem Fenster\" href=\"https:\/\/www.it.nrw.de\/presse\/pressemitteilungen\/2018\/pdf\/98_18.pdf\" target=\"_blank\" rel=\"noopener\">Ergebnisse f\u00fcr Gemeinden, St\u00e4dte und Kreise<\/a><\/li>\n<li><a title=\"Pressemitteilung als PDF-Datei \u00f6ffnet in neuem Fenster\" href=\"https:\/\/www.it.nrw.de\/presse\/pressemitteilungen\/2018\/PressePdf\/p098_18.pdf\" target=\"_blank\" rel=\"noopener\">Download der Pressemitteilung als PDF-Datei<\/a><\/li>\n<\/ul>\n","protected":false},"excerpt":{"rendered":"<p>D\u00fcsseldorf (IT.NRW). 162\u00a0584 Sch\u00fclerinnen und Sch\u00fcler in Nordrhein-Westfalen besuchen im zurzeit laufenden Schuljahr private Ersatzschulen. Wie Information und Technik Nordrhein-Westfalen als amtliche Statistikstelle des Landes mitteilt, sind das 8,5\u00a0Prozent aller &hellip; <a href=\"https:\/\/www.schiebener.net\/wordpress\/zahl-der-schueler-an-privaten-ersatzschulen-in-nrw-auf-162-600-gestiegen\/\" class=\"more-link\"><span class=\"screen-reader-text\">\u201eZahl der Sch\u00fcler an privaten Ersatzschulen in NRW auf 162 600 gestiegen\u201c <\/span>weiterlesen<\/a><\/p>\n","protected":false},"author":17,"featured_media":0,"comment_status":"open","ping_status":"open","sticky":false,"template":"","format":"standard","meta":{"footnotes":""},"categories":[3,303,6413,1043],"tags":[1191,655,7410],"class_list":["post-40781","post","type-post","status-publish","format-standard","hentry","category-bildung-und-schule","category-in-unserem-briefkasten","category-nrw","category-pressemitteilungen","tag-itnrw","tag-pressemitteilung","tag-private-ersatzschulen"],"_links":{"self":[{"href":"https:\/\/www.schiebener.net\/wordpress\/wp-json\/wp\/v2\/posts\/40781","targetHints":{"allow":["GET"]}}],"collection":[{"href":"https:\/\/www.schiebener.net\/wordpress\/wp-json\/wp\/v2\/posts"}],"about":[{"href":"https:\/\/www.schiebener.net\/wordpress\/wp-json\/wp\/v2\/types\/post"}],"author":[{"embeddable":true,"href":"https:\/\/www.schiebener.net\/wordpress\/wp-json\/wp\/v2\/users\/17"}],"replies":[{"embeddable":true,"href":"https:\/\/www.schiebener.net\/wordpress\/wp-json\/wp\/v2\/comments?post=40781"}],"version-history":[{"count":0,"href":"https:\/\/www.schiebener.net\/wordpress\/wp-json\/wp\/v2\/posts\/40781\/revisions"}],"wp:attachment":[{"href":"https:\/\/www.schiebener.net\/wordpress\/wp-json\/wp\/v2\/media?parent=40781"}],"wp:term":[{"taxonomy":"category","embeddable":true,"href":"https:\/\/www.schiebener.net\/wordpress\/wp-json\/wp\/v2\/categories?post=40781"},{"taxonomy":"post_tag","embeddable":true,"href":"https:\/\/www.schiebener.net\/wordpress\/wp-json\/wp\/v2\/tags?post=40781"}],"curies":[{"name":"wp","href":"https:\/\/api.w.org\/{rel}","templated":true}]}}