{"id":40629,"date":"2018-03-27T23:12:21","date_gmt":"2018-03-27T22:12:21","guid":{"rendered":"https:\/\/www.schiebener.net\/wordpress\/?p=40629"},"modified":"2018-03-27T23:12:21","modified_gmt":"2018-03-27T22:12:21","slug":"hochsauerlandkreis-ziegenhoefe-die-x-te","status":"publish","type":"post","link":"https:\/\/www.schiebener.net\/wordpress\/hochsauerlandkreis-ziegenhoefe-die-x-te\/","title":{"rendered":"Hochsauerlandkreis: Ziegenh\u00f6fe, die x-te"},"content":{"rendered":"<h2>Kein Blumenpott<\/h2>\n<p><strong> Wahrscheinlich gehen wir ganz vielen Leuten auf den Wecker, speziell auch mit unseren penetranten Anfragen und Antr\u00e4gen zu den beiden ber\u00fchmt-ber\u00fcchtigten Ziegenh\u00f6fen im Hochsauerlandkreis. Aber schlie\u00dflich ist die Sauerl\u00e4nder B\u00fcrgerliste (SBL\/FW) ja auch nicht in den Kreistag gew\u00e4hlt worden, um einen Blumenpott f\u00fcr besondere Beliebtheit zu gewinnen.<\/strong><\/p>\n<p><em>(Der Artikel ist zuerst <a href=\"http:\/\/sbl-fraktion.de\/?p=8429\" target=\"_blank\" rel=\"noopener\">auf der Website der Sauerl\u00e4nder B\u00fcrgerliste<\/a> erschienen.)<\/em><\/p>\n<p><strong>Traurige Ber\u00fchmtheit<\/strong><br \/>\nDie Ziegenh\u00f6fe errangen auch ganz unabh\u00e4ngig von der SBL\/FW traurige Ber\u00fchmtheit. Z.B. berichtete am 22.03.2018 die WDR-Lokalzeit \u00fcber das Urteil im Verfahren um den \u201eTierqu\u00e4lhof\u201c bei Medebach. Siehe 2. Video unter \u201eKompakt\u201c!<\/p>\n<p><strong>Klick:<\/strong><br \/>\n<a href=\"https:\/\/www1.wdr.de\/mediathek\/video\/sendungen\/lokalzeit-suedwestfalen\/video-kompakt-21734.html\" target=\"_blank\" rel=\"noopener\">https:\/\/www1.wdr.de\/mediathek\/video\/sendungen\/lokalzeit-suedwestfalen\/video-kompakt-21734.html<\/a><\/p>\n<p><strong>Wiederholte Fragen<\/strong><br \/>\nUnd hier also hier der Text unserer x-ten Anfrage an den Landrat zu den Ziegenh\u00f6fen in Brilon und Medebach:<\/p>\n<blockquote><p>\u201eMeschede, 27.03.2018<\/p>\n<p>Anfrage gem\u00e4\u00df \u00a7 11 Abs. 1 der Gesch\u00e4ftsordnung des Kreistags<br \/>\nThema: Ermittlungen im Zusammenhang mit den Ziegenh\u00f6fen in Brilon und Medebach II<\/p>\n<p>Sehr geehrter Herr Landrat,<br \/>\nsehr geehrter Herr Ausschussvorsitzender,<\/p>\n<p>bezugnehmend auf die Anfrage unserer Fraktion \u201eErmittlungen im Zusammenhang mit den Ziegenh\u00f6fen in Brilon und Medebach\u201c vom 22.02.2018 und Ihr Antwortschreiben vom 14.03.2018 m\u00f6chten wir noch einmal auf die juristischen Verfahren um die Ziegenh\u00f6fe bei Medebach und Brilon eingehen und dazu erneut Fragen stellen.<\/p>\n<p>Sie schreiben, die Verfahren \u201eZiegenhof Medebach\u201c seien mit Zustimmung des zust\u00e4ndigen Amtsgerichts nach unterschiedlichen Rechtsgrundlagen eingestellt worden.<\/p>\n<p>1. Wir fragen: Um welche \u201eunterschiedlichen Rechtsgrundlagen\u201c handelt es sich dabei konkret und im Einzelnen?<\/p>\n<p>Sie schreiben, arbeitsrechtliche bzw. disziplinarrechtliche Konsequenzen (im Zusammenhang mit dem \u201eZiegenhof Medebach\u201c) w\u00fcrden gepr\u00fcft.<\/p>\n<p>2. Wir fragen: Wer hat gegen wen Pr\u00fcfungen veranlasst? Warum erfolgen die Pr\u00fcfungen? Wer f\u00fchrt sie durch? Wie lange werden sie sich noch hinziehen? Oder wurden sie bereits abgeschlossen? Wenn ja, mit welchen Ergebnissen und Konsequenzen?<\/p>\n<p>Bezogen auf unsere Frage nach eventuellen Verfahrens- und Folgekosten f\u00fcr Mitarbeiter\/innen der Kreisverwaltung schreiben Sie, es best\u00fcnde eine entsprechende Rechtsschutzversicherung. Die Kosten der von den Besch\u00e4ftigen beauftragen Rechtsbeist\u00e4nde w\u00fcrden dort zur Begleichung eingereicht<br \/>\n.<br \/>\n3. Wir fragen: Welche Kosten sind der Kreisverwaltung und\/oder ihren Mitarbeiter\/Innen im Zusammenhang mit dem Verfahren bzw. den Ermittlungen um den \u201eZiegenhof Medebach\u201c entstanden?<\/p>\n<p>Hinsichtlich der eingestellten Ermittlungen im Fall \u201eZiegenhof Brilon\u201c fragen wir:<\/p>\n<p>4. Hatten die staatsanwaltschaftlichen Ermittlungen im Fall des \u201eZiegenhofs Brilon\u201c irgendwelche Folgen f\u00fcr Mitarbeiter\/innen der Kreisverwaltung? Wenn ja, welche?<\/p>\n<p>5. Gibt es im Zusammenhang mit dem \u201eZiegenhof Brilon\u201c weitere Klagen oder Ermittlungen? Wenn ja, wer ist oder sind der oder die Kl\u00e4ger bzw. Antragsteller?\u201c<\/p><\/blockquote>\n<p>\u00dcber alles Weitere werden wir dann berichten \u2026<\/p>\n","protected":false},"excerpt":{"rendered":"<p>Kein Blumenpott Wahrscheinlich gehen wir ganz vielen Leuten auf den Wecker, speziell auch mit unseren penetranten Anfragen und Antr\u00e4gen zu den beiden ber\u00fchmt-ber\u00fcchtigten Ziegenh\u00f6fen im Hochsauerlandkreis. Aber schlie\u00dflich ist die &hellip; <a href=\"https:\/\/www.schiebener.net\/wordpress\/hochsauerlandkreis-ziegenhoefe-die-x-te\/\" class=\"more-link\"><span class=\"screen-reader-text\">\u201eHochsauerlandkreis: Ziegenh\u00f6fe, die x-te\u201c <\/span>weiterlesen<\/a><\/p>\n","protected":false},"author":17,"featured_media":0,"comment_status":"open","ping_status":"open","sticky":false,"template":"","format":"standard","meta":{"footnotes":""},"categories":[80,24,549],"tags":[6854,7376],"class_list":["post-40629","post","type-post","status-publish","format-standard","hentry","category-lokales","category-politik","category-umwelt","tag-sauerlaender-buergerliste-sblfw","tag-ziegenhof"],"_links":{"self":[{"href":"https:\/\/www.schiebener.net\/wordpress\/wp-json\/wp\/v2\/posts\/40629","targetHints":{"allow":["GET"]}}],"collection":[{"href":"https:\/\/www.schiebener.net\/wordpress\/wp-json\/wp\/v2\/posts"}],"about":[{"href":"https:\/\/www.schiebener.net\/wordpress\/wp-json\/wp\/v2\/types\/post"}],"author":[{"embeddable":true,"href":"https:\/\/www.schiebener.net\/wordpress\/wp-json\/wp\/v2\/users\/17"}],"replies":[{"embeddable":true,"href":"https:\/\/www.schiebener.net\/wordpress\/wp-json\/wp\/v2\/comments?post=40629"}],"version-history":[{"count":0,"href":"https:\/\/www.schiebener.net\/wordpress\/wp-json\/wp\/v2\/posts\/40629\/revisions"}],"wp:attachment":[{"href":"https:\/\/www.schiebener.net\/wordpress\/wp-json\/wp\/v2\/media?parent=40629"}],"wp:term":[{"taxonomy":"category","embeddable":true,"href":"https:\/\/www.schiebener.net\/wordpress\/wp-json\/wp\/v2\/categories?post=40629"},{"taxonomy":"post_tag","embeddable":true,"href":"https:\/\/www.schiebener.net\/wordpress\/wp-json\/wp\/v2\/tags?post=40629"}],"curies":[{"name":"wp","href":"https:\/\/api.w.org\/{rel}","templated":true}]}}