{"id":40529,"date":"2018-03-18T19:49:15","date_gmt":"2018-03-18T18:49:15","guid":{"rendered":"https:\/\/www.schiebener.net\/wordpress\/?p=40529"},"modified":"2018-03-18T19:49:15","modified_gmt":"2018-03-18T18:49:15","slug":"schuelercafe-des-jugendverbandes-die-falken-in-meschede-umfrage-zur-situation-von-schuelerinnen-und-schuelern","status":"publish","type":"post","link":"https:\/\/www.schiebener.net\/wordpress\/schuelercafe-des-jugendverbandes-die-falken-in-meschede-umfrage-zur-situation-von-schuelerinnen-und-schuelern\/","title":{"rendered":"Sch\u00fclercaf\u00e9 des Jugendverbandes Die Falken in Meschede: Umfrage zur Situation von Sch\u00fclerinnen und Sch\u00fclern"},"content":{"rendered":"<p><img loading=\"lazy\" decoding=\"async\" class=\"aligncenter size-full wp-image-40531\" src=\"https:\/\/www.schiebener.net\/wordpress\/wp-content\/uploads\/2018\/03\/DieFalken20180318.jpg\" alt=\"\" width=\"700\" height=\"755\" srcset=\"https:\/\/www.schiebener.net\/wordpress\/wp-content\/uploads\/2018\/03\/DieFalken20180318.jpg 700w, https:\/\/www.schiebener.net\/wordpress\/wp-content\/uploads\/2018\/03\/DieFalken20180318-278x300.jpg 278w\" sizes=\"auto, (max-width: 709px) 85vw, (max-width: 909px) 67vw, (max-width: 984px) 61vw, (max-width: 1362px) 45vw, 600px\" \/><strong>Meschede. (<a href=\"https:\/\/hskfalken.wordpress.com\/2018\/03\/17\/schuelercafe-im-maerz\/\" target=\"_blank\" rel=\"noopener\">falken_hsk<\/a>) Das n\u00e4chste Sch\u00fclercaf\u00e9 des Jugendverbandes Die Falken ist am\u00a0Sonntag, dem 25.3.,\u00a0von\u00a015 bis 19 Uhr\u00a0im Jugendzentrum Rockcaf\u00e9 in Meschede, Kolpingstra\u00dfe 18.<\/strong><\/p>\n<p>Die Gruppenleiter der Falken wollen mit einer Umfrage zur Situation von Sch\u00fclerinnen und Sch\u00fclern beginnen.<\/p>\n<p>\u201eDie Zeitungen berichteten vor Kurzem von einer drastisch gestiegenen Zahl von Schulverweigerern im Regierungsbezirk Arnsberg\u201c, so Jugendgruppenleiter Michael Hermes.<\/p>\n<p>\u201eDie kostenlose Schulausbildung bis zur Fachoberschul- oder Hochschulreife f\u00fcr <i>alle<\/i> Jungen und M\u00e4dchen ist eine demokratische Errungenschaft, die sie sich nicht einfach wieder zerst\u00f6ren lassen sollten.<\/p>\n<p>Wir wollen gemeinsam mit Sch\u00fclerinnen und Sch\u00fclern den Ursachen f\u00fcr Schulverweigerung auf den Grund gehen und sie \u00fcber ihre M\u00f6glichkeiten aufkl\u00e4ren.\u201c<\/p>\n","protected":false},"excerpt":{"rendered":"<p>Meschede. (falken_hsk) Das n\u00e4chste Sch\u00fclercaf\u00e9 des Jugendverbandes Die Falken ist am\u00a0Sonntag, dem 25.3.,\u00a0von\u00a015 bis 19 Uhr\u00a0im Jugendzentrum Rockcaf\u00e9 in Meschede, Kolpingstra\u00dfe 18. Die Gruppenleiter der Falken wollen mit einer Umfrage &hellip; <a href=\"https:\/\/www.schiebener.net\/wordpress\/schuelercafe-des-jugendverbandes-die-falken-in-meschede-umfrage-zur-situation-von-schuelerinnen-und-schuelern\/\" class=\"more-link\"><span class=\"screen-reader-text\">\u201eSch\u00fclercaf\u00e9 des Jugendverbandes Die Falken in Meschede: Umfrage zur Situation von Sch\u00fclerinnen und Sch\u00fclern\u201c <\/span>weiterlesen<\/a><\/p>\n","protected":false},"author":17,"featured_media":0,"comment_status":"open","ping_status":"open","sticky":false,"template":"","format":"standard","meta":{"footnotes":""},"categories":[3,303,80,1043],"tags":[6072,7350,7349,2983],"class_list":["post-40529","post","type-post","status-publish","format-standard","hentry","category-bildung-und-schule","category-in-unserem-briefkasten","category-lokales","category-pressemitteilungen","tag-falken-hsk","tag-regierungsbezirk-arnsberg","tag-schulverweigerer","tag-umfrage"],"_links":{"self":[{"href":"https:\/\/www.schiebener.net\/wordpress\/wp-json\/wp\/v2\/posts\/40529","targetHints":{"allow":["GET"]}}],"collection":[{"href":"https:\/\/www.schiebener.net\/wordpress\/wp-json\/wp\/v2\/posts"}],"about":[{"href":"https:\/\/www.schiebener.net\/wordpress\/wp-json\/wp\/v2\/types\/post"}],"author":[{"embeddable":true,"href":"https:\/\/www.schiebener.net\/wordpress\/wp-json\/wp\/v2\/users\/17"}],"replies":[{"embeddable":true,"href":"https:\/\/www.schiebener.net\/wordpress\/wp-json\/wp\/v2\/comments?post=40529"}],"version-history":[{"count":0,"href":"https:\/\/www.schiebener.net\/wordpress\/wp-json\/wp\/v2\/posts\/40529\/revisions"}],"wp:attachment":[{"href":"https:\/\/www.schiebener.net\/wordpress\/wp-json\/wp\/v2\/media?parent=40529"}],"wp:term":[{"taxonomy":"category","embeddable":true,"href":"https:\/\/www.schiebener.net\/wordpress\/wp-json\/wp\/v2\/categories?post=40529"},{"taxonomy":"post_tag","embeddable":true,"href":"https:\/\/www.schiebener.net\/wordpress\/wp-json\/wp\/v2\/tags?post=40529"}],"curies":[{"name":"wp","href":"https:\/\/api.w.org\/{rel}","templated":true}]}}