{"id":40486,"date":"2018-03-14T22:10:18","date_gmt":"2018-03-14T21:10:18","guid":{"rendered":"https:\/\/www.schiebener.net\/wordpress\/?p=40486"},"modified":"2018-03-14T22:10:18","modified_gmt":"2018-03-14T21:10:18","slug":"12-bis-25-maerz-2018-internationale-wochen-gegen-rassismus","status":"publish","type":"post","link":"https:\/\/www.schiebener.net\/wordpress\/12-bis-25-maerz-2018-internationale-wochen-gegen-rassismus\/","title":{"rendered":"12. bis 25. M\u00e4rz 2018: Internationale Wochen gegen Rassismus"},"content":{"rendered":"<p><a href=\"https:\/\/www.schiebener.net\/wordpress\/wp-content\/uploads\/2018\/03\/GegenRassismus20180314.jpg\"><img loading=\"lazy\" decoding=\"async\" src=\"https:\/\/www.schiebener.net\/wordpress\/wp-content\/uploads\/2018\/03\/GegenRassismus20180314.jpg\" alt=\"\" width=\"700\" height=\"525\" class=\"aligncenter size-full wp-image-40489\" srcset=\"https:\/\/www.schiebener.net\/wordpress\/wp-content\/uploads\/2018\/03\/GegenRassismus20180314.jpg 700w, https:\/\/www.schiebener.net\/wordpress\/wp-content\/uploads\/2018\/03\/GegenRassismus20180314-300x225.jpg 300w\" sizes=\"auto, (max-width: 709px) 85vw, (max-width: 909px) 67vw, (max-width: 984px) 61vw, (max-width: 1362px) 45vw, 600px\" \/><\/a><strong>An zwei Tagen (14.03. und 21.03.) beteiligen sich auch Meschede und die Kreistagsfraktion Sauerl\u00e4nder B\u00fcrgerliste (SBL\/FW) an den Internationale Wochen gegen Rassismus.<\/strong><\/p>\n<p><em>(Der Artikel ist in \u00e4hnlicher Form <a href=\"http:\/\/sbl-fraktion.de\/?p=8376\" rel=\"noopener\" target=\"_blank\">auf der Website der Sauerl\u00e4nder B\u00fcrgerliste<\/a> erschienen.)<\/em><\/p>\n<p><strong>Wann genau?<\/strong><br \/>\nAm Mittwoch dem 14.03. und am Mittwoch dem 21.03., jeweils in der Zeit von 10.00 Uhr bis 12.00 Uhr<\/p>\n<p><strong>Wo genau?<\/strong><br \/>\nIm Kreishaus in Meschede, Raum 253 (am 14.03.) und Raum 653 (am 21.03.)<\/p>\n<p><strong>Mit welchem Thema, welchem Projekt?<\/strong><br \/>\n\u201cWoran erkennen wir rechtsextremistische Symbole und wie gehen wir damit um?\u201d<br \/>\nSo nennen wir unsere beiden Workshops in Meschede.<br \/>\nDr. Ahmet Arslan diskutiert mit Sch\u00fclerinnen und Sch\u00fclern aller Schulformen \u00fcber fremdenfeindliche Hetze und Vorurteile und bietet Argumente und Tipps an, wie wir mit dem \u201eKrawall\u201c umgehen k\u00f6nnen.<br \/>\nAhmet Arslan und die SBL\/FW-Kreistagsfraktion freuen sich auf spannende und vielleicht auch kontroverse Gespr\u00e4che!<\/p>\n<p><strong>Anmeldungen\/Kontakt:<\/strong><br \/>\nSauerl\u00e4nder B\u00fcrgerliste (SBL\/FW), Steinstra\u00dfe 27, 59872 Meschede,<br \/>\nFon: 0291\/94-2104 und\/oder 02903\/449700, Email: gjoch-sbl-2018@gmx.de<\/p>\n<h4>INTERNATIONALE WOCHEN GEGEN RASSISMUS \u2013 12. \u2013 25. M\u00e4rz 2018<\/h4>\n<p>Die Veranstaltungsreihe wird koordiniert von der Stiftung f\u00fcr die Internationale Wochen gegen Rassismus<br \/>\nGesch\u00e4ftsstelle<br \/>\nGoebelstra\u00dfe 21 a<br \/>\n64293 Darmstadt<br \/>\nTelefon 06151-339971<br \/>\nTelefax 06151-3919740<br \/>\ninfo@stiftung-gegen-rassismus.de<br \/>\n<a href=\"http:\/\/internationale-wochen-gegen-rassismus.de\" target=\"_blank\" rel=\"noopener\">http:\/\/internationale-wochen-gegen-rassismus.de<\/a>\/<\/p>\n<p><strong>Veranstalter, Themen und Projekte der Aktionswochen sind beispielsweise:<\/strong><\/p>\n<ul>\n<li>VHS Aachen; Demokratiekonferenz<\/li>\n<li>UG Vielfalt in Tannenbusch, Bonn; Thema: Umgang mit Vielfalt<\/li>\n<li>Amt f\u00fcr Jugend und Familie Bielefeld; Thema: vorurteilsbewusster Umgang mit Sprache in Kitas<\/li>\n<li>Kommunales Integrationszentrum Bielefeld; Thema: Alltagsrassismus und gewaltloser Widerstand<\/li>\n<li>VHS Castrop-Rauxel; Thema: \u201eDas wird man wohl noch sagen d\u00fcrfen!\u201c<\/li>\n<li>Stadt Hanau; Thema: 50 St\u00e4dte \u2013 50 Spuren \u00b7 Eine Welt ohne Atomwaffen<\/li>\n<li>Jugendzentrum Stadt Kierspe; Elefanten im Haus \u2013 ein Projekt zum Thema Vorurteile<\/li>\n<li>Kreisintegrationszentrum Mettmann; Wettbewerb: Kreativ gegen Rassismus<\/li>\n<li>Kreistagsfraktion Sauerl\u00e4nder B\u00fcrgerliste, Meschede; Thema: Wie gehen wir mit rechten und rassistischen Parolen um?<\/li>\n<li>SV Marienschule M\u00fcnster; Karikaturen gegen Rassismus<\/li>\n<li>KAB Bezirksverband Olpe-Siegen; B\u00fchnenauff\u00fchrung \u201eFranz-Hitze-Lebensrevue\u201c<\/li>\n<li>Caritasverband Remscheid; Argumentationstraining gegen Stammtischparolen<\/li>\n<\/ul>\n<p>\u2026 und ganz viele und vieles mehr in Berlin, in Frankfurt, in M\u00fcnchen, in Rostock, in Stuttgart, zwischen Norden und S\u00fcden, Osten und Westen im gesamten Land.<\/p>\n<p><strong>Klick:<\/strong><br \/>\n<a href=\"http:\/\/internationale-wochen-gegen-rassismus.de\/events\/\" target=\"_blank\" rel=\"noopener\">http:\/\/internationale-wochen-gegen-rassismus.de\/events\/<\/a><\/p>\n","protected":false},"excerpt":{"rendered":"<p>An zwei Tagen (14.03. und 21.03.) beteiligen sich auch Meschede und die Kreistagsfraktion Sauerl\u00e4nder B\u00fcrgerliste (SBL\/FW) an den Internationale Wochen gegen Rassismus. (Der Artikel ist in \u00e4hnlicher Form auf der &hellip; <a href=\"https:\/\/www.schiebener.net\/wordpress\/12-bis-25-maerz-2018-internationale-wochen-gegen-rassismus\/\" class=\"more-link\"><span class=\"screen-reader-text\">\u201e12. bis 25. M\u00e4rz 2018: Internationale Wochen gegen Rassismus\u201c <\/span>weiterlesen<\/a><\/p>\n","protected":false},"author":17,"featured_media":0,"comment_status":"open","ping_status":"open","sticky":false,"template":"","format":"standard","meta":{"footnotes":""},"categories":[3,6658,80,6314],"tags":[5525,7342,3208,6854],"class_list":["post-40486","post","type-post","status-publish","format-standard","hentry","category-bildung-und-schule","category-fluechtlinge","category-lokales","category-rechtsextremismus","tag-dr-ahmet-arslan","tag-internationale-wochen-gegen-rassismus","tag-kreishaus-meschede","tag-sauerlaender-buergerliste-sblfw"],"_links":{"self":[{"href":"https:\/\/www.schiebener.net\/wordpress\/wp-json\/wp\/v2\/posts\/40486","targetHints":{"allow":["GET"]}}],"collection":[{"href":"https:\/\/www.schiebener.net\/wordpress\/wp-json\/wp\/v2\/posts"}],"about":[{"href":"https:\/\/www.schiebener.net\/wordpress\/wp-json\/wp\/v2\/types\/post"}],"author":[{"embeddable":true,"href":"https:\/\/www.schiebener.net\/wordpress\/wp-json\/wp\/v2\/users\/17"}],"replies":[{"embeddable":true,"href":"https:\/\/www.schiebener.net\/wordpress\/wp-json\/wp\/v2\/comments?post=40486"}],"version-history":[{"count":0,"href":"https:\/\/www.schiebener.net\/wordpress\/wp-json\/wp\/v2\/posts\/40486\/revisions"}],"wp:attachment":[{"href":"https:\/\/www.schiebener.net\/wordpress\/wp-json\/wp\/v2\/media?parent=40486"}],"wp:term":[{"taxonomy":"category","embeddable":true,"href":"https:\/\/www.schiebener.net\/wordpress\/wp-json\/wp\/v2\/categories?post=40486"},{"taxonomy":"post_tag","embeddable":true,"href":"https:\/\/www.schiebener.net\/wordpress\/wp-json\/wp\/v2\/tags?post=40486"}],"curies":[{"name":"wp","href":"https:\/\/api.w.org\/{rel}","templated":true}]}}