{"id":40452,"date":"2018-03-09T23:34:42","date_gmt":"2018-03-09T22:34:42","guid":{"rendered":"https:\/\/www.schiebener.net\/wordpress\/?p=40452"},"modified":"2018-03-09T23:35:36","modified_gmt":"2018-03-09T22:35:36","slug":"fraktionssitzung-der-sbl-fw-kreistagsfraktion-am-12-03-2018-beginn-18-30-uhr-im-sauerlaender-hof-in-hallenberg","status":"publish","type":"post","link":"https:\/\/www.schiebener.net\/wordpress\/fraktionssitzung-der-sbl-fw-kreistagsfraktion-am-12-03-2018-beginn-18-30-uhr-im-sauerlaender-hof-in-hallenberg\/","title":{"rendered":"Fraktionssitzung der SBL\/FW-Kreistagsfraktion am 12.03.2018, Beginn 18.30 Uhr im Sauerl\u00e4nder Hof in Hallenberg"},"content":{"rendered":"<h3>SBL\/FW zieht durch&#8217;s Kreisgebiet<\/h3>\n<p>Wie immer vor einer Kreistagssitzung treffen sich die Mitglieder der Sauerl\u00e4nder B\u00fcrgerliste (SBL\/FW) irgendwo im gro\u00dfen Hochsauerlandkreis.<\/p>\n<p><strong>Wo?<\/strong><br \/>\nNachdem die letzte Fraktionssitzung in Olsberg stattgefunden hat, fiel die Entscheidung diesmal auf Hallenberg. Im Sauerl\u00e4nder Hof in der Merklinghauser Stra\u00dfe 27 ist f\u00fcr die SBL\/FW, f\u00fcr G\u00e4ste und Interessierte ein Raum reserviert. <\/p>\n<p><strong>Wann?<\/strong><br \/>\nDer Termin ist Montag der 12.03.2018, Beginn 18.30 Uhr.  <\/p>\n<p><strong>Was steht an? <\/strong><br \/>\nDie Tagesordnung der Kreistagssitzung am Freitag dem 16.03.2018 wird bei dem Treffen der SBL\/FW am 12.03.2018 eine gro\u00dfe Rolle spielen. Die aktuell im Kreistag anstehenden Themen und Entscheidungen betreffen u.a.:<\/p>\n<p>    \u2022 Die zuk\u00fcnftige Umsetzung der Familienpflege<br \/>\n    \u2022 Die Analyse der Eins\u00e4tze des Rettungsdienstes im Jahr 2017<br \/>\n    \u2022 Die Umsetzung des Rettungsdienstbedarfsplanes<br \/>\n    \u2022 Der Kommunale Aktionsplan \u2013 Inklusion HSK<br \/>\n    \u2022 Die Digitalisierung f\u00fcr die Verwaltung des Hochsauerlandkreises<br \/>\n    \u2022 Neue Eintrittspreise und \u00d6ffnungszeiten f\u00fcr das Sauerlandmuseum in Arnsberg<\/p>\n<p>Wie soll die SBL\/FW bei diesem oder jenem Thema im Kreistag abstimmen? Welche Vorschl\u00e4ge soll sie einbringen? Was sagen die Fraktionsmitglieder? Was meinen die G\u00e4ste?<\/p>\n<p><strong>Was tat sich in den Aussch\u00fcssen?<\/strong><br \/>\nIm Vorfeld jeder Kreistagssitzung werden in den Fachaussch\u00fcssen, wie beispielsweise im Gesundheits- und Sozialausschuss, wichtige Empfehlungen und Entscheidungen er\u00f6rtert<\/p>\n","protected":false},"excerpt":{"rendered":"<p>SBL\/FW zieht durch&#8217;s Kreisgebiet Wie immer vor einer Kreistagssitzung treffen sich die Mitglieder der Sauerl\u00e4nder B\u00fcrgerliste (SBL\/FW) irgendwo im gro\u00dfen Hochsauerlandkreis. Wo? Nachdem die letzte Fraktionssitzung in Olsberg stattgefunden hat, &hellip; <a href=\"https:\/\/www.schiebener.net\/wordpress\/fraktionssitzung-der-sbl-fw-kreistagsfraktion-am-12-03-2018-beginn-18-30-uhr-im-sauerlaender-hof-in-hallenberg\/\" class=\"more-link\"><span class=\"screen-reader-text\">\u201eFraktionssitzung der SBL\/FW-Kreistagsfraktion am 12.03.2018, Beginn 18.30 Uhr im Sauerl\u00e4nder Hof in Hallenberg\u201c <\/span>weiterlesen<\/a><\/p>\n","protected":false},"author":17,"featured_media":0,"comment_status":"open","ping_status":"open","sticky":false,"template":"","format":"standard","meta":{"footnotes":""},"categories":[303,80,24,1043],"tags":[611,6853,655,6854],"class_list":["post-40452","post","type-post","status-publish","format-standard","hentry","category-in-unserem-briefkasten","category-lokales","category-politik","category-pressemitteilungen","tag-hallenberg","tag-oeffentliche-fraktionssitzung","tag-pressemitteilung","tag-sauerlaender-buergerliste-sblfw"],"_links":{"self":[{"href":"https:\/\/www.schiebener.net\/wordpress\/wp-json\/wp\/v2\/posts\/40452","targetHints":{"allow":["GET"]}}],"collection":[{"href":"https:\/\/www.schiebener.net\/wordpress\/wp-json\/wp\/v2\/posts"}],"about":[{"href":"https:\/\/www.schiebener.net\/wordpress\/wp-json\/wp\/v2\/types\/post"}],"author":[{"embeddable":true,"href":"https:\/\/www.schiebener.net\/wordpress\/wp-json\/wp\/v2\/users\/17"}],"replies":[{"embeddable":true,"href":"https:\/\/www.schiebener.net\/wordpress\/wp-json\/wp\/v2\/comments?post=40452"}],"version-history":[{"count":0,"href":"https:\/\/www.schiebener.net\/wordpress\/wp-json\/wp\/v2\/posts\/40452\/revisions"}],"wp:attachment":[{"href":"https:\/\/www.schiebener.net\/wordpress\/wp-json\/wp\/v2\/media?parent=40452"}],"wp:term":[{"taxonomy":"category","embeddable":true,"href":"https:\/\/www.schiebener.net\/wordpress\/wp-json\/wp\/v2\/categories?post=40452"},{"taxonomy":"post_tag","embeddable":true,"href":"https:\/\/www.schiebener.net\/wordpress\/wp-json\/wp\/v2\/tags?post=40452"}],"curies":[{"name":"wp","href":"https:\/\/api.w.org\/{rel}","templated":true}]}}