{"id":40440,"date":"2018-03-08T23:06:30","date_gmt":"2018-03-08T22:06:30","guid":{"rendered":"https:\/\/www.schiebener.net\/wordpress\/?p=40440"},"modified":"2018-03-08T23:06:30","modified_gmt":"2018-03-08T22:06:30","slug":"internationaler-frauentag-wiese-setzt-sich-fuer-gleichstellung-ein-plus-drei-anmerkungen-von-mir","status":"publish","type":"post","link":"https:\/\/www.schiebener.net\/wordpress\/internationaler-frauentag-wiese-setzt-sich-fuer-gleichstellung-ein-plus-drei-anmerkungen-von-mir\/","title":{"rendered":"Internationaler Frauentag: Wiese setzt sich f\u00fcr Gleichstellung ein plus drei Anmerkungen von mir."},"content":{"rendered":"<figure id=\"attachment_36924\" aria-describedby=\"caption-attachment-36924\" style=\"width: 700px\" class=\"wp-caption aligncenter\"><a href=\"https:\/\/www.schiebener.net\/wordpress\/wp-content\/uploads\/2017\/01\/Kuratorium-Julius-Drescher-Preis.jpg\"><img loading=\"lazy\" decoding=\"async\" class=\"wp-image-36924 size-full\" src=\"https:\/\/www.schiebener.net\/wordpress\/wp-content\/uploads\/2017\/01\/Kuratorium-Julius-Drescher-Preis.jpg\" alt=\"\" width=\"700\" height=\"332\" srcset=\"https:\/\/www.schiebener.net\/wordpress\/wp-content\/uploads\/2017\/01\/Kuratorium-Julius-Drescher-Preis.jpg 700w, https:\/\/www.schiebener.net\/wordpress\/wp-content\/uploads\/2017\/01\/Kuratorium-Julius-Drescher-Preis-300x142.jpg 300w\" sizes=\"auto, (max-width: 709px) 85vw, (max-width: 909px) 67vw, (max-width: 984px) 61vw, (max-width: 1362px) 45vw, 600px\" \/><\/a><figcaption id=\"caption-attachment-36924\" class=\"wp-caption-text\">Ein Beispiel f\u00fcr die M\u00e4nnerdominanz in der SPD: Das Kuratorium des Julius-Drescher-Preises mit dem Vorsitzenden, Franz M\u00fcntefering und MdB Dirk Wiese (Mitte) (foto: spd)<\/figcaption><\/figure>\n<p><strong>In meinem Briefkasten liegt eine Pressemitteilung unseres SPD-Bundestagsabgeordneten Dirk Wiese, die ich unver\u00e4ndert ver\u00f6ffentliche. Allerdings habe ich einige Anmerkungen, die mir spontan eingefallen sind:<\/strong><\/p>\n<p>1. Warum konnte diese PM nicht von einer Frau geschrieben werden?<\/p>\n<p>2. Wie will die SPD daf\u00fcr sorgen, dass die SPD im HSK nicht \u00fcberwiegend als M\u00e4nnerpartei dasteht. Siehe die von M\u00e4nner dominierten Veranstaltungen, Bilder und Posten.<\/p>\n<p>3. Wie steht Dirk Wiese dazu, dass auch heute noch und wieder <a href=\"http:\/\/www.faz.net\/aktuell\/rhein-main\/region-und-hessen\/aerztinnen-wegen-werbung-fuer-schwangerschaftsabbruch-angeklagt-15484232.html\" target=\"_blank\" rel=\"noopener\">\u00c4rztinnen wegen Werbung f\u00fcr Abtreibungen nach Paragraf 219a des Strafgesetzbuchs angeklagt<\/a> und verurteilt werden? Gerade zu diesem aktuellen Punkt h\u00e4tte ich mir eine \u00c4u\u00dferung in einer Pressemeldung zum Internationalen Frauentag gew\u00fcnscht.<\/p>\n<p><strong>Die Pressemeldung:<\/strong><\/p>\n<blockquote><p>Der Internationale Frauentag am 8. M\u00e4rz steht in diesem Jahr unter dem Zeichen \u201ePress for Progress\u201c. Das Weltwirtschaftsforum hat im vergangenen Jahr in seinem Global Gender Report errechnet, dass es unter den jetzigen Umst\u00e4nden noch 100 Jahre dauern wird, bis die Gleichstellung der Geschlechter erreicht ist.<\/p>\n<p>\u201eDamit der Fortschritt an Fahrt aufnimmt, m\u00fcssen wir auf die Tube dr\u00fccken &#8211; auch in Deutschland. Deshalb hat die SPD daf\u00fcr gesorgt, dass zahlreiche gleichstellungpolitische Verbesserungen im Koalitionsvertrag verankert wurden\u201c, bekr\u00e4ftigt MdB Dirk Wiese aus dem Sauerland.<\/p>\n<p>So wird das Recht auf befristete Teilzeit bald Gesetz: \u201eF\u00fcr die Gleichstellung der Geschlechter ist das ein Riesenschritt: Frauen und M\u00e4nner haben endlich die M\u00f6glichkeit, nach einer Teilzeitphase wieder auf die vorherige Arbeitszeit aufzustocken \u2013 und nicht l\u00e4nger in der Teilzeitfalle stecken zu bleiben\u201c, so MdB Dirk Wiese.<\/p>\n<p>Einen besonderen Schwerpunkt setzen die k\u00fcnftigen Koalitionspartner auf die Bek\u00e4mpfung von Gewalt gegen Frauen. Wir werden diese Frauen st\u00e4rken, indem wir ihnen den sicheren und gesch\u00fctzten Weg aus der Gewaltspirale erm\u00f6glichen: mit einem Aktionsprogramm zur Pr\u00e4vention von Gewalt, der Verbesserung des Hilfesystems und einer gesicherten Finanzierung von Frauenh\u00e4usern.<\/p><\/blockquote>\n","protected":false},"excerpt":{"rendered":"<p>In meinem Briefkasten liegt eine Pressemitteilung unseres SPD-Bundestagsabgeordneten Dirk Wiese, die ich unver\u00e4ndert ver\u00f6ffentliche. Allerdings habe ich einige Anmerkungen, die mir spontan eingefallen sind: 1. Warum konnte diese PM nicht &hellip; <a href=\"https:\/\/www.schiebener.net\/wordpress\/internationaler-frauentag-wiese-setzt-sich-fuer-gleichstellung-ein-plus-drei-anmerkungen-von-mir\/\" class=\"more-link\"><span class=\"screen-reader-text\">\u201eInternationaler Frauentag: Wiese setzt sich f\u00fcr Gleichstellung ein plus drei Anmerkungen von mir.\u201c <\/span>weiterlesen<\/a><\/p>\n","protected":false},"author":3,"featured_media":0,"comment_status":"open","ping_status":"open","sticky":false,"template":"","format":"standard","meta":{"footnotes":""},"categories":[1075,2620,303,80,32,1043],"tags":[3104,7329,655],"class_list":["post-40440","post","type-post","status-publish","format-standard","hentry","category-frauen","category-frauenpolitik","category-in-unserem-briefkasten","category-lokales","category-medien","category-pressemitteilungen","tag-dirk-wiese","tag-internationaler-frauentag-2018","tag-pressemitteilung"],"_links":{"self":[{"href":"https:\/\/www.schiebener.net\/wordpress\/wp-json\/wp\/v2\/posts\/40440","targetHints":{"allow":["GET"]}}],"collection":[{"href":"https:\/\/www.schiebener.net\/wordpress\/wp-json\/wp\/v2\/posts"}],"about":[{"href":"https:\/\/www.schiebener.net\/wordpress\/wp-json\/wp\/v2\/types\/post"}],"author":[{"embeddable":true,"href":"https:\/\/www.schiebener.net\/wordpress\/wp-json\/wp\/v2\/users\/3"}],"replies":[{"embeddable":true,"href":"https:\/\/www.schiebener.net\/wordpress\/wp-json\/wp\/v2\/comments?post=40440"}],"version-history":[{"count":0,"href":"https:\/\/www.schiebener.net\/wordpress\/wp-json\/wp\/v2\/posts\/40440\/revisions"}],"wp:attachment":[{"href":"https:\/\/www.schiebener.net\/wordpress\/wp-json\/wp\/v2\/media?parent=40440"}],"wp:term":[{"taxonomy":"category","embeddable":true,"href":"https:\/\/www.schiebener.net\/wordpress\/wp-json\/wp\/v2\/categories?post=40440"},{"taxonomy":"post_tag","embeddable":true,"href":"https:\/\/www.schiebener.net\/wordpress\/wp-json\/wp\/v2\/tags?post=40440"}],"curies":[{"name":"wp","href":"https:\/\/api.w.org\/{rel}","templated":true}]}}