{"id":40437,"date":"2018-03-07T22:45:56","date_gmt":"2018-03-07T21:45:56","guid":{"rendered":"https:\/\/www.schiebener.net\/wordpress\/?p=40437"},"modified":"2018-03-07T23:06:43","modified_gmt":"2018-03-07T22:06:43","slug":"sauerlaendische-lebenszeugen-geschichtserinnerung-gegen-die-neue-gefahr-von-rechts-zugleich-aktivierung-des-universellen-programms-der-menschenwuerde","status":"publish","type":"post","link":"https:\/\/www.schiebener.net\/wordpress\/sauerlaendische-lebenszeugen-geschichtserinnerung-gegen-die-neue-gefahr-von-rechts-zugleich-aktivierung-des-universellen-programms-der-menschenwuerde\/","title":{"rendered":"\u201eSauerl\u00e4ndische Lebenszeugen\u201c: Geschichtserinnerung gegen die neue Gefahr von rechts \u2013 zugleich Aktivierung des universellen Programms der Menschenw\u00fcrde"},"content":{"rendered":"<p><a href=\"https:\/\/www.schiebener.net\/wordpress\/wp-content\/uploads\/2018\/03\/04-Lebenszeugen-Cover.jpg\"><img loading=\"lazy\" decoding=\"async\" class=\"alignleft wp-image-40438\" src=\"https:\/\/www.schiebener.net\/wordpress\/wp-content\/uploads\/2018\/03\/04-Lebenszeugen-Cover-212x300.jpg\" alt=\"\" width=\"184\" height=\"260\" srcset=\"https:\/\/www.schiebener.net\/wordpress\/wp-content\/uploads\/2018\/03\/04-Lebenszeugen-Cover-212x300.jpg 212w, https:\/\/www.schiebener.net\/wordpress\/wp-content\/uploads\/2018\/03\/04-Lebenszeugen-Cover.jpg 352w\" sizes=\"auto, (max-width: 184px) 85vw, 184px\" \/><\/a><em>In der Reihe des regionalen Projekts \u201eFriedenslandschaft Sauerland\u201c, das seit Jahren einen Gegenentwurf zum \u201eHeimat\u201c-Gerede der neuen V\u00f6lkischen anbietet, hat der Theologe und Publizist Peter B\u00fcrger (pax christi-Mitglied) zur Passions- und Osterzeit 2018 einen neuen Band vorgelegt: SAUERL\u00c4NDISCHE LEBENSZEUGEN. Friedensarbeiter, Antifaschisten und M\u00e4rtyrer des kurk\u00f6lnischen Sauerlandes. Zweiter Band. Norderstedt 2018. ISBN: 978-3-7460-9683-4 (Umfang 488 Seiten; Preis: 15,99 Euro).<\/em><\/p>\n<p><em>Das Werk kann \u00fcberall im Buchhandel bestellt werden. Inhaltsverzeichnis und Leseprobe: <a href=\"https:\/\/www.bod.de\/buchshop\/sauerlaendische-lebenszeugen-peter-buerger-9783746096834\" target=\"_blank\" rel=\"noopener\">https:\/\/www.bod.de\/buchshop\/sauerlaendische-lebenszeugen-peter-buerger-9783746096834<\/a><\/em><\/p>\n<p><em>Buchvorstellung: <a href=\"https:\/\/www.schiebener.net\/wordpress\/sauerlaendische-lebenszeugen-ein-aktuelles-buch-ueber-widerstand-in-der-heimat-und-maertyrer-der-ns-zeit\/\" target=\"_blank\" rel=\"noopener\">https:\/\/www.schiebener.net\/wordpress\/sauerlaendische-lebenszeugen-ein-aktuelles-buch-ueber-widerstand-in-der-heimat-und-maertyrer-der-ns-zeit\/<\/a><\/em><\/p>\n<p><em>Wir dokumentieren nachfolgend in gek\u00fcrzter Form das Geleitwort von Hans-Josef Vogel (geb. 1956 in Werl). Er war von 1999 bis 2017 B\u00fcrgermeister der Stadt Arnsberg und ist seit 2017 Regierungspr\u00e4sident des Regierungsbezirks Arnsberg. Mit dem Autor des neuen Buches \u201eSauerl\u00e4ndische Lebenszeugen\u201c verbinden ihn u.a. ein gemeinsames demokratisches Engagement in Jugendjahren und \u2013 trotz denkbar unterschiedlicher politischer Biographien \u2013 der christlich inspirierte Einsatz f\u00fcr eine offene Gesellschaft.<\/em><\/p>\n<p>&#8212;&#8212;&#8212;&#8212;&#8212;&#8212;&#8212;&#8212;&#8212;&#8212;&#8211;<\/p>\n<h3>\u201eSauerl\u00e4ndische Lebenszeugen\u201c sind universelles Programm<\/h3>\n<p><strong><em>Von Hans-Josef Vogel, Regierungspr\u00e4sident des Regierungsbezirks Arnsberg<\/em><\/strong><\/p>\n<p>Peter B\u00fcrger legt den zweiten Band \u00fcber \u201eFriedensarbeiter, Antifaschisten und M\u00e4rtyrer\u201c seiner Heimatregion \u2013 des katholisch gepr\u00e4gten kurk\u00f6lnischen Sauerlandes \u2013 in der Zeit des Nationalsozialismus vor. Er nennt diese Frauen und M\u00e4nner \u201eSauerl\u00e4ndische Lebenszeugen\u201c und bezieht sich dazu auf den Beginn des ersten Johannes-Briefes: \u201eWas von Anfang war, was wir geh\u00f6rt haben, was wir mit unseren Augen gesehen, was wir geschaut und was unsere H\u00e4nde angefasst haben, das verk\u00fcnden wir: Das Wort des Lebens\u201c (1. Johannes-Brief 1,1).<\/p>\n<p>Die \u201eSauerl\u00e4ndischen Lebenszeugen\u201c sind Frauen und M\u00e4nner, die frei und freiwillig der \u201eTodesreligion\u201c (Peter B\u00fcrger) der Nationalsozialisten im Kleinen und im Gro\u00dfen entgegentraten und mit ihrem Alltagsleben auf die \u201aKultur\u2018 oder besser: auf die Diktatur des Todes und der Gewalt antworteten mit der Kultur des Lebens und der Begegnung.<\/p>\n<p>Es sind Frauen und M\u00e4nner, die aus ihrem christlichen Glauben f\u00fcr Freiheit, Recht und Menschenw\u00fcrde eintraten oder \u2013 um es in der Sprache der neuen M\u00f6glichkeiten zur Durchf\u00fchrung eines Selig- und Heiligsprechungsverfahrens der Katholischen Weltkirche auszudr\u00fccken \u2013 die ihr Leben aus Liebe zu Gott und zum N\u00e4chsten auf\u2019s Spiel setzten und deshalb einen gewaltsamen Tod \u2013 hier durch die Nazis \u2013 oder einen verfr\u00fchten Tod starben.<\/p>\n<p>Diese M\u00e4rtyrer wurden nach 1945 auch in der Kirche jahrzehntelang und oft bis heute nicht oder nur v\u00f6llig unzureichend zur Kenntnis genommen und wertgesch\u00e4tzt. Die Kirche \u00fcbersah dabei, dass M\u00e4rtyrer diejenigen sind, die die Kirche voranbringen, diejenigen, die die Kirche auf dem Weg durch die Zeit unterst\u00fctzen.<\/p>\n<p>Peter B\u00fcrger zeichnet dies Vers\u00e4umnis nach und belegt durch seine Arbeit ein Wort von Papst Franziskus: \u201eDas Gute neigt immer dazu, sich mitzuteilen. Jede echte Erfahrung von Wahrheit und Sch\u00f6nheit sucht von sich aus, sich zu verbreiten.\u201c<\/p>\n<p>Dieses \u201eSich-Mitteilen\u201c des Guten, Wahren und Sch\u00f6nen, des Heil(ig)-Machenden nimmt Peter B\u00fcrger auf. Er nennt und benennt f\u00fcr seine sauerl\u00e4ndische Heimatregion die \u201eLebenszeugen\u201c: M\u00e4rtyrer und heilige Menschen: Otto G\u00fcnnewich (Pfarrvikar in Salwey, Gemeinde Eslohe), Maria Autsch (Modeverk\u00e4uferin in Finnentrop und sp\u00e4tere Ordensfrau), Josef Quinke (B\u00e4ckermeister aus Fretter, Gemeinde Finnentrop), Carl Lindemann (Lagerarbeiter und Fahrer aus Herrntrop, Gemeinde Kirchhundem), Dr. Josef Kleinsorge (Landwirtschaftsschuldirektor aus Sundern), Ferdinand Freiherr von L\u00fcninck (Gutsbesitzer aus Ostwig, Gemeinde Bestwig), Kilian Kirchhoff (Franziskaner-Pater aus R\u00f6nkhausen, Gemeinde Finnentrop), Friedrich Karl Petersen (vorgesehen als Seelsorger f\u00fcr Reiste, Gemeinde Eslohe; in Schmallenberg begraben) und Josef B\u00f6mer (Propst in Arnsberg).<\/p>\n<p>Diese \u201eSauerl\u00e4ndischen Lebenszeugen\u201c sind nicht Teil einer abgeschlossenen Geschichte oder gar einer abgeschlossenen Regionalgeschichte. Sie sind vielmehr ein Programm. In dem Sinne, wie es der sp\u00e4tere Papst Johannes XXIII. \u00fcber den Sauerl\u00e4nder Franz Stock gesagt hat, dem \u201eErzengel in der H\u00f6lle\u201c der Pariser Nazi-Gef\u00e4ngnisse, wo er auf Seiten der Besten Frankreichs, auf Seiten des franz\u00f6sischen Widerstands stand, und dem sp\u00e4teren Leiter des \u201eStacheldrahtseminars von Chartres\u201c, des gr\u00f6\u00dften Priesterseminars der Welt, das er in einem Lager f\u00fcr deutsche Kriegsgefangene gr\u00fcndete und leitete: \u201eAbb\u00e9 Franz Stock, das ist kein Name, das ist ein Programm.\u201c<\/p>\n<p>Wir m\u00fcssen lernen und verstehen, dass dieses Programm, das Franz Stock und die anderen \u201eLebenszeugen\u201c gelebt haben, ein universelles Programm ist. Es ist das Programm der einzigartigen W\u00fcrde jedes einzelnen Menschen, der unver\u00e4u\u00dferlichen Rechte jedes Menschen, zu denen die Religionsfreiheit in ganz besonderer Weise z\u00e4hlt. Georg Jellinek sah in der Religionsfreiheit das \u201eUrgrundrecht\u201c aller Freiheitsrechte, und Max Weber bezeichnete in Folge dieses Gedankens die Gewissensfreiheit als \u201eerstes Menschenrecht\u201c.<\/p>\n<p>Das Programm der \u201eSauerl\u00e4ndischen Lebenszeugen\u201c ist ein universelles Programm der Vielfalt und der Unterschiedlichkeit der Menschen. Ein durch und durch zivilisatorisches Programm, das st\u00e4ndig weitergeschrieben und weiter wertgesch\u00e4tzt werden muss.<\/p>\n<p>Die \u201eSauerl\u00e4ndischen Lebenszeugen\u201c sind ein Programm, das zugleich ermutigt und fordert. Ein Programm, das ein Projekt ist. Ein Programm, das Leben ist und Leben bedeutet. Dieses Projekt braucht Akteure im Kleinen wie im Gro\u00dfen. Es geht auch heute und zuk\u00fcnftig um das Aktivieren des Glaubens, um das Aktivieren des Programms von Menschenw\u00fcrde, Recht und Freiheit durch jede und jeden einzelnen. Ohne Freiheit gibt es keine Demokratie, die erst auf der Freiheit aufbaut.<\/p>\n<h3>Vom H\u00f6rer zum Akteur im Programm der Menschenw\u00fcrde, der Menschenrechte und der Freiheit werden<\/h3>\n<p>Das Programm der \u201eSauerl\u00e4ndischen Lebenszeugen\u201c \u2013 gespeist aus dem christlichen Glauben \u2013 beginnt mit einer Verwandlung, die der heutige Papstes Franziskus so beschreibt: \u201eVom H\u00f6rer Seines Wortes zum Akteur in Seiner G\u00f6ttlichen Erz\u00e4hlung werden.\u201c<\/p>\n<p>Der H\u00f6rer des Wortes, der Leser des Programms verwandelt sich zum Akteur in der universellen Erz\u00e4hlung der Menschenw\u00fcrde, der Menschenrechte und der Freiheit. Freiheit ist eben nichts, was wir besitzen. Freiheit ist das, was wir tun, jeden Tag und damit allt\u00e4glich.<\/p>\n<p>Diese Verwandlung zum Akteur in der Erz\u00e4hlung der Menschenw\u00fcrde, der Menschenrechte \u2013 eben der Freiheit \u2013 beginnt heute damit, hellwach zu sein f\u00fcr alles, was bei uns nebenan geschieht oder unterlassen wird. Es beginnt damit, den Mund aufzumachen, wenn Menschen wegen ihrer religi\u00f6sen Tradition, ihrer Herkunft, ihres Geschlechts oder ihrer Ethnie herabgew\u00fcrdigt werden oder weit entfernt von jedem Gedanken an Solidarit\u00e4t leben oder von wem auch immer unterhalb der Schwelle vollst\u00e4ndiger Menschlichkeit gedr\u00fcckt werden.<\/p>\n<p>Die Verwandlung zum Akteur beginnt, wenn wir \u201e\u00dcber-Kreuz-Liegen\u201c mit dem, was vermeintlicher Mainstream ist oder was Algorithmen durch ihre homogenisierende Wirkung als Mainstream erscheinen lassen, indem sie alles vermeintlich Nicht-Passende au\u00dfen vor lassen.<\/p>\n<p>Die \u201eSauerl\u00e4ndischen Lebenszeugen\u201c ermutigen und fordern uns in einer Zeit, die wieder v\u00f6lkisches rassistisches Denken kennt und ausspricht, in der autorit\u00e4res F\u00fchrertum wieder nachgefragt wird und \u2013 um es in Anlehnung an Dietrich Bonhoeffer zu sagen \u2013 in der eine \u201eMaskerade des B\u00f6sen die ethischen Begriffe (erneut) durcheinander wirbelt\u201c. Die Gefahr von rechts komme n\u00e4her \u2013 als ob es das 20. Jahrhundert und seine blutigen Lehren und M\u00e4rtyrer nicht gegeben h\u00e4tte, schreibt Timothy Snyder im Februar 2017 zu seiner provokativen Schrift \u201e\u00dcber Tyrannei: Zwanzig Lektionen f\u00fcr den Widerstand\u201c.<\/p>\n<p>Das neue Buch von Peter B\u00fcrger setzt ein \u00e4hnliches Zeichen. Es fordert uns auf, dem neurechten Denken und Handeln fr\u00fchzeitig entgegenzutreten, indem es erinnert an die \u201eSauerl\u00e4ndischen Lebenszeugen\u201c und sie nach Jahrzehnten in den Mittelpunkt der Regionalgeschichte r\u00fcckt als ein tats\u00e4chlich universelles Programm im Sinne einer Kultur des Lebens und der Begegnung. Dieses Programm zu leben und stets neu zu aktivieren, ist wirklich keine einfache Sache, ist anstrengend und beschwerlich.<\/p>\n<p>Wie schreibt der von den Nazis 1943 mit dem Fallbeil enthauptete Willi Graf, aktives Mitglied der Widerstandsgruppe \u201eWei\u00dfe Rose\u201c, am 6. Juni 1942 an seine Schwester Anneliese: \u201eDer Glaube ist keine solch einfache Sache, wie es uns erschien \u2026 In Wirklichkeit ist Christentum ein viel schwereres und ungewisseres Leben, das voller Anstrengung ist und \u201aimmer wieder neue \u00dcberwindung kostet, um es zu vollziehen\u2018\u201c.<br \/>\nDies gilt auch und in besonderer Weise f\u00fcr Freiheit, Demokratie und Rechtsstaat. Es kann sich keiner darauf beschr\u00e4nken, Zuschauer oder blo\u00dfer Beobachter zu sein. Schon gar nicht, wenn Demokratie und freiheitlicher Rechtsstaat bedroht und angegriffen werden.<\/p>\n<p>Es kann sich keiner auf eine Mehrheit berufen, wenn die Menschenw\u00fcrde verletzt wird. Denn die Menschenw\u00fcrde jedes Menschen ist tabu f\u00fcr jede und jeden, auch f\u00fcr eine demokratische Gesellschaft. Die W\u00fcrde des Menschen ist der absolute Wert, den eine Rechtsordnung der Freiheit kennt.<\/p>\n","protected":false},"excerpt":{"rendered":"<p>In der Reihe des regionalen Projekts \u201eFriedenslandschaft Sauerland\u201c, das seit Jahren einen Gegenentwurf zum \u201eHeimat\u201c-Gerede der neuen V\u00f6lkischen anbietet, hat der Theologe und Publizist Peter B\u00fcrger (pax christi-Mitglied) zur Passions- &hellip; <a href=\"https:\/\/www.schiebener.net\/wordpress\/sauerlaendische-lebenszeugen-geschichtserinnerung-gegen-die-neue-gefahr-von-rechts-zugleich-aktivierung-des-universellen-programms-der-menschenwuerde\/\" class=\"more-link\"><span class=\"screen-reader-text\">\u201e\u201eSauerl\u00e4ndische Lebenszeugen\u201c: Geschichtserinnerung gegen die neue Gefahr von rechts \u2013 zugleich Aktivierung des universellen Programms der Menschenw\u00fcrde\u201c <\/span>weiterlesen<\/a><\/p>\n","protected":false},"author":18,"featured_media":0,"comment_status":"open","ping_status":"open","sticky":false,"template":"","format":"standard","meta":{"footnotes":""},"categories":[218,319,80,6314],"tags":[3480,4695,7328],"class_list":["post-40437","post","type-post","status-publish","format-standard","hentry","category-bucher","category-geschichte","category-lokales","category-rechtsextremismus","tag-hans-jochen-vogel","tag-peter-buerger","tag-sauerlaendische-lebenszeugen"],"_links":{"self":[{"href":"https:\/\/www.schiebener.net\/wordpress\/wp-json\/wp\/v2\/posts\/40437","targetHints":{"allow":["GET"]}}],"collection":[{"href":"https:\/\/www.schiebener.net\/wordpress\/wp-json\/wp\/v2\/posts"}],"about":[{"href":"https:\/\/www.schiebener.net\/wordpress\/wp-json\/wp\/v2\/types\/post"}],"author":[{"embeddable":true,"href":"https:\/\/www.schiebener.net\/wordpress\/wp-json\/wp\/v2\/users\/18"}],"replies":[{"embeddable":true,"href":"https:\/\/www.schiebener.net\/wordpress\/wp-json\/wp\/v2\/comments?post=40437"}],"version-history":[{"count":0,"href":"https:\/\/www.schiebener.net\/wordpress\/wp-json\/wp\/v2\/posts\/40437\/revisions"}],"wp:attachment":[{"href":"https:\/\/www.schiebener.net\/wordpress\/wp-json\/wp\/v2\/media?parent=40437"}],"wp:term":[{"taxonomy":"category","embeddable":true,"href":"https:\/\/www.schiebener.net\/wordpress\/wp-json\/wp\/v2\/categories?post=40437"},{"taxonomy":"post_tag","embeddable":true,"href":"https:\/\/www.schiebener.net\/wordpress\/wp-json\/wp\/v2\/tags?post=40437"}],"curies":[{"name":"wp","href":"https:\/\/api.w.org\/{rel}","templated":true}]}}