{"id":40393,"date":"2018-03-04T22:10:56","date_gmt":"2018-03-04T21:10:56","guid":{"rendered":"https:\/\/www.schiebener.net\/wordpress\/?p=40393"},"modified":"2018-03-04T22:18:40","modified_gmt":"2018-03-04T21:18:40","slug":"nogroko-erneuerung-spd-groko-volkspartei-inhalte-volkspartei-groko-spd-erneuerung-nogroko","status":"publish","type":"post","link":"https:\/\/www.schiebener.net\/wordpress\/nogroko-erneuerung-spd-groko-volkspartei-inhalte-volkspartei-groko-spd-erneuerung-nogroko\/","title":{"rendered":"&#8230; #NoGroKo #Erneuerung #SPD #GroKo #Volkspartei #Inhalte #Volkspartei #GroKo # SPD #Erneuerung #NoGroKo &#8230;"},"content":{"rendered":"<p><figure id=\"attachment_40394\" aria-describedby=\"caption-attachment-40394\" style=\"width: 700px\" class=\"wp-caption aligncenter\"><a href=\"https:\/\/www.schiebener.net\/wordpress\/wp-content\/uploads\/2018\/03\/Hennesee20180304.jpg\" target=\"_blank\" rel=\"noopener\"><img loading=\"lazy\" decoding=\"async\" class=\"wp-image-40394\" src=\"https:\/\/www.schiebener.net\/wordpress\/wp-content\/uploads\/2018\/03\/Hennesee20180304.jpg\" alt=\"\" width=\"700\" height=\"467\" srcset=\"https:\/\/www.schiebener.net\/wordpress\/wp-content\/uploads\/2018\/03\/Hennesee20180304.jpg 1024w, https:\/\/www.schiebener.net\/wordpress\/wp-content\/uploads\/2018\/03\/Hennesee20180304-300x200.jpg 300w, https:\/\/www.schiebener.net\/wordpress\/wp-content\/uploads\/2018\/03\/Hennesee20180304-768x512.jpg 768w\" sizes=\"auto, (max-width: 709px) 85vw, (max-width: 909px) 67vw, (max-width: 984px) 61vw, (max-width: 1362px) 45vw, 600px\" \/><\/a><figcaption id=\"caption-attachment-40394\" class=\"wp-caption-text\">Ich wei\u00df noch nicht, ob das Bild als Symbolbild taugt &#8230; (foto: zoom)<\/figcaption><\/figure><strong>Das Ergebnis der Abstimmung der SPD-Mitglieder \u00fcber die Gro\u00dfe Koalition war f\u00fcr mich keine \u00dcberraschung. Ich hatte mich auf 62% pro GroKo festgelegt. Die 66% machen den Kohl auch nicht viel fetter.<\/strong><\/p>\n<blockquote class=\"twitter-tweet\" data-lang=\"de\">\n<p lang=\"de\" dir=\"ltr\">Ach komm, ich sage mal 62%<\/p>\n<p>&mdash; zoom (@hskzoom) <a href=\"https:\/\/twitter.com\/hskzoom\/status\/970002622525706241?ref_src=twsrc%5Etfw\">3. M\u00e4rz 2018<\/a><\/p><\/blockquote>\n<p><script async src=\"https:\/\/platform.twitter.com\/widgets.js\" charset=\"utf-8\"><\/script><\/p>\n<blockquote class=\"twitter-tweet\" data-lang=\"de\">\n<p lang=\"de\" dir=\"ltr\">Hatte mich gestern Abend auf 62% festgelegt <a href=\"https:\/\/twitter.com\/hashtag\/GroKo?src=hash&amp;ref_src=twsrc%5Etfw\">#GroKo<\/a><\/p>\n<p>&mdash; zoom (@hskzoom) <a href=\"https:\/\/twitter.com\/hskzoom\/status\/970209054302892032?ref_src=twsrc%5Etfw\">4. M\u00e4rz 2018<\/a><\/p><\/blockquote>\n<p><script async src=\"https:\/\/platform.twitter.com\/widgets.js\" charset=\"utf-8\"><\/script><\/p>\n<p>Die SPD will sich nun -zum wievielten Male?- erneuern. SPD-Vize Thorsten Sch\u00e4fer-G\u00fcmbel. &#8222;Schon vor der Bundestagswahl habe ich gesagt: Wir m\u00fcssen uns so oder so erneuern. Es muss klappen und es wird klappen, weil wir den politischen Willen dazu haben.&#8220;<\/p>\n<p>Der Satz stammt aus einem <a href=\"http:\/\/www.sueddeutsche.de\/politik\/spd-nach-mitgliederentscheid-die-erneuerung-ist-zwingend-1.3892232\" rel=\"noopener\" target=\"_blank\">Interview in der heutigen Onlineausgabe der S\u00fcddeutschen<\/a>, und dort geht es weiter:<\/p>\n<p>&#8222;Das wohl zentrale Thema lautet: Arbeit der Zukunft &#8211; Zukunft der Arbeit unter den Bedingungen von Digitalisierung, Globalisierung und Klimawandel. Es geht darum, dass wir die Menschen in dieser ver\u00e4nderten Arbeitsgesellschaft mitnehmen. Wir m\u00fcssen es schaffen, den technologischen Fortschritt auch zu einem sozialen und gesellschaftlichen Fortschritt zu machen. Das ist der historische Anspruch der Sozialdemokratie, das ist unsere Aufgabe. Weitere Themen sind die Handlungsf\u00e4higkeit des Staates und Konflikte zwischen Arbeit und Umwelt.&#8220;<\/p>\n<p>F\u00fcr mich klingt das alles &#8222;wischiwaschi&#8220;, Phrasen ohne genauere inhaltliche Bestimmung und Begr\u00fcndung. Das macht erst einmal nicht viel Hoffnung, aber die Hoffnung stirbt zuletzt und ich bin sicher, dass innerhalb und au\u00dferhalb der SPD in den n\u00e4chsten Wochen und Monaten genau geguckt und auch diskutiert werden wird, ob die SPD ihr Erneuerungsversprechen h\u00e4lt.<\/p>\n<p>Gleichzeitig muss die SPD von der Vorstellung Abschied nehmen, eine Volkspartei zu sein. Ein Schicksal, das auch noch auf die CDU zukommen wird.<\/p>\n<p>Die kommende GroKo wird aller Wahrscheinlichkeit die letzte ihrer Art sein. CDU und SPD werden nach den n\u00e4chsten Bundestagswahlen voraussichtlich keine Mehrheit mehr haben. <\/p>\n<p>Soweit erst einmal. Lest die <a href=\"http:\/\/www.spiegel.de\/kultur\/gesellschaft\/spd-mitgliederentscheid-das-leere-spektakel-a-1196243.html\" rel=\"noopener\" target=\"_blank\">Kolumne von Georg Dietz im Spiegel<\/a>. Die ist zumindest unterhaltsam und klug:<\/p>\n<blockquote><p><strong>&#8220; &#8230; Der SPD fehlt die Haltung<\/strong><\/p>\n<p>Es herrscht ein programmatisches Vakuum, was auch mit dem Gedankenstaubsauger GroKo zu tun hat und all den Jahren, in denen die SPD froh war, nicht sagen zu m\u00fcssen, wie und warum sie anders auf die Herausforderungen der Globalisierung, der Finanzindustrie, der wachsenden Ungleichheit und des digitalen Kapitalismus \u00fcberhaupt reagieren will &#8211; die Frage nach der Zukunft oder dem Ende der Arbeit bedeutet dabei f\u00fcr die nominelle Arbeiterpartei eine besondere Herausforderung &#8230; &#8222;<\/p><\/blockquote>\n","protected":false},"excerpt":{"rendered":"<p>Das Ergebnis der Abstimmung der SPD-Mitglieder \u00fcber die Gro\u00dfe Koalition war f\u00fcr mich keine \u00dcberraschung. Ich hatte mich auf 62% pro GroKo festgelegt. Die 66% machen den Kohl auch nicht &hellip; <a href=\"https:\/\/www.schiebener.net\/wordpress\/nogroko-erneuerung-spd-groko-volkspartei-inhalte-volkspartei-groko-spd-erneuerung-nogroko\/\" class=\"more-link\"><span class=\"screen-reader-text\">\u201e&#8230; #NoGroKo #Erneuerung #SPD #GroKo #Volkspartei #Inhalte #Volkspartei #GroKo # SPD #Erneuerung #NoGroKo &#8230;\u201c <\/span>weiterlesen<\/a><\/p>\n","protected":false},"author":3,"featured_media":0,"comment_status":"open","ping_status":"open","sticky":false,"template":"","format":"standard","meta":{"footnotes":""},"categories":[174,24],"tags":[7316,4722,13],"class_list":["post-40393","post","type-post","status-publish","format-standard","hentry","category-dit-und-dat","category-politik","tag-erneuerung","tag-groko","tag-spd"],"_links":{"self":[{"href":"https:\/\/www.schiebener.net\/wordpress\/wp-json\/wp\/v2\/posts\/40393","targetHints":{"allow":["GET"]}}],"collection":[{"href":"https:\/\/www.schiebener.net\/wordpress\/wp-json\/wp\/v2\/posts"}],"about":[{"href":"https:\/\/www.schiebener.net\/wordpress\/wp-json\/wp\/v2\/types\/post"}],"author":[{"embeddable":true,"href":"https:\/\/www.schiebener.net\/wordpress\/wp-json\/wp\/v2\/users\/3"}],"replies":[{"embeddable":true,"href":"https:\/\/www.schiebener.net\/wordpress\/wp-json\/wp\/v2\/comments?post=40393"}],"version-history":[{"count":0,"href":"https:\/\/www.schiebener.net\/wordpress\/wp-json\/wp\/v2\/posts\/40393\/revisions"}],"wp:attachment":[{"href":"https:\/\/www.schiebener.net\/wordpress\/wp-json\/wp\/v2\/media?parent=40393"}],"wp:term":[{"taxonomy":"category","embeddable":true,"href":"https:\/\/www.schiebener.net\/wordpress\/wp-json\/wp\/v2\/categories?post=40393"},{"taxonomy":"post_tag","embeddable":true,"href":"https:\/\/www.schiebener.net\/wordpress\/wp-json\/wp\/v2\/tags?post=40393"}],"curies":[{"name":"wp","href":"https:\/\/api.w.org\/{rel}","templated":true}]}}