{"id":40379,"date":"2018-03-03T13:06:16","date_gmt":"2018-03-03T12:06:16","guid":{"rendered":"https:\/\/www.schiebener.net\/wordpress\/?p=40379"},"modified":"2018-03-09T06:35:52","modified_gmt":"2018-03-09T05:35:52","slug":"informationsfreiheitsgesetz-und-winterberger-gebaeude-die-daten-sind-da-stammtisch-infoabend-der-freien-waehlergemeinschaft-am-kommenden-freitag","status":"publish","type":"post","link":"https:\/\/www.schiebener.net\/wordpress\/informationsfreiheitsgesetz-und-winterberger-gebaeude-die-daten-sind-da-stammtisch-infoabend-der-freien-waehlergemeinschaft-am-kommenden-freitag\/","title":{"rendered":"Informationsfreiheitsgesetz und Winterberger Geb\u00e4ude: die Daten sind da! Stammtisch \/ Infoabend der Freien W\u00e4hlergemeinschaft am kommenden Freitag."},"content":{"rendered":"<figure id=\"attachment_40348\" aria-describedby=\"caption-attachment-40348\" style=\"width: 700px\" class=\"wp-caption aligncenter\"><a href=\"https:\/\/www.schiebener.net\/wordpress\/wp-content\/uploads\/2018\/02\/AntragInformationssfreiheitsgesetz2018012303.jpg\" target=\"_blank\" rel=\"noopener\"><img loading=\"lazy\" decoding=\"async\" class=\"wp-image-40348\" src=\"https:\/\/www.schiebener.net\/wordpress\/wp-content\/uploads\/2018\/02\/AntragInformationssfreiheitsgesetz2018012303.jpg\" alt=\"\" width=\"700\" height=\"643\" srcset=\"https:\/\/www.schiebener.net\/wordpress\/wp-content\/uploads\/2018\/02\/AntragInformationssfreiheitsgesetz2018012303.jpg 941w, https:\/\/www.schiebener.net\/wordpress\/wp-content\/uploads\/2018\/02\/AntragInformationssfreiheitsgesetz2018012303-300x276.jpg 300w, https:\/\/www.schiebener.net\/wordpress\/wp-content\/uploads\/2018\/02\/AntragInformationssfreiheitsgesetz2018012303-768x706.jpg 768w\" sizes=\"auto, (max-width: 709px) 85vw, (max-width: 909px) 67vw, (max-width: 984px) 61vw, (max-width: 1362px) 45vw, 600px\" \/><\/a><figcaption id=\"caption-attachment-40348\" class=\"wp-caption-text\">Details aus dem Antrag nach IFG an die Stadt Winterberg (screenshot)<\/figcaption><\/figure>\n<p><strong><a href=\"https:\/\/www.facebook.com\/sebastian.vielhaber.3\/posts\/1602258006526137\" target=\"_blank\" rel=\"noopener\">Auf seiner Facebook-Seite<\/a> hat Sebastian Vielhaber das Eintreffen der <a href=\"https:\/\/www.schiebener.net\/wordpress\/antrag-nach-dem-informationsfreiheitsgesetz-stadt-winterberg-schweigt\/\" target=\"_blank\" rel=\"noopener\">per Informationsfreiheitsgesetz (IFG) beantragten Daten<\/a> bekannt gegeben:<\/strong><\/p>\n<blockquote><p>&#8222;Die beantragten Unterlagen sind heute per Post eingetroffen. Ein &#8222;echtes Meisterwerk&#8220;&#8230;bestehend aus 2 DIN-A4 Seiten Anschreiben, 8 DIN-A4 Seiten Anlagen und eine gesch\u00fctzte PDF auf CD-ROM&#8230;<br \/>\nDaf\u00fcr haben Sie die Frist mal eben um eine Woche \u00fcberzogen! = Bearbeitungszeit von 5 Kalenderwochen&#8220;<\/p><\/blockquote>\n<p>Nun wolle er die Daten in Ruhe und sorgf\u00e4ltig auswerten, um danach mit den Ergebnissen an die \u00d6ffentlichkeit zu gehen. Die Stadt habe ihm 125 Euro Bearbeitungsgeb\u00fchren[1] in Rechnung gestellt.<\/p>\n<p><strong>Am kommenden Freitag findet ein Stammtisch \/ Infoabend der Freien W\u00e4hler statt. Vielleicht gibt es dort schon die (ersten) Ergebnisse zu diskutieren.<\/strong><\/p>\n<p>Aus der Pressemitteilung der FWG:<\/p>\n<blockquote><p>Sehr geehrte Damen und Herren,<\/p>\n<p>die FWG Winterberg und Ortschaften e.V. l\u00e4dt am <strong>Freitag, den 09.03.2018, ab 19:30 Uhr in den Gasthof Lingenauber in Siedlinghausen<\/strong> zu einem \u00f6ffentlichen Stammtisch \/ Informationsabend alle Mitglieder und Interessierte recht herzlich ein.<\/p>\n<p>In lockerer Atmosph\u00e4re (ohne festen Ablauf) m\u00f6chten wir \u00fcber die ersten Monate seit unserer Gr\u00fcndung informieren. Aktuelle kommunale Stadt- und Ortsthemen (z.B. Schule, Wirtschaft, Demografische Entwicklung, Ehrenamt) bieten sicher reichlich Gespr\u00e4chsstoff und werden f\u00fcr einen interessanten Abend sorgen.<\/p>\n<p>Der Vorstand und die Mitglieder der FWG w\u00fcnschen sich eine rege Teilnahme.<\/p><\/blockquote>\n<p>&#8212;&#8212;&#8212;&#8212;&#8212;&#8212;&#8212;&#8212;&#8212;&#8211;<\/p>\n<p><em>[1] Kommentare im Netz:<\/em><\/p>\n<p>&#8222;Lachhaft, diese Geb\u00fchr&#8220;<\/p>\n<p>&#8222;Das erheben der Geb\u00fchr wird wahrscheinlich mehr kosten als die Informationen an sich selbst&#8230;&#8220;<\/p>\n<p>&#8220; &#8230; solche Dinge zu hinterfragen ist eigentlich Aufgabe des Rates. So etwas m\u00fcsste auf Knopfdruck aus dem Drucker kommen, da solche Zahlen jedem ordentlichen Buchhalter bekannt sind.&#8220;<\/p>\n","protected":false},"excerpt":{"rendered":"<p>Auf seiner Facebook-Seite hat Sebastian Vielhaber das Eintreffen der per Informationsfreiheitsgesetz (IFG) beantragten Daten bekannt gegeben: &#8222;Die beantragten Unterlagen sind heute per Post eingetroffen. Ein &#8222;echtes Meisterwerk&#8220;&#8230;bestehend aus 2 DIN-A4 &hellip; <a href=\"https:\/\/www.schiebener.net\/wordpress\/informationsfreiheitsgesetz-und-winterberger-gebaeude-die-daten-sind-da-stammtisch-infoabend-der-freien-waehlergemeinschaft-am-kommenden-freitag\/\" class=\"more-link\"><span class=\"screen-reader-text\">\u201eInformationsfreiheitsgesetz und Winterberger Geb\u00e4ude: die Daten sind da! Stammtisch \/ Infoabend der Freien W\u00e4hlergemeinschaft am kommenden Freitag.\u201c <\/span>weiterlesen<\/a><\/p>\n","protected":false},"author":3,"featured_media":0,"comment_status":"open","ping_status":"open","sticky":false,"template":"","format":"standard","meta":{"footnotes":""},"categories":[3182,80,24,1043],"tags":[7221,6748,4363],"class_list":["post-40379","post","type-post","status-publish","format-standard","hentry","category-finanzen","category-lokales","category-politik","category-pressemitteilungen","tag-fwg-buerger-fuer-winterberg-und-ortschaften","tag-informationsfreiheitsgesetz","tag-sebastian-vielhaber"],"_links":{"self":[{"href":"https:\/\/www.schiebener.net\/wordpress\/wp-json\/wp\/v2\/posts\/40379","targetHints":{"allow":["GET"]}}],"collection":[{"href":"https:\/\/www.schiebener.net\/wordpress\/wp-json\/wp\/v2\/posts"}],"about":[{"href":"https:\/\/www.schiebener.net\/wordpress\/wp-json\/wp\/v2\/types\/post"}],"author":[{"embeddable":true,"href":"https:\/\/www.schiebener.net\/wordpress\/wp-json\/wp\/v2\/users\/3"}],"replies":[{"embeddable":true,"href":"https:\/\/www.schiebener.net\/wordpress\/wp-json\/wp\/v2\/comments?post=40379"}],"version-history":[{"count":0,"href":"https:\/\/www.schiebener.net\/wordpress\/wp-json\/wp\/v2\/posts\/40379\/revisions"}],"wp:attachment":[{"href":"https:\/\/www.schiebener.net\/wordpress\/wp-json\/wp\/v2\/media?parent=40379"}],"wp:term":[{"taxonomy":"category","embeddable":true,"href":"https:\/\/www.schiebener.net\/wordpress\/wp-json\/wp\/v2\/categories?post=40379"},{"taxonomy":"post_tag","embeddable":true,"href":"https:\/\/www.schiebener.net\/wordpress\/wp-json\/wp\/v2\/tags?post=40379"}],"curies":[{"name":"wp","href":"https:\/\/api.w.org\/{rel}","templated":true}]}}