{"id":40314,"date":"2018-02-25T22:03:28","date_gmt":"2018-02-25T21:03:28","guid":{"rendered":"https:\/\/www.schiebener.net\/wordpress\/?p=40314"},"modified":"2018-02-25T22:03:28","modified_gmt":"2018-02-25T21:03:28","slug":"umleitung-groko-metoo-hetze-in-lokalmedien-cem-oezdemir-afd-funke-mediengruppe-und-eine-matrix-fuer-den-geschichtssunterricht","status":"publish","type":"post","link":"https:\/\/www.schiebener.net\/wordpress\/umleitung-groko-metoo-hetze-in-lokalmedien-cem-oezdemir-afd-funke-mediengruppe-und-eine-matrix-fuer-den-geschichtssunterricht\/","title":{"rendered":"Umleitung: GroKo, #metoo, Hetze in Lokalmedien, Cem \u00d6zdemir, AfD, Funke Mediengruppe und eine Matrix f\u00fcr den Geschichtssunterricht"},"content":{"rendered":"<figure id=\"attachment_40315\" aria-describedby=\"caption-attachment-40315\" style=\"width: 700px\" class=\"wp-caption aligncenter\"><a href=\"https:\/\/www.schiebener.net\/wordpress\/wp-content\/uploads\/2018\/02\/SchmantelRundweg2018022501.jpg\" target=\"_blank\" rel=\"noopener\"><img loading=\"lazy\" decoding=\"async\" class=\"wp-image-40315\" src=\"https:\/\/www.schiebener.net\/wordpress\/wp-content\/uploads\/2018\/02\/SchmantelRundweg2018022501.jpg\" alt=\"Gestern B\u00f6defeld, heute Hesborner Weg in Winterberg. Hauptsache verboten ... (foto: zoom)\" width=\"700\" height=\"449\" srcset=\"https:\/\/www.schiebener.net\/wordpress\/wp-content\/uploads\/2018\/02\/SchmantelRundweg2018022501.jpg 1024w, https:\/\/www.schiebener.net\/wordpress\/wp-content\/uploads\/2018\/02\/SchmantelRundweg2018022501-300x192.jpg 300w, https:\/\/www.schiebener.net\/wordpress\/wp-content\/uploads\/2018\/02\/SchmantelRundweg2018022501-768x493.jpg 768w\" sizes=\"auto, (max-width: 709px) 85vw, (max-width: 909px) 67vw, (max-width: 984px) 61vw, (max-width: 1362px) 45vw, 600px\" \/><\/a><figcaption id=\"caption-attachment-40315\" class=\"wp-caption-text\">Gestern B\u00f6defeld, heute Hesborner Weg in Winterberg. Hauptsache spazieren gehen &#8230; (foto: zoom)<\/figcaption><\/figure>\n<p><strong>Die Groko dreht ihr erstes Ding:<\/strong> Rentenk\u00fcrzung f\u00fcr Zeitungsboten &#8230; <a href=\"https:\/\/www.stern.de\/politik\/deutschland\/groko--stern-verhindert-renten-einbussen-fuer-zeitungsboten-7875384.html\" target=\"_blank\" rel=\"noopener\">stern<\/a><\/p>\n<p><strong>#metoo:<\/strong> Doch leider waren meine T\u00e4ter nur Deutsche &#8230; <a href=\"https:\/\/www.volksverpetzer.de\/kommentar\/metoo-deutsche\/\" target=\"_blank\" rel=\"noopener\">volksverpetzer<\/a><\/p>\n<p><strong>Grenzt das an Volksverhetzung? Sind das etwa Aufrufe zur Gewalt?<\/strong> WP-Artikel &#8222;Amok-Alarm: Auf Freilassung erfolgt wieder Festnahme der Syrer&#8220; &#8230; <a href=\"https:\/\/www.facebook.com\/sblfw\/posts\/975969042552872?pnref=story\" target=\"_blank\" rel=\"noopener\">sblFB<\/a><\/p>\n<p><strong>\u201eWie im Sportpalast\u201c:<\/strong> In einer fulminanten Rede dampft Cem \u00d6zdemir die Rassisten der AfD ein. Anschlie\u00dfend mu\u00df Bundestagsvizepr\u00e4sidentin Petra Pau den Freunden der Hundekrawatte noch die Regeln des Parlaments erkl\u00e4ren &#8230; <a href=\"https:\/\/doppelwacholder.wordpress.com\/2018\/02\/25\/wie-im-sportpalast\/\" target=\"_blank\" rel=\"noopener\">doppelwacholder<\/a><\/p>\n<p><strong>AfD will Europas Rechtspopulisten sammeln:<\/strong> In 15 Monaten w\u00e4hlen die B\u00fcrger ein neues Europaparlament. Schon jetzt ist absehbar, dass sich die Rechtsau\u00dfen-Parteien in Br\u00fcssel ganz neu formieren werden. Die AfD, die im Augenblick nur noch \u00fcber eines ihrer anfangs sieben Mandate verf\u00fcgt, will dabei eine f\u00fchrende Rolle spielen &#8230; <a href=\"https:\/\/www.bnr.de\/artikel\/hintergrund\/afd-will-europas-rechtspopulisten-sammeln\" target=\"_blank\" rel=\"noopener\">bnr<\/a><\/p>\n<p><strong>Funke Mediengruppe:<\/strong> &#8222;Abendblatt&#8220; &#8211; Mitarbeiter-Demo in Hamburg &#8230; <a href=\"https:\/\/www.ndr.de\/fernsehen\/sendungen\/zapp\/Abendblatt-Mitarbeiter-Demo-in-Hamburg,funkemediengruppe102.html\" target=\"_blank\" rel=\"noopener\">ndr<\/a><\/p>\n<p><strong>Eine Geschichts-\/Ged\u00e4chtnis-Matrix f\u00fcr den Geschichtsunterricht:<\/strong> Welche Rolle spielt staatlich gew\u00e4hrleisteter Geschichtsunterricht in offenen, demokratischen Gesellschaften in Bezug auf die Erinnerungen, die aus Kollektivph\u00e4nomenen wie Krieg, Unterdr\u00fcckung, Umsiedlung, Unrecht, Trauma, Staatsbildung oder sogar dem allt\u00e4glichen Leben entstehen? &#8230; <a href=\"https:\/\/public-history-weekly.degruyter.com\/4-2016-6\/a-historymemory-matrix-for-history-education\/\" target=\"_blank\" rel=\"noopener\">publicHistory<\/a><\/p>\n","protected":false},"excerpt":{"rendered":"<p>Die Groko dreht ihr erstes Ding: Rentenk\u00fcrzung f\u00fcr Zeitungsboten &#8230; stern #metoo: Doch leider waren meine T\u00e4ter nur Deutsche &#8230; volksverpetzer Grenzt das an Volksverhetzung? Sind das etwa Aufrufe zur &hellip; <a href=\"https:\/\/www.schiebener.net\/wordpress\/umleitung-groko-metoo-hetze-in-lokalmedien-cem-oezdemir-afd-funke-mediengruppe-und-eine-matrix-fuer-den-geschichtssunterricht\/\" class=\"more-link\"><span class=\"screen-reader-text\">\u201eUmleitung: GroKo, #metoo, Hetze in Lokalmedien, Cem \u00d6zdemir, AfD, Funke Mediengruppe und eine Matrix f\u00fcr den Geschichtssunterricht\u201c <\/span>weiterlesen<\/a><\/p>\n","protected":false},"author":3,"featured_media":0,"comment_status":"open","ping_status":"open","sticky":false,"template":"","format":"standard","meta":{"footnotes":""},"categories":[3,6658,1075,2620,319,83,80,32,24,6314,379],"tags":[],"class_list":["post-40314","post","type-post","status-publish","format-standard","hentry","category-bildung-und-schule","category-fluechtlinge","category-frauen","category-frauenpolitik","category-geschichte","category-hamburg-allgemein","category-lokales","category-medien","category-politik","category-rechtsextremismus","category-umleitung"],"_links":{"self":[{"href":"https:\/\/www.schiebener.net\/wordpress\/wp-json\/wp\/v2\/posts\/40314","targetHints":{"allow":["GET"]}}],"collection":[{"href":"https:\/\/www.schiebener.net\/wordpress\/wp-json\/wp\/v2\/posts"}],"about":[{"href":"https:\/\/www.schiebener.net\/wordpress\/wp-json\/wp\/v2\/types\/post"}],"author":[{"embeddable":true,"href":"https:\/\/www.schiebener.net\/wordpress\/wp-json\/wp\/v2\/users\/3"}],"replies":[{"embeddable":true,"href":"https:\/\/www.schiebener.net\/wordpress\/wp-json\/wp\/v2\/comments?post=40314"}],"version-history":[{"count":0,"href":"https:\/\/www.schiebener.net\/wordpress\/wp-json\/wp\/v2\/posts\/40314\/revisions"}],"wp:attachment":[{"href":"https:\/\/www.schiebener.net\/wordpress\/wp-json\/wp\/v2\/media?parent=40314"}],"wp:term":[{"taxonomy":"category","embeddable":true,"href":"https:\/\/www.schiebener.net\/wordpress\/wp-json\/wp\/v2\/categories?post=40314"},{"taxonomy":"post_tag","embeddable":true,"href":"https:\/\/www.schiebener.net\/wordpress\/wp-json\/wp\/v2\/tags?post=40314"}],"curies":[{"name":"wp","href":"https:\/\/api.w.org\/{rel}","templated":true}]}}