{"id":40309,"date":"2018-02-25T12:45:14","date_gmt":"2018-02-25T11:45:14","guid":{"rendered":"https:\/\/www.schiebener.net\/wordpress\/?p=40309"},"modified":"2018-02-25T12:45:14","modified_gmt":"2018-02-25T11:45:14","slug":"hochsauerlandkreis-alarm-fuer-den-rettungsdienst","status":"publish","type":"post","link":"https:\/\/www.schiebener.net\/wordpress\/hochsauerlandkreis-alarm-fuer-den-rettungsdienst\/","title":{"rendered":"Hochsauerlandkreis: Alarm f\u00fcr den Rettungsdienst"},"content":{"rendered":"<p><img loading=\"lazy\" decoding=\"async\" src=\"https:\/\/www.schiebener.net\/wordpress\/wp-content\/uploads\/2018\/02\/Rettungswachen20180225.jpg\" alt=\"\" width=\"700\" height=\"528\" class=\"aligncenter size-full wp-image-40312\" srcset=\"https:\/\/www.schiebener.net\/wordpress\/wp-content\/uploads\/2018\/02\/Rettungswachen20180225.jpg 700w, https:\/\/www.schiebener.net\/wordpress\/wp-content\/uploads\/2018\/02\/Rettungswachen20180225-300x226.jpg 300w\" sizes=\"auto, (max-width: 709px) 85vw, (max-width: 909px) 67vw, (max-width: 984px) 61vw, (max-width: 1362px) 45vw, 600px\" \/><strong>Landrat und Kreisverwaltung lie\u00dfen Ende 2016 von der GanzGanzGro\u00dfenKoalition (\u201cGaGaGroKo\u201d) im Kreistag einen neuen Rettungsdienstbedarfsplan beschlie\u00dfen. Damit sollte ab 2017 alles besser werden, damit die Einsatzziele erreicht werden: In 90% der Notf\u00e4lle soll der Rettungswagen sp\u00e4testens 12 Minuten nach der Alarmierung am Einsatzort sein. Das ist bereits deutlich l\u00e4nger als in St\u00e4dten, wo die Ziele bei 8 bis 10 Minuten liegen.<\/strong><\/p>\n<p><em>(Der Artikel ist heute zuerst <a href=\"http:\/\/sbl-fraktion.de\/?p=8334\" target=\"_blank\" rel=\"noopener\">auf der Website der Sauerl\u00e4nder B\u00fcrgerliste<\/a> erschienen.)<\/em><\/p>\n<p>Dass die Ziele mit dem neuen Bedarfsplan nicht erreicht werden, war absehbar: Eklatante statistische M\u00e4ngel bei der Auswertung der Datengrundlagen wurden ignoriert, als Datenbasis dienten (zu alte) Daten nur aus dem Jahr 2013, und alle \u00c4nderungsantr\u00e4ge der Opposition wurden (mal wieder) abgelehnt. Im Ergebnis wurden vor allem aus den Rettungswachen im \u00f6stlichen Kreisgebiet (Altkreis Brilon) die zweiten Rettungstransportwagen (RTW) abgezogen und in Arnsberg und Sundern nachts zus\u00e4tzliche RTW einsatzbereit gehalten, die dort gar nicht ben\u00f6tigt werden.<\/p>\n<p>So waren z.B. in der Rettungswache Brilon bis 2016 an allen 7 Tagen der Woche von 7 bis 19 Uhr, also insgesamt 84 Stunden pro Woche, 2 RTW einsatzbereit. Ab 2017 war dies nur noch an 8 Stunden <u>pro Woche<\/u> der Fall. \u00c4hnliches geschah in Marsberg und Olsberg.<\/p>\n<p>Nun liegen die Ergebnisse f\u00fcr das Jahr 2017 vor. Das dauerte allerdings, denn erst nach dem zweiten Antrag der SBL\/FW-Kreistagsfraktion legte die Kreisverwaltung Daten f\u00fcr die einzelnen Rettungswachen vor.<\/p>\n<p>Das Ergebnis ist erschreckend und zeigt, dass der Rettungsdienstbedarfsplan von Landrat und Kreisverwaltung gescheitert ist!<br \/>\nDazu einige Zahlen:<\/p>\n<p>In 7 der 12 Rettungswachen im Kreisgebiet wurde der 10%-Anteil f\u00fcr Hilfsfristen von mehr als 12 Minuten im Jahr 2017 so deutlich \u00fcberschritten, dass er bei mehr als 15% lag:<\/p>\n<ul>\n<li>Brilon 17,0%<\/li>\n<li>Eslohe 21,8%<\/li>\n<li>Fredeburg 25,5%<\/li>\n<li>Marsberg 16,0%<\/li>\n<li>Medelon 27,6%<\/li>\n<li>Olsberg 22,1%<\/li>\n<li>Winterberg 17,7%.<\/li>\n<\/ul>\n<p>In Fredeburg und in Medebach-Medelon braucht der Rettungswagen also bei mehr als jedem 4. Einsatz l\u00e4nger als die vorgesehenen 12 Minuten, bis er den Einsatzort erreicht. Nach der Zielvorgabe d\u00fcrfte dies nur bei jedem 10. Einsatz der Fall sein.<br \/>\nIn 4 weiteren Rettungswachen lag der Anteil der Hilfsfrist\u00fcberschreitungen zwischen 13% und 15%. Nur die Rettungswache Neheim erreicht mit 8,0% das Ziel von maximal 10%-Anteil f\u00fcr die Hilfsfrist\u00fcberschreitungen.<\/p>\n<p>Zu den langen Hilfsfristen tragen Einsatzfahrten aus anderen Rettungswachenbezirken erheblich bei, wenn also in der \u201ceigenen\u201d Rettungswache kein Fahrzeug zur Verf\u00fcgung steht. Dieser Anteil der Fremdwacheneins\u00e4tze lag 2017 in Medelon bei 43,2%, in Eslohe bei 37,8%, und in Brilon, Olsberg und Winterberg zwischen 21% und 26%. Was in der Stadt Arnsberg mit 3 Rettungswachen innerhalb des Stadtgebietes nicht relevant ist, f\u00fchrt in den l\u00e4ndlichen Regionen zu sehr langen Fahrzeiten.<\/p>\n<p>Die Ergebnisse zeigen, dass dringender Handlungsbedarf besteht, um den Rettungsdienstbedarfsplan zu \u00fcberarbeiten. Es bleibt zu hoffen, dass sich Landrat, Kreisverwaltung und GaGaGroKo nun endlich bewegen. Am Montag (26.02.) steht das Thema im Gesundheits- und Sozialausschuss des HSK auf der Tagesordnung.<\/p>\n","protected":false},"excerpt":{"rendered":"<p>Landrat und Kreisverwaltung lie\u00dfen Ende 2016 von der GanzGanzGro\u00dfenKoalition (\u201cGaGaGroKo\u201d) im Kreistag einen neuen Rettungsdienstbedarfsplan beschlie\u00dfen. Damit sollte ab 2017 alles besser werden, damit die Einsatzziele erreicht werden: In 90% &hellip; <a href=\"https:\/\/www.schiebener.net\/wordpress\/hochsauerlandkreis-alarm-fuer-den-rettungsdienst\/\" class=\"more-link\"><span class=\"screen-reader-text\">\u201eHochsauerlandkreis: Alarm f\u00fcr den Rettungsdienst\u201c <\/span>weiterlesen<\/a><\/p>\n","protected":false},"author":17,"featured_media":0,"comment_status":"open","ping_status":"open","sticky":false,"template":"","format":"standard","meta":{"footnotes":""},"categories":[7088,80,24],"tags":[835,5492,6460,7303],"class_list":["post-40309","post","type-post","status-publish","format-standard","hentry","category-gesundheit","category-lokales","category-politik","tag-hochsauerlandkreis","tag-kreistag-hsk","tag-rettungsdienstbedarfsplan","tag-rettungswachen"],"_links":{"self":[{"href":"https:\/\/www.schiebener.net\/wordpress\/wp-json\/wp\/v2\/posts\/40309","targetHints":{"allow":["GET"]}}],"collection":[{"href":"https:\/\/www.schiebener.net\/wordpress\/wp-json\/wp\/v2\/posts"}],"about":[{"href":"https:\/\/www.schiebener.net\/wordpress\/wp-json\/wp\/v2\/types\/post"}],"author":[{"embeddable":true,"href":"https:\/\/www.schiebener.net\/wordpress\/wp-json\/wp\/v2\/users\/17"}],"replies":[{"embeddable":true,"href":"https:\/\/www.schiebener.net\/wordpress\/wp-json\/wp\/v2\/comments?post=40309"}],"version-history":[{"count":0,"href":"https:\/\/www.schiebener.net\/wordpress\/wp-json\/wp\/v2\/posts\/40309\/revisions"}],"wp:attachment":[{"href":"https:\/\/www.schiebener.net\/wordpress\/wp-json\/wp\/v2\/media?parent=40309"}],"wp:term":[{"taxonomy":"category","embeddable":true,"href":"https:\/\/www.schiebener.net\/wordpress\/wp-json\/wp\/v2\/categories?post=40309"},{"taxonomy":"post_tag","embeddable":true,"href":"https:\/\/www.schiebener.net\/wordpress\/wp-json\/wp\/v2\/tags?post=40309"}],"curies":[{"name":"wp","href":"https:\/\/api.w.org\/{rel}","templated":true}]}}