{"id":40292,"date":"2018-02-23T22:16:41","date_gmt":"2018-02-23T21:16:41","guid":{"rendered":"https:\/\/www.schiebener.net\/wordpress\/?p=40292"},"modified":"2018-02-23T22:41:43","modified_gmt":"2018-02-23T21:41:43","slug":"in-memoriam-abbe-franz-stock-21-09-1904-24-02-1948","status":"publish","type":"post","link":"https:\/\/www.schiebener.net\/wordpress\/in-memoriam-abbe-franz-stock-21-09-1904-24-02-1948\/","title":{"rendered":"In Memoriam Abb\u00e9 Franz Stock &#8211; *21.09.1904 &middot; &dagger;24.02.1948"},"content":{"rendered":"<p><strong>Der <a href=\"http:\/\/fernsehen.katholisch.de\/Kirchenprogramme\/Gottesdienst\/Jahresplan2018\/KatholischerGottesdienstam25Februar2018ausNeheim.aspx\" target=\"_blank\" rel=\"noopener\">Gottesdienst am Sonntag, 25. Februar 2018, 9.30 Uhr<\/a>, den das ZDF aus der <a href=\"https:\/\/de.wikipedia.org\/wiki\/St._Johannes_Baptist_(Neheim)\" target=\"_blank\" rel=\"noopener\">Pfarrkirche St. Johannes Baptist Neheim<\/a> \u00fcbertr\u00e4gt, gedenkt dem geb\u00fcrtigen Neheimer und sp\u00e4teren Vermittler zwischen Deutschen und Franzosen <a href=\"https:\/\/de.wikipedia.org\/wiki\/Franz_Stock\" target=\"_blank\" rel=\"noopener\">Franz Stock<\/a>. <\/strong><\/p>\n<div class=\"video-wrapped video-wrapped-video video-wrapped-yt\" style=\"width: 840px; min-height: 630px; background-image: url('https:\/\/www.schiebener.net\/wordpress\/wp-content\/plugins\/wp-video-embed-privacy-master\/preview\/yt\/POq64foVu3w.jpg?s=96ba80edf50b4437416e7875ccf68129470651d89276042779e0fd38706f10b3')\" data-embed-frame=\"&lt;iframe title=&quot;Franz Stock: ein Video-Portrait (deutsch)&quot; width=&quot;840&quot; height=&quot;630&quot; src=&quot;https:\/\/www.youtube-nocookie.com\/embed\/POq64foVu3w?feature=oembed&quot; frameborder=&quot;0&quot; allow=&quot;accelerometer; autoplay; clipboard-write; encrypted-media; gyroscope; picture-in-picture; web-share&quot; referrerpolicy=&quot;strict-origin-when-cross-origin&quot; allowfullscreen&gt;&lt;\/iframe&gt;\" data-embed-play=\"&lt;span&gt;Video abspielen&lt;\/span&gt;&lt;div class=&quot;small&quot;&gt;&lt;span&gt;Das Video wird von Youtube eingebettet. Es gelten die &lt;a href=&quot;https:\/\/www.google.com\/intl\/de\/policies\/privacy\/&quot; target=&quot;_blank&quot;&gt;Datenschutzerkl\u00e4rungen von Google&lt;\/a&gt;.&lt;\/span&gt;&lt;\/div&gt;\">\n<div class=\"video-wrapped-nojs\"><span>Aktivieren Sie JavaScript um das Video zu sehen.<br \/>Video-Link: <a href=\"https:\/\/www.youtube.com\/watch?v=POq64foVu3w\">https:\/\/www.youtube.com\/watch?v=POq64foVu3w<\/a><\/span><\/div>\n<\/div>\n<p>1904 geboren, 1932 zum Priester geweiht und ab 1934 als Seelsorger f\u00fcr die deutschen Katholiken in Paris t\u00e4tig, war Franz Stock w\u00e4hrend der deutschen Besatzungszeit im Zweiten Weltkrieg als Seelsorger der Wehrmachtsgef\u00e4ngnisse von Paris und der Hinrichtungsst\u00e4tte auf dem Mont Val\u00e9rien bei Paris zust\u00e4ndig. Nach der Befreiung von Paris war er f\u00fcr alle in franz\u00f6sischer Kriegsgefangenschaft befindlichen Priester und Seminaristen verantwortlich. Bei seiner Arbeit geriet er an die Grenzen dessen, was ein Mensch ertragen kann. Gest\u00e4rkt durch seinen Glauben, habe Franz Stock es geschafft, Mensch zu bleiben, erkl\u00e4rt Pfarrer Stephan Jung. Stock ist das Motto des Gottesdiensts gewidmet: &#8222;Menschlichkeit \u00fcber Grenzen hinweg&#8220;.<\/p>\n<p>&#8222;Er ist ein Wegbereiter des europ\u00e4ischen Friedens. Nach den verheerenden Kriegen hat er sich unerm\u00fcdlich f\u00fcr Vers\u00f6hnung und Frieden eingesetzt, besonders zwischen den einstigen Erbfeinden Deutschland und Frankreich&#8220;, betont Pfarrer Jung.<\/p>\n<p>Zelebrant des Gottesdienstes ist der Erzbischof von Paderborn, Hans-Josef Becker. Die musikalische Gestaltung \u00fcbernimmt der Neheimer Projektchor St. Johannes Baptist. An dem Gottesdienst nehmen Familienmitglieder und Wegbegleiter Franz Stocks ebenso teil wie viele weitere G\u00e4ste aus Frankreich und Deutschland.<\/p>\n<p>Quelle: PM <a href=\"https:\/\/www.presseportal.de\/pm\/7840\/3873402\" target=\"_blank\" rel=\"noopener\">ZDF<\/a><\/p>\n<p><strong>Weitere Informationen: <\/strong><\/p>\n<p><strong>\u00bb<\/strong> <a href=\"https:\/\/franz-stock.org\/index.php\/de\/\" target=\"_blank\" rel=\"noopener\">Franz-Stock-Komitee f\u00fcr Deutschland e.V.<\/a><\/p>\n<p><strong>\u00bb<\/strong> <a href=\"https:\/\/www.schiebener.net\/wordpress\/sauerlaendische-lebenszeugen-ein-aktuelles-buch-ueber-widerstand-in-der-heimat-und-maertyrer-der-ns-zeit\/\">P. B\u00fcrger: Sauerl\u00e4ndische Lebenszeugen.<\/a> \u2013 Friedensarbeiter, Antifaschisten und M\u00e4rtyrer des kurk\u00f6lnischen Sauerlandes.<\/p>\n<p>In vorstehend erw\u00e4hntem Buch (Neuerscheinung) wird in einem dokumentarischen Anhang u.a. Abb\u00e9 Franz Stock als \u201eSauerl\u00e4ndischer Friedensbote\u201c der NS-Zeit gew\u00fcrdigt.<\/p>\n","protected":false},"excerpt":{"rendered":"<p>Der Gottesdienst am Sonntag, 25. Februar 2018, 9.30 Uhr, den das ZDF aus der Pfarrkirche St. Johannes Baptist Neheim \u00fcbertr\u00e4gt, gedenkt dem geb\u00fcrtigen Neheimer und sp\u00e4teren Vermittler zwischen Deutschen und &hellip; <a href=\"https:\/\/www.schiebener.net\/wordpress\/in-memoriam-abbe-franz-stock-21-09-1904-24-02-1948\/\" class=\"more-link\"><span class=\"screen-reader-text\">\u201eIn Memoriam Abb\u00e9 Franz Stock &#8211; *21.09.1904 &middot; &dagger;24.02.1948\u201c <\/span>weiterlesen<\/a><\/p>\n","protected":false},"author":64,"featured_media":0,"comment_status":"open","ping_status":"open","sticky":false,"template":"","format":"standard","meta":{"footnotes":""},"categories":[218,533,674,80,49],"tags":[7299,7036],"class_list":["post-40292","post","type-post","status-publish","format-standard","hentry","category-bucher","category-europa","category-kultur","category-lokales","category-religion","tag-franz-stock","tag-st-johannes-neheim"],"_links":{"self":[{"href":"https:\/\/www.schiebener.net\/wordpress\/wp-json\/wp\/v2\/posts\/40292","targetHints":{"allow":["GET"]}}],"collection":[{"href":"https:\/\/www.schiebener.net\/wordpress\/wp-json\/wp\/v2\/posts"}],"about":[{"href":"https:\/\/www.schiebener.net\/wordpress\/wp-json\/wp\/v2\/types\/post"}],"author":[{"embeddable":true,"href":"https:\/\/www.schiebener.net\/wordpress\/wp-json\/wp\/v2\/users\/64"}],"replies":[{"embeddable":true,"href":"https:\/\/www.schiebener.net\/wordpress\/wp-json\/wp\/v2\/comments?post=40292"}],"version-history":[{"count":0,"href":"https:\/\/www.schiebener.net\/wordpress\/wp-json\/wp\/v2\/posts\/40292\/revisions"}],"wp:attachment":[{"href":"https:\/\/www.schiebener.net\/wordpress\/wp-json\/wp\/v2\/media?parent=40292"}],"wp:term":[{"taxonomy":"category","embeddable":true,"href":"https:\/\/www.schiebener.net\/wordpress\/wp-json\/wp\/v2\/categories?post=40292"},{"taxonomy":"post_tag","embeddable":true,"href":"https:\/\/www.schiebener.net\/wordpress\/wp-json\/wp\/v2\/tags?post=40292"}],"curies":[{"name":"wp","href":"https:\/\/api.w.org\/{rel}","templated":true}]}}