{"id":40239,"date":"2018-02-17T22:17:59","date_gmt":"2018-02-17T21:17:59","guid":{"rendered":"https:\/\/www.schiebener.net\/wordpress\/?p=40239"},"modified":"2018-02-18T17:32:49","modified_gmt":"2018-02-18T16:32:49","slug":"freie-waehler-winterberg-wollen-2020-ins-rathaus","status":"publish","type":"post","link":"https:\/\/www.schiebener.net\/wordpress\/freie-waehler-winterberg-wollen-2020-ins-rathaus\/","title":{"rendered":"Freie W\u00e4hler Winterberg wollen 2020 ins Rathaus"},"content":{"rendered":"<figure id=\"attachment_40240\" aria-describedby=\"caption-attachment-40240\" style=\"width: 700px\" class=\"wp-caption aligncenter\"><img loading=\"lazy\" decoding=\"async\" class=\"size-full wp-image-40240\" src=\"https:\/\/www.schiebener.net\/wordpress\/wp-content\/uploads\/2018\/02\/Deggendorf20180214.jpg\" alt=\"\" width=\"700\" height=\"432\" srcset=\"https:\/\/www.schiebener.net\/wordpress\/wp-content\/uploads\/2018\/02\/Deggendorf20180214.jpg 700w, https:\/\/www.schiebener.net\/wordpress\/wp-content\/uploads\/2018\/02\/Deggendorf20180214-300x185.jpg 300w\" sizes=\"auto, (max-width: 709px) 85vw, (max-width: 909px) 67vw, (max-width: 984px) 61vw, (max-width: 1362px) 45vw, 600px\" \/><figcaption id=\"caption-attachment-40240\" class=\"wp-caption-text\">Sebastian Vielhaber (links) beim politischen Aschermittwoch in Deggendorf (foto: Freie W\u00e4hler)<\/figcaption><\/figure>\n<p><strong>Die <a href=\"http:\/\/www.fw-winterberg.de\/cms\/\" target=\"_blank\" rel=\"noopener\">Freien W\u00e4hler (FWG) Winterberg<\/a> wollen bei den n\u00e4chsten Kommunalwahlen ins Winterberger Rathaus einziehen. Die Voraussetzungen, dass neben CDU, SPD und FDP eine weitere Gruppe Einfluss auf die Kommunalpolitik in Winterberg gewinne, seien sehr gut, erl\u00e4utert der 1. Vorsitzende der FWG Sebastian Vielhaber im Gespr\u00e4ch.<\/strong><\/p>\n<p>Die geplante Schlie\u00dfung der Verbundschule in Siedlinghausen h\u00e4tte viele B\u00fcrgerinnen und B\u00fcrger emp\u00f6rt. Nach der Gr\u00fcndung der B\u00fcrgerinitiative zum Schulerhalt und dem Ratsb\u00fcrgerentscheid, habe sich gezeigt, dass in Winterberg &#8222;das Wasser kocht&#8220;.<\/p>\n<p><em>(Artikel rund um den Ratsb\u00fcrgerentscheid <a href=\"https:\/\/www.schiebener.net\/wordpress\/page\/1\/?s=Ratsb%C3%BCrgerentscheid\" target=\"_blank\" rel=\"noopener\">hier im Blog<\/a>.)<\/em><\/p>\n<p>Die FWG habe zwar den Impuls aus den Auseinandersetzungen um die Schulschlie\u00dfung in Siedlinghausen erhalten, bearbeite aber inzwischen Themen, die die ganze Stadt Winterberg betr\u00e4fen:<\/p>\n<ul>\n<li>Schulinfrastruktur<\/li>\n<li>Schuldenabbau<\/li>\n<li>Oversum<\/li>\n<li>Stra\u00dfenausbaugeb\u00fchren f\u00fcr Anwohner<\/li>\n<li>Waldverkauf<\/li>\n<li>Verkehrskonzept Skitourismus<\/li>\n<li>kostenloser \u00d6PNV<\/li>\n<li>Winterberger Wirtschaft<\/li>\n<li>Haushaltsfragen<\/li>\n<li>Transparenz der Politik<\/li>\n<\/ul>\n<p>Seit <a href=\"https:\/\/www.schiebener.net\/wordpress\/kurz-gebloggt-freie-waehler-wollen-das-winterberger-rathaus-erobern\/\" target=\"_blank\" rel=\"noopener\">Gr\u00fcndung der FWG Winterberg am 3. Mai 2017<\/a> h\u00e4tten die Freien W\u00e4hler schon einige (kleine) Erfolge erzielt. Dazu z\u00e4hlt Sebastian Vielhaber auch die Aufmerksamkeit, die die B\u00fcrgeranregungen an den Rat in der \u00d6ffentlichkeit gefunden h\u00e4tten.<\/p>\n<p>Durch gro\u00dfe Hartn\u00e4ckigkeit habe man noch als B\u00fcrgerinitiative die <a href=\"https:\/\/www.schiebener.net\/wordpress\/umleitung-von-der-qualitaetsanalyse-in-winterberg-ueber-die-feinde-der-offenen-wissenschaft-zum-flughafen-paderborn\/\" target=\"_blank\" rel=\"noopener\">Qualit\u00e4tsanalyse der Verbundschule Siedlinghausen-Winterberg<\/a> erhalten. Die n\u00e4chste Anfrage nach dem Informationsfreiheitsgesetz (IFG) werde Aufschluss \u00fcber Details des Geb\u00e4udemanagements in Winterberg bringen.<\/p>\n<p>Intensiv h\u00e4tten sich die Freien W\u00e4hler mit dem Haushalt der Stadt Winterberg auseinandergesetzt, und auch wenn <a href=\"https:\/\/www.schiebener.net\/wordpress\/fwg-buerger-fuer-winterberg-und-ortschaften-einwendungen-und-anregungen-zum-haushaltsentwurf-2018\/\" target=\"_blank\" rel=\"noopener\">ihre Anregungen<\/a> in der Mehrzahl vom Rat abgelehnt worden seien, h\u00e4tte es doch kleine Erfolge gegeben:<\/p>\n<p>Die 14 Tage Auslegungsfrist des Haushalts nach der <a href=\"http:\/\/www.lexsoft.de\/cgi-bin\/lexsoft\/justizportal_nrw.cgi?t=151890035874392775&amp;sessionID=1330616962564481327&amp;chosenIndex=Dummy_nv_68&amp;templateID=document&amp;source=context&amp;source=context&amp;highlighting=off&amp;xid=146702,81\" target=\"_blank\" rel=\"noopener\">Gemeindeordnung \u00a780, Absatz 3<\/a> sei auf drei Wochen erh\u00f6ht worden. Die FWG habe kleine Fehler im Haushalt aufzeigen k\u00f6nnen: falsche Fl\u00fcchtlingszahlen und im Bereich Feuerschutz\/Brandschutz Bez\u00fcge zu veralteten Gesetzen.<\/p>\n<p>Ein Erfolg, so Vielhaber, sei der nun auch schriftlich protokollierte j\u00e4hrliche Zuschuss der Stadt Winterberg zum privatisierten Frei- und Hallenbad Siedlinghausen.<\/p>\n<p>Sehr begeistert war Sebastian Vielhaber vom Besuch des <a href=\"http:\/\/www.fw-winterberg.de\/cms\/pages\/topics\/freie-waehler-nrw-politischer-aschermittwoch-14.02.18.php\" target=\"_blank\" rel=\"noopener\">politischen Aschermittwochs der Freien W\u00e4hler in Degendorf\/Bayern<\/a>. Die politische Rede des Bundes- und Landesvorsitzenden Hubert Aiwanger habe ihn \u00fcberzeugt, dass auch in Winterberg das Thema &#8222;<a href=\"https:\/\/www.br.de\/radio\/bayern2\/hubert-aiwanger-freie-waehler-strassenausbaubeitraege-nicht-mehr-haltbar-100.html\" target=\"_blank\" rel=\"noopener\">Abschaffung der Stra\u00dfenausbaugeb\u00fchren<\/a>&#8220; auf die politische B\u00fchne geh\u00f6re.<\/p>\n<p>Um noch mehr Mitstreiter zu gewinnen, werde es Anfang M\u00e4rz (der genaue Termin stehe noch nicht fest) einen \u00f6ffentlichen politischen Austausch \u00fcber die Wege und Ziele der FWG Winterberg geben.<\/p>\n<p>&#8222;Wir brauchen Leute, die im Vorstand mitarbeiten, aus allen Ortsteilen&#8220;, so Vielhaber, denn es g\u00e4be viel zu tun.<\/p>\n<p>Informieren wollen die Freien W\u00e4hler Winterberg <a href=\"http:\/\/www.fw-winterberg.de\/cms\/\" target=\"_blank\" rel=\"noopener\">\u00fcber ihre Website<\/a>. &#8222;Da sind noch einige Baustellen, aber wir arbeiten daran.&#8220;<\/p>\n<p>Priorit\u00e4t habe die Erstellung eines politischen Eckpunktepapiers.<\/p>\n","protected":false},"excerpt":{"rendered":"<p>Die Freien W\u00e4hler (FWG) Winterberg wollen bei den n\u00e4chsten Kommunalwahlen ins Winterberger Rathaus einziehen. Die Voraussetzungen, dass neben CDU, SPD und FDP eine weitere Gruppe Einfluss auf die Kommunalpolitik in &hellip; <a href=\"https:\/\/www.schiebener.net\/wordpress\/freie-waehler-winterberg-wollen-2020-ins-rathaus\/\" class=\"more-link\"><span class=\"screen-reader-text\">\u201eFreie W\u00e4hler Winterberg wollen 2020 ins Rathaus\u201c <\/span>weiterlesen<\/a><\/p>\n","protected":false},"author":3,"featured_media":0,"comment_status":"open","ping_status":"open","sticky":false,"template":"","format":"standard","meta":{"footnotes":""},"categories":[3,80,24],"tags":[6807,7221,7222,2035,322],"class_list":["post-40239","post","type-post","status-publish","format-standard","hentry","category-bildung-und-schule","category-lokales","category-politik","tag-freie-waehler-winterberg","tag-fwg-buerger-fuer-winterberg-und-ortschaften","tag-haushaltsentwurf-2018","tag-ratssitzung","tag-winterberg"],"_links":{"self":[{"href":"https:\/\/www.schiebener.net\/wordpress\/wp-json\/wp\/v2\/posts\/40239","targetHints":{"allow":["GET"]}}],"collection":[{"href":"https:\/\/www.schiebener.net\/wordpress\/wp-json\/wp\/v2\/posts"}],"about":[{"href":"https:\/\/www.schiebener.net\/wordpress\/wp-json\/wp\/v2\/types\/post"}],"author":[{"embeddable":true,"href":"https:\/\/www.schiebener.net\/wordpress\/wp-json\/wp\/v2\/users\/3"}],"replies":[{"embeddable":true,"href":"https:\/\/www.schiebener.net\/wordpress\/wp-json\/wp\/v2\/comments?post=40239"}],"version-history":[{"count":0,"href":"https:\/\/www.schiebener.net\/wordpress\/wp-json\/wp\/v2\/posts\/40239\/revisions"}],"wp:attachment":[{"href":"https:\/\/www.schiebener.net\/wordpress\/wp-json\/wp\/v2\/media?parent=40239"}],"wp:term":[{"taxonomy":"category","embeddable":true,"href":"https:\/\/www.schiebener.net\/wordpress\/wp-json\/wp\/v2\/categories?post=40239"},{"taxonomy":"post_tag","embeddable":true,"href":"https:\/\/www.schiebener.net\/wordpress\/wp-json\/wp\/v2\/tags?post=40239"}],"curies":[{"name":"wp","href":"https:\/\/api.w.org\/{rel}","templated":true}]}}