{"id":40221,"date":"2018-02-14T21:30:53","date_gmt":"2018-02-14T20:30:53","guid":{"rendered":"https:\/\/www.schiebener.net\/wordpress\/?p=40221"},"modified":"2018-02-14T21:36:35","modified_gmt":"2018-02-14T20:36:35","slug":"in-eigener-sache-kleine-blogpause","status":"publish","type":"post","link":"https:\/\/www.schiebener.net\/wordpress\/in-eigener-sache-kleine-blogpause\/","title":{"rendered":"In eigener Sache: Kleine Blogpause"},"content":{"rendered":"<p><figure id=\"attachment_40222\" aria-describedby=\"caption-attachment-40222\" style=\"width: 683px\" class=\"wp-caption aligncenter\"><a href=\"https:\/\/www.schiebener.net\/wordpress\/wp-content\/uploads\/2018\/02\/Elbphilharmonie20180209.jpg\" target=\"_blank\" rel=\"noopener\"><img loading=\"lazy\" decoding=\"async\" class=\"wp-image-40222 size-full\" src=\"https:\/\/www.schiebener.net\/wordpress\/wp-content\/uploads\/2018\/02\/Elbphilharmonie20180209.jpg\" alt=\"\" width=\"683\" height=\"1024\" srcset=\"https:\/\/www.schiebener.net\/wordpress\/wp-content\/uploads\/2018\/02\/Elbphilharmonie20180209.jpg 683w, https:\/\/www.schiebener.net\/wordpress\/wp-content\/uploads\/2018\/02\/Elbphilharmonie20180209-200x300.jpg 200w\" sizes=\"auto, (max-width: 709px) 85vw, (max-width: 909px) 67vw, (max-width: 984px) 61vw, (max-width: 1362px) 45vw, 600px\" \/><\/a><figcaption id=\"caption-attachment-40222\" class=\"wp-caption-text\">Entspannt im Norden beim Besuch der Elbphilharmonie (foto: zoom)<\/figcaption><\/figure><strong>Ich habe zur Zeit ein paar Artikel &#8222;in der Pipeline&#8220;, werde aber in den n\u00e4chsten Tagen nicht dazu kommen, sie zu bearbeiten und zu ver\u00f6ffentlichen.<\/strong><\/p>\n<p>Der Grund ist simpel: die Zeit ist knapp. Der b\u00fcrgerliche Broterwerb geht vor, auch wenn links und rechts die H\u00fctte brennt und die Kommentarfinger zucken.<\/p>\n<p>Dabei gibt es traurige Entwicklungen. Die SPD ist in Gefahr zu implodieren, wie es auch schon in anderen europ\u00e4ischen L\u00e4ndern geschehen ist: <a href=\"https:\/\/www.tagesschau.de\/inland\/krise-sozialdemokratie-101.html\" rel=\"noopener\" target=\"_blank\">https:\/\/www.tagesschau.de\/inland\/krise-sozialdemokratie-101.html<\/a><\/p>\n<p>Auch als Nicht-SPDler finde ich das beunruhigend, weil ein Teil der W\u00e4hler zur AfD springen wird und der andere Teil &#8230; bleibt wo?<\/p>\n<p>Den Selbstzerst\u00f6rungsmechanismus haben genau diejenigen Kader ausgel\u00f6st, die jetzt immer noch auf der B\u00fchne herum springen.<\/p>\n<p>Zur Zeit laufen im Hochsauerlandkreis die Pro-GROKO-Diskussionsveranstaltungen der SPD hinter verschlossenen T\u00fcren. Ich habe eine Ahnung, wie es ausgeht, wei\u00df aber nicht, ob das Ergebnis die SPD retten wird.<\/p>\n<p>Wer wei\u00df das schon?<\/p>\n","protected":false},"excerpt":{"rendered":"<p>Ich habe zur Zeit ein paar Artikel &#8222;in der Pipeline&#8220;, werde aber in den n\u00e4chsten Tagen nicht dazu kommen, sie zu bearbeiten und zu ver\u00f6ffentlichen. Der Grund ist simpel: die &hellip; <a href=\"https:\/\/www.schiebener.net\/wordpress\/in-eigener-sache-kleine-blogpause\/\" class=\"more-link\"><span class=\"screen-reader-text\">\u201eIn eigener Sache: Kleine Blogpause\u201c <\/span>weiterlesen<\/a><\/p>\n","protected":false},"author":3,"featured_media":0,"comment_status":"open","ping_status":"open","sticky":false,"template":"","format":"standard","meta":{"footnotes":""},"categories":[2489,80,24],"tags":[1920,2567],"class_list":["post-40221","post","type-post","status-publish","format-standard","hentry","category-in-eigener-sache","category-lokales","category-politik","tag-blogpause","tag-spd-krise"],"_links":{"self":[{"href":"https:\/\/www.schiebener.net\/wordpress\/wp-json\/wp\/v2\/posts\/40221","targetHints":{"allow":["GET"]}}],"collection":[{"href":"https:\/\/www.schiebener.net\/wordpress\/wp-json\/wp\/v2\/posts"}],"about":[{"href":"https:\/\/www.schiebener.net\/wordpress\/wp-json\/wp\/v2\/types\/post"}],"author":[{"embeddable":true,"href":"https:\/\/www.schiebener.net\/wordpress\/wp-json\/wp\/v2\/users\/3"}],"replies":[{"embeddable":true,"href":"https:\/\/www.schiebener.net\/wordpress\/wp-json\/wp\/v2\/comments?post=40221"}],"version-history":[{"count":0,"href":"https:\/\/www.schiebener.net\/wordpress\/wp-json\/wp\/v2\/posts\/40221\/revisions"}],"wp:attachment":[{"href":"https:\/\/www.schiebener.net\/wordpress\/wp-json\/wp\/v2\/media?parent=40221"}],"wp:term":[{"taxonomy":"category","embeddable":true,"href":"https:\/\/www.schiebener.net\/wordpress\/wp-json\/wp\/v2\/categories?post=40221"},{"taxonomy":"post_tag","embeddable":true,"href":"https:\/\/www.schiebener.net\/wordpress\/wp-json\/wp\/v2\/tags?post=40221"}],"curies":[{"name":"wp","href":"https:\/\/api.w.org\/{rel}","templated":true}]}}