{"id":4021,"date":"2009-07-23T21:16:18","date_gmt":"2009-07-23T19:16:18","guid":{"rendered":"http:\/\/www.schiebener.net\/wordpress\/?p=4021"},"modified":"2009-07-23T21:17:10","modified_gmt":"2009-07-23T19:17:10","slug":"nach-der-reise-vielen-dank-und-weiter-machen","status":"publish","type":"post","link":"https:\/\/www.schiebener.net\/wordpress\/nach-der-reise-vielen-dank-und-weiter-machen\/","title":{"rendered":"Nach der Reise: Vielen Dank und weiter machen!"},"content":{"rendered":"<h3 class=\"mceTemp mceIEcenter\">\n<dl id=\"attachment_4020\" class=\"wp-caption aligncenter\" style=\"width: 490px;\">\n<dt class=\"wp-caption-dt\"><img loading=\"lazy\" decoding=\"async\" class=\"size-full wp-image-4020\" title=\"La Bolschevita\" src=\"http:\/\/www.schiebener.net\/wordpress\/wp-content\/uploads\/2009\/07\/plakat01.jpg\" alt=\"La Bolschevita in Marburg an der Lahn\" width=\"480\" height=\"376\" srcset=\"https:\/\/www.schiebener.net\/wordpress\/wp-content\/uploads\/2009\/07\/plakat01.jpg 480w, https:\/\/www.schiebener.net\/wordpress\/wp-content\/uploads\/2009\/07\/plakat01-300x235.jpg 300w\" sizes=\"auto, (max-width: 480px) 85vw, 480px\" \/><\/dt>\n<dd class=\"wp-caption-dd\">La Bolschevita in Marburg an der Lahn<\/dd>\n<\/dl>\n<\/h3>\n<p>Allein wegen solcher Plakate reise ich gern.<\/p>\n<p>Dieses hier habe ich beim Stromern durch Marburg an der Lahn aufgenommen. Menschen, die in gro\u00dfen (Universit\u00e4ts-)St\u00e4dten wohnen, m\u00f6gen reiz\u00fcberflutet die Schulter zucken, aber was Studenten k\u00f6nnen, k\u00f6nnen nur Studenten und mir rettet es den Tag.<\/p>\n<p>W\u00e4hrend ich also &#8222;Ce Oh Zwei &#8211; arm&#8220; durch die Gegend geradelt bin, hat tisha das Weblog gepflegt. Vielen Dank an tisha, aber auch an ganancay und Z-Rick.<\/p>\n<p>Macht bitte weiter und pflegt die Achse Hamburg &#8211; Winterberg \ud83d\ude09<\/p>\n","protected":false},"excerpt":{"rendered":"<p>La Bolschevita in Marburg an der Lahn Allein wegen solcher Plakate reise ich gern. Dieses hier habe ich beim Stromern durch Marburg an der Lahn aufgenommen. Menschen, die in gro\u00dfen &hellip; <a href=\"https:\/\/www.schiebener.net\/wordpress\/nach-der-reise-vielen-dank-und-weiter-machen\/\" class=\"more-link\"><span class=\"screen-reader-text\">\u201eNach der Reise: Vielen Dank und weiter machen!\u201c <\/span>weiterlesen<\/a><\/p>\n","protected":false},"author":3,"featured_media":0,"comment_status":"open","ping_status":"open","sticky":false,"template":"","format":"standard","meta":{"footnotes":""},"categories":[174,83],"tags":[658,61,659,367],"class_list":["post-4021","post","type-post","status-publish","format-standard","hentry","category-dit-und-dat","category-hamburg-allgemein","tag-danke","tag-hamburg","tag-veranstaltungshinweis","tag-woche-des-gedenkens"],"_links":{"self":[{"href":"https:\/\/www.schiebener.net\/wordpress\/wp-json\/wp\/v2\/posts\/4021","targetHints":{"allow":["GET"]}}],"collection":[{"href":"https:\/\/www.schiebener.net\/wordpress\/wp-json\/wp\/v2\/posts"}],"about":[{"href":"https:\/\/www.schiebener.net\/wordpress\/wp-json\/wp\/v2\/types\/post"}],"author":[{"embeddable":true,"href":"https:\/\/www.schiebener.net\/wordpress\/wp-json\/wp\/v2\/users\/3"}],"replies":[{"embeddable":true,"href":"https:\/\/www.schiebener.net\/wordpress\/wp-json\/wp\/v2\/comments?post=4021"}],"version-history":[{"count":0,"href":"https:\/\/www.schiebener.net\/wordpress\/wp-json\/wp\/v2\/posts\/4021\/revisions"}],"wp:attachment":[{"href":"https:\/\/www.schiebener.net\/wordpress\/wp-json\/wp\/v2\/media?parent=4021"}],"wp:term":[{"taxonomy":"category","embeddable":true,"href":"https:\/\/www.schiebener.net\/wordpress\/wp-json\/wp\/v2\/categories?post=4021"},{"taxonomy":"post_tag","embeddable":true,"href":"https:\/\/www.schiebener.net\/wordpress\/wp-json\/wp\/v2\/tags?post=4021"}],"curies":[{"name":"wp","href":"https:\/\/api.w.org\/{rel}","templated":true}]}}