{"id":40207,"date":"2018-02-12T18:45:08","date_gmt":"2018-02-12T17:45:08","guid":{"rendered":"https:\/\/www.schiebener.net\/wordpress\/?p=40207"},"modified":"2018-02-12T18:45:08","modified_gmt":"2018-02-12T17:45:08","slug":"pol-hsk-toedlicher-verkehrsunfall-im-bereich-steinhelle","status":"publish","type":"post","link":"https:\/\/www.schiebener.net\/wordpress\/pol-hsk-toedlicher-verkehrsunfall-im-bereich-steinhelle\/","title":{"rendered":"POL-HSK: T\u00f6dlicher Verkehrsunfall im Bereich &#8222;Steinhelle&#8220;"},"content":{"rendered":"<p><strong>Olsberg (<a href=\"https:\/\/www.presseportal.de\/blaulicht\/pm\/65847\/3865527\" rel=\"noopener\" target=\"_blank\">ots<\/a>) &#8211; Ein 17-j\u00e4hriger Jugendlicher ist bei einem schweren Verkehrsunfall am Montagvormittag zwischen Winterberg und Olsberg gestorben. <\/strong><\/p>\n<p>Ein 18-j\u00e4hriger Mann erlag sp\u00e4ter seinen schweren Verletzungen. <\/p>\n<p>Nach ersten Erkenntnissen waren die beiden jungen M\u00e4nner aus Castrop-Rauxel gegen 10.40 Uhr bei winterlichem Wetter mit dem Auto in Richtung Olsberg unterwegs. Im Bereich der &#8222;Steinhelle&#8220; geriet das Auto ins Schleudern und stie\u00df mit einem entgegenkommenden Lkw zusammen. <\/p>\n<p>Der 17-j\u00e4hrige Beifahrer erlag noch vor Ort seinen schweren Verletzungen. Der Fahrer musste mit schweren Verletzungen in ein Krankenhaus gebracht werden. Von hier wurde er mit einem Rettungshubschrauber in eine Spezialklinik geflogen. Dort erlag er seinen schweren Verletzungen. <\/p>\n<p>Der 62-j\u00e4hrige Lkw-Fahrer aus dem Kreis Schaumburg wurde bei dem Zusammensto\u00df leicht verletzt. <\/p>\n<p>Ein PSU-Team k\u00fcmmerte sich vor Ort um die Bekannten der verungl\u00fcckten M\u00e4nner. <\/p>\n<p>Diese waren mit dem Auto vorweg gefahren. Als die Freunde nicht nachkamen, waren sie zum Unfallort zur\u00fcckgekehrt. <\/p>\n<p>Durch die Staatsanwaltschaft Arnsberg wurde ein Unfallgutachten in Auftrag gegeben. Bis 18 Uhr war die Bundesstra\u00dfe im Bereich der Unfallstelle in beide Richtungen gesperrt. Hierdurch kam es in Olsberg und Winterberg zu starken Verkehrsstauungen. <\/p>\n<p>Die Sperrung ist nun wieder aufgehoben worden.<\/p>\n","protected":false},"excerpt":{"rendered":"<p>Olsberg (ots) &#8211; Ein 17-j\u00e4hriger Jugendlicher ist bei einem schweren Verkehrsunfall am Montagvormittag zwischen Winterberg und Olsberg gestorben. Ein 18-j\u00e4hriger Mann erlag sp\u00e4ter seinen schweren Verletzungen. Nach ersten Erkenntnissen waren &hellip; <a href=\"https:\/\/www.schiebener.net\/wordpress\/pol-hsk-toedlicher-verkehrsunfall-im-bereich-steinhelle\/\" class=\"more-link\"><span class=\"screen-reader-text\">\u201ePOL-HSK: T\u00f6dlicher Verkehrsunfall im Bereich &#8222;Steinhelle&#8220;\u201c <\/span>weiterlesen<\/a><\/p>\n","protected":false},"author":17,"featured_media":0,"comment_status":"open","ping_status":"open","sticky":false,"template":"","format":"standard","meta":{"footnotes":""},"categories":[303,80,2181,1043,618],"tags":[3923,190,655,2900,5594],"class_list":["post-40207","post","type-post","status-publish","format-standard","hentry","category-in-unserem-briefkasten","category-lokales","category-polizeiberichte","category-pressemitteilungen","category-verkehr","tag-kreispolizei-hsk","tag-olsberg","tag-pressemitteilung","tag-steinhelle","tag-toedlicher-unfall"],"_links":{"self":[{"href":"https:\/\/www.schiebener.net\/wordpress\/wp-json\/wp\/v2\/posts\/40207","targetHints":{"allow":["GET"]}}],"collection":[{"href":"https:\/\/www.schiebener.net\/wordpress\/wp-json\/wp\/v2\/posts"}],"about":[{"href":"https:\/\/www.schiebener.net\/wordpress\/wp-json\/wp\/v2\/types\/post"}],"author":[{"embeddable":true,"href":"https:\/\/www.schiebener.net\/wordpress\/wp-json\/wp\/v2\/users\/17"}],"replies":[{"embeddable":true,"href":"https:\/\/www.schiebener.net\/wordpress\/wp-json\/wp\/v2\/comments?post=40207"}],"version-history":[{"count":0,"href":"https:\/\/www.schiebener.net\/wordpress\/wp-json\/wp\/v2\/posts\/40207\/revisions"}],"wp:attachment":[{"href":"https:\/\/www.schiebener.net\/wordpress\/wp-json\/wp\/v2\/media?parent=40207"}],"wp:term":[{"taxonomy":"category","embeddable":true,"href":"https:\/\/www.schiebener.net\/wordpress\/wp-json\/wp\/v2\/categories?post=40207"},{"taxonomy":"post_tag","embeddable":true,"href":"https:\/\/www.schiebener.net\/wordpress\/wp-json\/wp\/v2\/tags?post=40207"}],"curies":[{"name":"wp","href":"https:\/\/api.w.org\/{rel}","templated":true}]}}