{"id":40108,"date":"2018-02-01T21:42:48","date_gmt":"2018-02-01T20:42:48","guid":{"rendered":"https:\/\/www.schiebener.net\/wordpress\/?p=40108"},"modified":"2018-02-01T21:44:31","modified_gmt":"2018-02-01T20:44:31","slug":"die-linke-lehnt-deshalb-den-haushalt-2018-des-lwl-ab-ausgeglichener-haushalt-nur-auf-kosten-von-menschen-mit-behinderungen-und-von-beschaeftigten","status":"publish","type":"post","link":"https:\/\/www.schiebener.net\/wordpress\/die-linke-lehnt-deshalb-den-haushalt-2018-des-lwl-ab-ausgeglichener-haushalt-nur-auf-kosten-von-menschen-mit-behinderungen-und-von-beschaeftigten\/","title":{"rendered":"DIE LINKE lehnt den Haushalt 2018 des LWL ab: Ausgeglichener Haushalt nur auf Kosten von Menschen mit Behinderungen und von Besch\u00e4ftigten"},"content":{"rendered":"<p><img loading=\"lazy\" decoding=\"async\" src=\"https:\/\/www.schiebener.net\/wordpress\/wp-content\/uploads\/2018\/02\/LinkeLWL20180201.jpg\" alt=\"\" width=\"700\" height=\"610\" class=\"aligncenter size-full wp-image-40110\" srcset=\"https:\/\/www.schiebener.net\/wordpress\/wp-content\/uploads\/2018\/02\/LinkeLWL20180201.jpg 700w, https:\/\/www.schiebener.net\/wordpress\/wp-content\/uploads\/2018\/02\/LinkeLWL20180201-300x261.jpg 300w\" sizes=\"auto, (max-width: 709px) 85vw, (max-width: 909px) 67vw, (max-width: 984px) 61vw, (max-width: 1362px) 45vw, 600px\" \/><strong>Bei der heutigen Sitzung der Landschaftsversammlung lehnte die Fraktion DIE LINKE den Haushalt 2018 des Landschaftsverbands Westfalen-Lippe ab. \u201eZwar ist der Haushalt des Landschaftsverbandes diesmal ausgeglichen. Aber der geplanten K\u00fcrzung von Leistungen f\u00fcr Menschen mit Behinderungen und Personalabbau in den Einrichtungen k\u00f6nnen wir nicht zustimmen,\u201c betont Barbara Schmidt, Ko-Sprecherin der LINKEN in der Landschaftsversammlung.<\/strong> <\/p>\n<p><em>(Pressemitteilung der Partei DIE LINKE)<\/em><\/p>\n<p>Insbesondere die pauschale Begrenzung von Sachkostensteigerungen wird f\u00fcr die Menschen mit Behinderungen Folgen haben. Denn bei den Tr\u00e4gern der Eingliederungshilfe sind rund 80 Prozent Personalkosten. Wenn dort gek\u00fcrzt wird, k\u00f6nnen Betreuungen zur Sicherung von gesellschaftlicher Teilhabe nicht mehr stattfinden. <\/p>\n<p>Positiv bewertete Schmidt die Personalpolitik des LWL, der sich in den letzten Jahren gezielt um den Abbau von sachgrundlosen Befristungen bem\u00fcht. Auf der anderen Seite setzt die Verwaltung weiterhin auf die Ausgliederung von Reinigungspersonal und Museumsaufsichten, um die Kosten zu senken. <\/p>\n<p>\u201eBillig geht nur auf Kosten der Menschen, die die Leistungen erbringen, auf Kosten von Qualit\u00e4t und auf Kosten von Menschen, die die Leistungen erhalten sollen,\u201c betont Barbara Schmidt. \u201eAufgaben, die f\u00fcr das Funktionieren des LWL n\u00f6tig sind, m\u00fcssen auch von eigenem Personal zu angemessener Bezahlung nach Tarifen des \u00f6ffentlichen Dienstes erledigt werden.\u201c<\/p>\n<p>Scharf kritisieren die Linken auch die Mehrheitsfraktionen von CDU und SPD in den Haushaltsberatungen: \u201eKeine eigenen Vorstellungen, nur Abnicken von Verwaltungsvorlagen, und gleichzeitig Ablehnung aller Antr\u00e4ge, die von anderen kommen, ohne Begr\u00fcndung ist ein Armutszeugnis f\u00fcr die demokratische Haltung der Mehrheitsfraktionen,\u201c erkl\u00e4rt Barbara Schmidt. \u201eAuch wenn die Mehrheit sich auf keine Diskussion einl\u00e4sst, werden wir weiter unsere Vorstellungen aktiv einbringen und versuchen, daf\u00fcr auch Unterst\u00fctzung au\u00dferhalb der Gremien zu organisieren.\u201c<\/p>\n","protected":false},"excerpt":{"rendered":"<p>Bei der heutigen Sitzung der Landschaftsversammlung lehnte die Fraktion DIE LINKE den Haushalt 2018 des Landschaftsverbands Westfalen-Lippe ab. \u201eZwar ist der Haushalt des Landschaftsverbandes diesmal ausgeglichen. Aber der geplanten K\u00fcrzung &hellip; <a href=\"https:\/\/www.schiebener.net\/wordpress\/die-linke-lehnt-deshalb-den-haushalt-2018-des-lwl-ab-ausgeglichener-haushalt-nur-auf-kosten-von-menschen-mit-behinderungen-und-von-beschaeftigten\/\" class=\"more-link\"><span class=\"screen-reader-text\">\u201eDIE LINKE lehnt den Haushalt 2018 des LWL ab: Ausgeglichener Haushalt nur auf Kosten von Menschen mit Behinderungen und von Besch\u00e4ftigten\u201c <\/span>weiterlesen<\/a><\/p>\n","protected":false},"author":17,"featured_media":0,"comment_status":"open","ping_status":"open","sticky":false,"template":"","format":"standard","meta":{"footnotes":""},"categories":[542,303,80,24,1043,4761],"tags":[5130,7143,7250,655],"class_list":["post-40108","post","type-post","status-publish","format-standard","hentry","category-arbeitswelt","category-in-unserem-briefkasten","category-lokales","category-politik","category-pressemitteilungen","category-soziales","tag-die-linke","tag-haushalt-2018","tag-landschaftsverbands-westfalen-lippe","tag-pressemitteilung"],"_links":{"self":[{"href":"https:\/\/www.schiebener.net\/wordpress\/wp-json\/wp\/v2\/posts\/40108","targetHints":{"allow":["GET"]}}],"collection":[{"href":"https:\/\/www.schiebener.net\/wordpress\/wp-json\/wp\/v2\/posts"}],"about":[{"href":"https:\/\/www.schiebener.net\/wordpress\/wp-json\/wp\/v2\/types\/post"}],"author":[{"embeddable":true,"href":"https:\/\/www.schiebener.net\/wordpress\/wp-json\/wp\/v2\/users\/17"}],"replies":[{"embeddable":true,"href":"https:\/\/www.schiebener.net\/wordpress\/wp-json\/wp\/v2\/comments?post=40108"}],"version-history":[{"count":0,"href":"https:\/\/www.schiebener.net\/wordpress\/wp-json\/wp\/v2\/posts\/40108\/revisions"}],"wp:attachment":[{"href":"https:\/\/www.schiebener.net\/wordpress\/wp-json\/wp\/v2\/media?parent=40108"}],"wp:term":[{"taxonomy":"category","embeddable":true,"href":"https:\/\/www.schiebener.net\/wordpress\/wp-json\/wp\/v2\/categories?post=40108"},{"taxonomy":"post_tag","embeddable":true,"href":"https:\/\/www.schiebener.net\/wordpress\/wp-json\/wp\/v2\/tags?post=40108"}],"curies":[{"name":"wp","href":"https:\/\/api.w.org\/{rel}","templated":true}]}}