{"id":39907,"date":"2018-01-16T22:18:44","date_gmt":"2018-01-16T21:18:44","guid":{"rendered":"https:\/\/www.schiebener.net\/wordpress\/?p=39907"},"modified":"2018-01-16T22:18:44","modified_gmt":"2018-01-16T21:18:44","slug":"hallenberg-kunst-im-rathaus-expressiv-vernissage-und-ausstellung-mit-werken-von-marita-mogensen","status":"publish","type":"post","link":"https:\/\/www.schiebener.net\/wordpress\/hallenberg-kunst-im-rathaus-expressiv-vernissage-und-ausstellung-mit-werken-von-marita-mogensen\/","title":{"rendered":"Hallenberg: Kunst im Rathaus &#8222;eXpressiv&#8220; &#8211; Vernissage und Ausstellung mit Werken von Marita Mogensen"},"content":{"rendered":"<figure id=\"attachment_39908\" aria-describedby=\"caption-attachment-39908\" style=\"width: 700px\" class=\"wp-caption aligncenter\"><a href=\"https:\/\/www.schiebener.net\/wordpress\/wp-content\/uploads\/2018\/01\/MaritaMogensen2018012101.jpg\" target=\"_blank\" rel=\"noopener\"><img loading=\"lazy\" decoding=\"async\" class=\"wp-image-39908\" src=\"https:\/\/www.schiebener.net\/wordpress\/wp-content\/uploads\/2018\/01\/MaritaMogensen2018012101.jpg\" alt=\"\" width=\"700\" height=\"643\" srcset=\"https:\/\/www.schiebener.net\/wordpress\/wp-content\/uploads\/2018\/01\/MaritaMogensen2018012101.jpg 1024w, https:\/\/www.schiebener.net\/wordpress\/wp-content\/uploads\/2018\/01\/MaritaMogensen2018012101-300x275.jpg 300w, https:\/\/www.schiebener.net\/wordpress\/wp-content\/uploads\/2018\/01\/MaritaMogensen2018012101-768x705.jpg 768w\" sizes=\"auto, (max-width: 709px) 85vw, (max-width: 909px) 67vw, (max-width: 984px) 61vw, (max-width: 1362px) 45vw, 600px\" \/><\/a><figcaption id=\"caption-attachment-39908\" class=\"wp-caption-text\">Marita Mogensen &#8222;eXpressiv!&#8220; ab kommenden Sonntag im Rathaus Hallenberg (foto: mogensen\/kump)<\/figcaption><\/figure>\n<p style=\"text-align: center;\"><strong>Kunst im Rathaus<br \/>\nMarita Mogensen<br \/>\neXpressiv<br \/>\nVernissage am Sonntag, 21. Januar 2018 um 11.30 Uhr im Rathaus Hallenberg<br \/>\nAusstellung vom 21.1.18 bis Januar 2019 <\/strong><\/p>\n<p>Die meisten wissen es wahrscheinlich nicht: Marita Mogensen ist Hallenbergerin. Nach langer Zeit auf unterschiedlichen Stationen im In- und Ausland, lebt sie schon viele Jahre in Bayern.<\/p>\n<p>Was vermutlich auch nur wenige wissen: Marita\u00b4s Leidenschaft gilt seit einigen Jahren der Malerei.<\/p>\n<p>Ab dem 21. Januar 2018 werden nicht nur ihre Bilder im Rathaus zu sehen sein, 2018 ist auch das Jahr, in dem sie wieder nach Hallenberg zur\u00fcckkehren wird.<\/p>\n<p>Marita Mogensens Bilder sind vorzugsweise gro\u00dfformatig. Portr\u00e4ts, Objekte oder Landschaften sind zwar gegenst\u00e4ndlich, aber Ausdruck und Farbe \u00fcberschreiten die Grenzen der Realit\u00e4t. Ob pinke Landschaften oder ein Portr\u00e4t in ungewohnt knalligen Farben &#8211; die K\u00fcnstlerin liebt die Expressivit\u00e4t.<\/p>\n<p>Folgerichtig lautet der Titel ihrer Ausstellung im und f\u00fcr das Hallenberger Rathaus: <strong>eXpressiv!<\/strong><\/p>\n<p>&#8212;&#8212;&#8212;&#8212;&#8212;&#8212;&#8212;&#8212;&#8212;&#8212;&#8211;<\/p>\n<p><em>Der Beitrag folgt einer Pressemitteilung des Hallenberger Rathauses. Wenn wir nicht einschneien, werde ich bei der Ausstellungser\u00f6ffnung am Sonntag dabei sein.<\/em><\/p>\n","protected":false},"excerpt":{"rendered":"<p>Kunst im Rathaus Marita Mogensen eXpressiv Vernissage am Sonntag, 21. Januar 2018 um 11.30 Uhr im Rathaus Hallenberg Ausstellung vom 21.1.18 bis Januar 2019 Die meisten wissen es wahrscheinlich nicht: &hellip; <a href=\"https:\/\/www.schiebener.net\/wordpress\/hallenberg-kunst-im-rathaus-expressiv-vernissage-und-ausstellung-mit-werken-von-marita-mogensen\/\" class=\"more-link\"><span class=\"screen-reader-text\">\u201eHallenberg: Kunst im Rathaus &#8222;eXpressiv&#8220; &#8211; Vernissage und Ausstellung mit Werken von Marita Mogensen\u201c <\/span>weiterlesen<\/a><\/p>\n","protected":false},"author":3,"featured_media":0,"comment_status":"open","ping_status":"open","sticky":false,"template":"","format":"standard","meta":{"footnotes":""},"categories":[303,674,854,80,1043],"tags":[7207,7208,6647,7209],"class_list":["post-39907","post","type-post","status-publish","format-standard","hentry","category-in-unserem-briefkasten","category-kultur","category-kunst","category-lokales","category-pressemitteilungen","tag-expressiv","tag-marita-mogensen","tag-rathaus-hallenberg","tag-vernissage"],"_links":{"self":[{"href":"https:\/\/www.schiebener.net\/wordpress\/wp-json\/wp\/v2\/posts\/39907","targetHints":{"allow":["GET"]}}],"collection":[{"href":"https:\/\/www.schiebener.net\/wordpress\/wp-json\/wp\/v2\/posts"}],"about":[{"href":"https:\/\/www.schiebener.net\/wordpress\/wp-json\/wp\/v2\/types\/post"}],"author":[{"embeddable":true,"href":"https:\/\/www.schiebener.net\/wordpress\/wp-json\/wp\/v2\/users\/3"}],"replies":[{"embeddable":true,"href":"https:\/\/www.schiebener.net\/wordpress\/wp-json\/wp\/v2\/comments?post=39907"}],"version-history":[{"count":0,"href":"https:\/\/www.schiebener.net\/wordpress\/wp-json\/wp\/v2\/posts\/39907\/revisions"}],"wp:attachment":[{"href":"https:\/\/www.schiebener.net\/wordpress\/wp-json\/wp\/v2\/media?parent=39907"}],"wp:term":[{"taxonomy":"category","embeddable":true,"href":"https:\/\/www.schiebener.net\/wordpress\/wp-json\/wp\/v2\/categories?post=39907"},{"taxonomy":"post_tag","embeddable":true,"href":"https:\/\/www.schiebener.net\/wordpress\/wp-json\/wp\/v2\/tags?post=39907"}],"curies":[{"name":"wp","href":"https:\/\/api.w.org\/{rel}","templated":true}]}}