{"id":39891,"date":"2018-01-15T20:07:28","date_gmt":"2018-01-15T19:07:28","guid":{"rendered":"https:\/\/www.schiebener.net\/wordpress\/?p=39891"},"modified":"2018-01-15T21:17:18","modified_gmt":"2018-01-15T20:17:18","slug":"sauerlaender-sozialdemokraten-wollen-am-samstag-intern-ueber-die-ergebnisse-der-sondierungsgespraeche-diskutieren","status":"publish","type":"post","link":"https:\/\/www.schiebener.net\/wordpress\/sauerlaender-sozialdemokraten-wollen-am-samstag-intern-ueber-die-ergebnisse-der-sondierungsgespraeche-diskutieren\/","title":{"rendered":"Sauerl\u00e4nder Sozialdemokraten wollen am Samstag intern \u00fcber die Ergebnisse der Sondierungsgespr\u00e4che diskutieren."},"content":{"rendered":"<h3 style=\"text-align: center;\"><strong>Sozialdemokratische Partei Deutschlands<br \/>\nFraktion der SPD im Kreistag &#8211; Unterbezirk Hochsauerlandkreis<\/strong><\/h3>\n<p>Kreistagsfraktion und der Unterbezirksvorstand der SPD laden alle Mitglieder der SPD im Hochsauerlandkreis ein, mit dem Bundestagsabgeordneten und Parlamentarischen Staatssekret\u00e4r Dirk Wiese \u00fcber die Ergebnisse der Sondierungsgespr\u00e4che und \u00fcber die m\u00f6gliche Aufnahmen von Koalitionsverhandlungen mit CDU\/CSU zu diskutieren.<\/p>\n<p><em>(Dieser Beitrag beruht auf einer Pressemitteilung der HSK-SPD.)<\/em><\/p>\n<p>Ziel dieser parteiinternen Veranstaltung sei es, den Parteimitgliedern Gelegenheit zur Diskussion zu geben und den Delegierten zum Bundesparteitag ein Stimmungsbild aus dem Hochsauerlandkreis mitzugeben.<\/p>\n<p>&nbsp;<\/p>\n<p style=\"text-align: center;\"><strong>Die Veranstaltung findet statt:<br \/>\nam Samstag, den 20.01.18<br \/>\nvon 15.30 Uhr -17.30 Uhr<br \/>\nKreishaus Meschede-Gro\u00dfer Sitzungssaal<br \/>\nAdresse: Steinstr. 27, 59872 Meschede<\/strong><\/p>\n","protected":false},"excerpt":{"rendered":"<p>Sozialdemokratische Partei Deutschlands Fraktion der SPD im Kreistag &#8211; Unterbezirk Hochsauerlandkreis Kreistagsfraktion und der Unterbezirksvorstand der SPD laden alle Mitglieder der SPD im Hochsauerlandkreis ein, mit dem Bundestagsabgeordneten und Parlamentarischen &hellip; <a href=\"https:\/\/www.schiebener.net\/wordpress\/sauerlaender-sozialdemokraten-wollen-am-samstag-intern-ueber-die-ergebnisse-der-sondierungsgespraeche-diskutieren\/\" class=\"more-link\"><span class=\"screen-reader-text\">\u201eSauerl\u00e4nder Sozialdemokraten wollen am Samstag intern \u00fcber die Ergebnisse der Sondierungsgespr\u00e4che diskutieren.\u201c <\/span>weiterlesen<\/a><\/p>\n","protected":false},"author":3,"featured_media":0,"comment_status":"open","ping_status":"open","sticky":false,"template":"","format":"standard","meta":{"footnotes":""},"categories":[303,80,24,1043],"tags":[4722,655,7133,4682],"class_list":["post-39891","post","type-post","status-publish","format-standard","hentry","category-in-unserem-briefkasten","category-lokales","category-politik","category-pressemitteilungen","tag-groko","tag-pressemitteilung","tag-sondierungsgespraeche","tag-spd-hsk"],"_links":{"self":[{"href":"https:\/\/www.schiebener.net\/wordpress\/wp-json\/wp\/v2\/posts\/39891","targetHints":{"allow":["GET"]}}],"collection":[{"href":"https:\/\/www.schiebener.net\/wordpress\/wp-json\/wp\/v2\/posts"}],"about":[{"href":"https:\/\/www.schiebener.net\/wordpress\/wp-json\/wp\/v2\/types\/post"}],"author":[{"embeddable":true,"href":"https:\/\/www.schiebener.net\/wordpress\/wp-json\/wp\/v2\/users\/3"}],"replies":[{"embeddable":true,"href":"https:\/\/www.schiebener.net\/wordpress\/wp-json\/wp\/v2\/comments?post=39891"}],"version-history":[{"count":0,"href":"https:\/\/www.schiebener.net\/wordpress\/wp-json\/wp\/v2\/posts\/39891\/revisions"}],"wp:attachment":[{"href":"https:\/\/www.schiebener.net\/wordpress\/wp-json\/wp\/v2\/media?parent=39891"}],"wp:term":[{"taxonomy":"category","embeddable":true,"href":"https:\/\/www.schiebener.net\/wordpress\/wp-json\/wp\/v2\/categories?post=39891"},{"taxonomy":"post_tag","embeddable":true,"href":"https:\/\/www.schiebener.net\/wordpress\/wp-json\/wp\/v2\/tags?post=39891"}],"curies":[{"name":"wp","href":"https:\/\/api.w.org\/{rel}","templated":true}]}}