{"id":39877,"date":"2018-01-14T22:28:15","date_gmt":"2018-01-14T21:28:15","guid":{"rendered":"https:\/\/www.schiebener.net\/wordpress\/?p=39877"},"modified":"2018-01-14T22:28:15","modified_gmt":"2018-01-14T21:28:15","slug":"winterberg-ohne-schneekanonen-waere-zur-zeit-kaum-skisport-moeglich","status":"publish","type":"post","link":"https:\/\/www.schiebener.net\/wordpress\/winterberg-ohne-schneekanonen-waere-zur-zeit-kaum-skisport-moeglich\/","title":{"rendered":"Winterberg: Ohne Schneekanonen w\u00e4re zur Zeit kaum Skisport m\u00f6glich"},"content":{"rendered":"<figure id=\"attachment_39878\" aria-describedby=\"caption-attachment-39878\" style=\"width: 700px\" class=\"wp-caption aligncenter\"><a href=\"https:\/\/www.schiebener.net\/wordpress\/wp-content\/uploads\/2018\/01\/Minenplaetze20180114.jpg\" target=\"_blank\" rel=\"noopener\"><img loading=\"lazy\" decoding=\"async\" class=\"wp-image-39878\" src=\"https:\/\/www.schiebener.net\/wordpress\/wp-content\/uploads\/2018\/01\/Minenplaetze20180114.jpg\" alt=\"\" width=\"700\" height=\"429\" srcset=\"https:\/\/www.schiebener.net\/wordpress\/wp-content\/uploads\/2018\/01\/Minenplaetze20180114.jpg 2048w, https:\/\/www.schiebener.net\/wordpress\/wp-content\/uploads\/2018\/01\/Minenplaetze20180114-300x184.jpg 300w, https:\/\/www.schiebener.net\/wordpress\/wp-content\/uploads\/2018\/01\/Minenplaetze20180114-768x471.jpg 768w, https:\/\/www.schiebener.net\/wordpress\/wp-content\/uploads\/2018\/01\/Minenplaetze20180114-1024x628.jpg 1024w\" sizes=\"auto, (max-width: 709px) 85vw, (max-width: 909px) 67vw, (max-width: 984px) 61vw, (max-width: 1362px) 45vw, 600px\" \/><\/a><figcaption id=\"caption-attachment-39878\" class=\"wp-caption-text\">Nahezu schneefrei war die Wanderung von Siedlinghausen nach Winterberg, hier an den sogenannten Minenpl\u00e4tzen. (foto: zoom)<\/figcaption><\/figure>\n<p><strong>Die Waldwege von Siedlinghausen nach Winterberg waren heute frei von Schnee. Ein guter Tag f\u00fcr eine Wanderung.<\/strong><\/p>\n<p>Da die Temperaturen unter dem Gefrierpunkt lagen, waren die Schneekanonen im Skigebiet aktiv. Ohne Kunstschnee w\u00e4re zur Zeit kaum Wintersport im Hochsauerland m\u00f6glich.<\/p>\n<figure id=\"attachment_39879\" aria-describedby=\"caption-attachment-39879\" style=\"width: 700px\" class=\"wp-caption aligncenter\"><a href=\"https:\/\/www.schiebener.net\/wordpress\/wp-content\/uploads\/2018\/01\/WinterbergSchneekanone2018011401.jpg\" target=\"_blank\" rel=\"noopener\"><img loading=\"lazy\" decoding=\"async\" class=\"wp-image-39879\" src=\"https:\/\/www.schiebener.net\/wordpress\/wp-content\/uploads\/2018\/01\/WinterbergSchneekanone2018011401.jpg\" alt=\"\" width=\"700\" height=\"467\" srcset=\"https:\/\/www.schiebener.net\/wordpress\/wp-content\/uploads\/2018\/01\/WinterbergSchneekanone2018011401.jpg 2048w, https:\/\/www.schiebener.net\/wordpress\/wp-content\/uploads\/2018\/01\/WinterbergSchneekanone2018011401-300x200.jpg 300w, https:\/\/www.schiebener.net\/wordpress\/wp-content\/uploads\/2018\/01\/WinterbergSchneekanone2018011401-768x512.jpg 768w, https:\/\/www.schiebener.net\/wordpress\/wp-content\/uploads\/2018\/01\/WinterbergSchneekanone2018011401-1024x683.jpg 1024w\" sizes=\"auto, (max-width: 709px) 85vw, (max-width: 909px) 67vw, (max-width: 984px) 61vw, (max-width: 1362px) 45vw, 600px\" \/><\/a><figcaption id=\"caption-attachment-39879\" class=\"wp-caption-text\">Schneekanone am Brembergkopf II\/Abzwei Altastenberg. Hier stand der Lift still. (foto: zoom)<\/figcaption><\/figure>\n<p>Heute waren 13 der 26 Anlagen im <a href=\"https:\/\/www.skiliftkarussell.de\/aktuell\/lift-und-pisteninfo.html\" target=\"_blank\" rel=\"noopener\">Skiliftkarussell<\/a> in Betrieb.<\/p>\n<p>Hoffnung auf Neuschnee gibt es <a href=\"https:\/\/www.winterberg-wetter.de\/wetter-vorhersage.html\" target=\"_blank\" rel=\"noopener\">laut Wetterbericht<\/a> ab morgen Nachmittag und auch f\u00fcr die darauf folgenden Tage.<\/p>\n<figure id=\"attachment_39880\" aria-describedby=\"caption-attachment-39880\" style=\"width: 701px\" class=\"wp-caption aligncenter\"><a href=\"https:\/\/www.schiebener.net\/wordpress\/wp-content\/uploads\/2018\/01\/WinterbergSessellift20180114.jpg\" target=\"_blank\" rel=\"noopener\"><img loading=\"lazy\" decoding=\"async\" class=\"wp-image-39880\" src=\"https:\/\/www.schiebener.net\/wordpress\/wp-content\/uploads\/2018\/01\/WinterbergSessellift20180114.jpg\" alt=\"\" width=\"701\" height=\"467\" srcset=\"https:\/\/www.schiebener.net\/wordpress\/wp-content\/uploads\/2018\/01\/WinterbergSessellift20180114.jpg 2048w, https:\/\/www.schiebener.net\/wordpress\/wp-content\/uploads\/2018\/01\/WinterbergSessellift20180114-300x200.jpg 300w, https:\/\/www.schiebener.net\/wordpress\/wp-content\/uploads\/2018\/01\/WinterbergSessellift20180114-768x512.jpg 768w, https:\/\/www.schiebener.net\/wordpress\/wp-content\/uploads\/2018\/01\/WinterbergSessellift20180114-1024x683.jpg 1024w\" sizes=\"auto, (max-width: 709px) 85vw, (max-width: 909px) 67vw, (max-width: 984px) 61vw, (max-width: 1362px) 45vw, 600px\" \/><\/a><figcaption id=\"caption-attachment-39880\" class=\"wp-caption-text\">Der Schneewittchenlift brachte heute die Skifahrer vom Fu\u00df der Kappe \u00fcber die B 480 schwebend zur\u00fcck zum Start (foto: zoom)<\/figcaption><\/figure>\n<p>An der Kappe selbst wurden ebenfalls Eiskristalle produziert. Im Vordergrund unten links kann man erkennen, wie d\u00fcnn die Kunstschneedecke noch ist.<\/p>\n<figure id=\"attachment_39881\" aria-describedby=\"caption-attachment-39881\" style=\"width: 700px\" class=\"wp-caption aligncenter\"><a href=\"https:\/\/www.schiebener.net\/wordpress\/wp-content\/uploads\/2018\/01\/WinterbergKappe20180114.jpg\" target=\"_blank\" rel=\"noopener\"><img loading=\"lazy\" decoding=\"async\" class=\"wp-image-39881\" src=\"https:\/\/www.schiebener.net\/wordpress\/wp-content\/uploads\/2018\/01\/WinterbergKappe20180114.jpg\" alt=\"\" width=\"700\" height=\"551\" srcset=\"https:\/\/www.schiebener.net\/wordpress\/wp-content\/uploads\/2018\/01\/WinterbergKappe20180114.jpg 2048w, https:\/\/www.schiebener.net\/wordpress\/wp-content\/uploads\/2018\/01\/WinterbergKappe20180114-300x236.jpg 300w, https:\/\/www.schiebener.net\/wordpress\/wp-content\/uploads\/2018\/01\/WinterbergKappe20180114-768x605.jpg 768w, https:\/\/www.schiebener.net\/wordpress\/wp-content\/uploads\/2018\/01\/WinterbergKappe20180114-1024x806.jpg 1024w\" sizes=\"auto, (max-width: 709px) 85vw, (max-width: 909px) 67vw, (max-width: 984px) 61vw, (max-width: 1362px) 45vw, 600px\" \/><\/a><figcaption id=\"caption-attachment-39881\" class=\"wp-caption-text\">Schneeproduktion an der Kappe in Winterberg. (foto: zoom)<\/figcaption><\/figure>\n<p>Die Anf\u00e4ngerpiste am Herrloh pr\u00e4sentierte sich bis auf einen wei\u00dfen Kunstschneeflecken in br\u00e4unlichem Gr\u00fcn.<\/p>\n<p>Erstaunt waren wir \u00fcber die vielen Touristen in Winterberg. Die Stadt war voll. Voller Menschen, voller Autos. Die Gesch\u00e4fte brummten.<\/p>\n<p>Unser Plan, am Ende der Wanderung in Winterberg essen zu gehen, scheiterte am \u00fcberf\u00fcllten Restaurant, wo die G\u00e4ste schon im Eingangsbereich auf den n\u00e4chsten freien Tisch warteten.<\/p>\n<figure id=\"attachment_39882\" aria-describedby=\"caption-attachment-39882\" style=\"width: 701px\" class=\"wp-caption aligncenter\"><a href=\"https:\/\/www.schiebener.net\/wordpress\/wp-content\/uploads\/2018\/01\/WinterbergHerrloh2080114.jpg\" target=\"_blank\" rel=\"noopener\"><img loading=\"lazy\" decoding=\"async\" class=\"wp-image-39882\" src=\"https:\/\/www.schiebener.net\/wordpress\/wp-content\/uploads\/2018\/01\/WinterbergHerrloh2080114.jpg\" alt=\"\" width=\"701\" height=\"467\" srcset=\"https:\/\/www.schiebener.net\/wordpress\/wp-content\/uploads\/2018\/01\/WinterbergHerrloh2080114.jpg 2048w, https:\/\/www.schiebener.net\/wordpress\/wp-content\/uploads\/2018\/01\/WinterbergHerrloh2080114-300x200.jpg 300w, https:\/\/www.schiebener.net\/wordpress\/wp-content\/uploads\/2018\/01\/WinterbergHerrloh2080114-768x512.jpg 768w, https:\/\/www.schiebener.net\/wordpress\/wp-content\/uploads\/2018\/01\/WinterbergHerrloh2080114-1024x683.jpg 1024w\" sizes=\"auto, (max-width: 709px) 85vw, (max-width: 909px) 67vw, (max-width: 984px) 61vw, (max-width: 1362px) 45vw, 600px\" \/><\/a><figcaption id=\"caption-attachment-39882\" class=\"wp-caption-text\">Der Anf\u00e4ngerhang (Herrloh) am Ortseingang zu Winterberg war wie die Minenpl\u00e4tze unbeschneit gr\u00fcn. Der wei\u00dfe Flecken in der rechten Bildmitte stammt aus der Schneekanone &#8211; im Bild klein\u00a0 und kaum zu erkennen. (foto: zoom)<\/figcaption><\/figure>\n","protected":false},"excerpt":{"rendered":"<p>Die Waldwege von Siedlinghausen nach Winterberg waren heute frei von Schnee. Ein guter Tag f\u00fcr eine Wanderung. Da die Temperaturen unter dem Gefrierpunkt lagen, waren die Schneekanonen im Skigebiet aktiv. &hellip; <a href=\"https:\/\/www.schiebener.net\/wordpress\/winterberg-ohne-schneekanonen-waere-zur-zeit-kaum-skisport-moeglich\/\" class=\"more-link\"><span class=\"screen-reader-text\">\u201eWinterberg: Ohne Schneekanonen w\u00e4re zur Zeit kaum Skisport m\u00f6glich\u201c <\/span>weiterlesen<\/a><\/p>\n","protected":false},"author":3,"featured_media":0,"comment_status":"open","ping_status":"open","sticky":false,"template":"","format":"standard","meta":{"footnotes":""},"categories":[174,1732,2489,80,71,549],"tags":[2155,3387,636,2382,7203,322],"class_list":["post-39877","post","type-post","status-publish","format-standard","hentry","category-dit-und-dat","category-freizeit","category-in-eigener-sache","category-lokales","category-sport","category-umwelt","tag-bremberg","tag-herrloh","tag-minenplatze","tag-schneekanonen","tag-schneewittchenlift","tag-winterberg"],"_links":{"self":[{"href":"https:\/\/www.schiebener.net\/wordpress\/wp-json\/wp\/v2\/posts\/39877","targetHints":{"allow":["GET"]}}],"collection":[{"href":"https:\/\/www.schiebener.net\/wordpress\/wp-json\/wp\/v2\/posts"}],"about":[{"href":"https:\/\/www.schiebener.net\/wordpress\/wp-json\/wp\/v2\/types\/post"}],"author":[{"embeddable":true,"href":"https:\/\/www.schiebener.net\/wordpress\/wp-json\/wp\/v2\/users\/3"}],"replies":[{"embeddable":true,"href":"https:\/\/www.schiebener.net\/wordpress\/wp-json\/wp\/v2\/comments?post=39877"}],"version-history":[{"count":0,"href":"https:\/\/www.schiebener.net\/wordpress\/wp-json\/wp\/v2\/posts\/39877\/revisions"}],"wp:attachment":[{"href":"https:\/\/www.schiebener.net\/wordpress\/wp-json\/wp\/v2\/media?parent=39877"}],"wp:term":[{"taxonomy":"category","embeddable":true,"href":"https:\/\/www.schiebener.net\/wordpress\/wp-json\/wp\/v2\/categories?post=39877"},{"taxonomy":"post_tag","embeddable":true,"href":"https:\/\/www.schiebener.net\/wordpress\/wp-json\/wp\/v2\/tags?post=39877"}],"curies":[{"name":"wp","href":"https:\/\/api.w.org\/{rel}","templated":true}]}}