{"id":39849,"date":"2018-01-12T21:37:44","date_gmt":"2018-01-12T20:37:44","guid":{"rendered":"https:\/\/www.schiebener.net\/wordpress\/?p=39849"},"modified":"2018-01-12T22:16:50","modified_gmt":"2018-01-12T21:16:50","slug":"die-ergebnisse-der-sondierungsgespraeche-wenig-begeisterung-im-netz","status":"publish","type":"post","link":"https:\/\/www.schiebener.net\/wordpress\/die-ergebnisse-der-sondierungsgespraeche-wenig-begeisterung-im-netz\/","title":{"rendered":"Die Ergebnisse der Sondierungsgespr\u00e4che zur GroKo &#8211; wenig Begeisterung im Netz"},"content":{"rendered":"<p><strong>Die Ergebnisse der Sondierungen zur Bildung einer erneuten &#8222;Gro\u00dfen Koalition&#8220; (GroKo) k\u00f6nnen inzwischen nachgelesen werden.<\/p>\n<p><a href=\"https:\/\/www.schiebener.net\/wordpress\/wp-content\/uploads\/2018\/01\/ergebnis-sondierungen-101.pdf\">Ergebnis der Sondierungen<\/a><\/strong><\/p>\n<p>Die Reaktionen im Netz sind wenig begeistert. Ich habe eine schnelle, nicht repr\u00e4sentative Auswahl von Twitter zusammengestellt.<\/p>\n<blockquote class=\"twitter-tweet\" data-lang=\"de\">\n<p lang=\"de\" dir=\"ltr\">Nach langem Kampf an einem <a href=\"https:\/\/twitter.com\/hashtag\/Groko?src=hash&amp;ref_src=twsrc%5Etfw\">#Groko<\/a>-R\u00fcckfall verstorben <a href=\"https:\/\/t.co\/IApCgJGwWf\">pic.twitter.com\/IApCgJGwWf<\/a><\/p>\n<p>&mdash; ZDF heute-show (@heuteshow) <a href=\"https:\/\/twitter.com\/heuteshow\/status\/951768264769724416?ref_src=twsrc%5Etfw\">12. Januar 2018<\/a><\/p><\/blockquote>\n<p><script async src=\"https:\/\/platform.twitter.com\/widgets.js\" charset=\"utf-8\"><\/script><\/p>\n<blockquote class=\"twitter-tweet\" data-lang=\"de\">\n<p lang=\"de\" dir=\"ltr\">Keine Erh\u00f6hung des Spitzensteuersatzes, keine B\u00fcrgerversicherung, kaum Familiennachzug. So s\u00e4he <a href=\"https:\/\/twitter.com\/hashtag\/SPD?src=hash&amp;ref_src=twsrc%5Etfw\">#SPD<\/a>-Handschrift in <a href=\"https:\/\/twitter.com\/hashtag\/Groko?src=hash&amp;ref_src=twsrc%5Etfw\">#Groko<\/a> aus.<\/p>\n<p>&mdash; Georg Restle (@georgrestle) <a href=\"https:\/\/twitter.com\/georgrestle\/status\/951853768278192128?ref_src=twsrc%5Etfw\">12. Januar 2018<\/a><\/p><\/blockquote>\n<p><script async src=\"https:\/\/platform.twitter.com\/widgets.js\" charset=\"utf-8\"><\/script><\/p>\n<blockquote class=\"twitter-tweet\" data-lang=\"de\">\n<p lang=\"de\" dir=\"ltr\">Wen sie wohl diesmal beim <a href=\"https:\/\/twitter.com\/hashtag\/SPD?src=hash&amp;ref_src=twsrc%5Etfw\">#SPD<\/a>-Sonderparteitag vorschicken, um diesen Bl\u00f6dsinn zu verkaufen? Jedenfalls, liebe Basis: Beschwert euch blo\u00df nicht.<\/p>\n<p>&mdash; vera bunse (@kaffeebeimir) <a href=\"https:\/\/twitter.com\/kaffeebeimir\/status\/951919359802462210?ref_src=twsrc%5Etfw\">12. Januar 2018<\/a><\/p><\/blockquote>\n<p><script async src=\"https:\/\/platform.twitter.com\/widgets.js\" charset=\"utf-8\"><\/script><\/p>\n<blockquote class=\"twitter-tweet\" data-lang=\"de\">\n<p lang=\"de\" dir=\"ltr\">Zu Digitalisierung auch nichts, scheint es. Gibt es irgendwas Bemerkenswertes da drin? (Nichrhetorische Frage.) <a href=\"https:\/\/t.co\/eXokbW3OXu\">https:\/\/t.co\/eXokbW3OXu<\/a><\/p>\n<p>&mdash; Martin Lindner (@martinlindner) <a href=\"https:\/\/twitter.com\/martinlindner\/status\/951875169781452801?ref_src=twsrc%5Etfw\">12. Januar 2018<\/a><\/p><\/blockquote>\n<p><script async src=\"https:\/\/platform.twitter.com\/widgets.js\" charset=\"utf-8\"><\/script><\/p>\n<blockquote class=\"twitter-tweet\" data-lang=\"de\">\n<p lang=\"de\" dir=\"ltr\">Die neue <a href=\"https:\/\/twitter.com\/hashtag\/Groko?src=hash&amp;ref_src=twsrc%5Etfw\">#Groko<\/a> will mehr Innere Sicherheit, und Kriminalit\u00e4t bek\u00e4mpfen. <\/p>\n<p>Und will jetzt daf\u00fcr sorgen, dass M\u00e4nner ohne Perspektive aufeinanderhocken, w\u00e4hrend ihre Familien irgendwo verrecken.<\/p>\n<p>Merkt Ihr selber, oder?<a href=\"https:\/\/twitter.com\/hashtag\/Sondierung?src=hash&amp;ref_src=twsrc%5Etfw\">#Sondierung<\/a><\/p>\n<p>&mdash; Anne Roth (@annalist) <a href=\"https:\/\/twitter.com\/annalist\/status\/951879084384153600?ref_src=twsrc%5Etfw\">12. Januar 2018<\/a><\/p><\/blockquote>\n<p><script async src=\"https:\/\/platform.twitter.com\/widgets.js\" charset=\"utf-8\"><\/script><\/p>\n<blockquote class=\"twitter-tweet\" data-lang=\"de\">\n<p lang=\"de\" dir=\"ltr\">Hat das schon jemand dem <a href=\"https:\/\/twitter.com\/hashtag\/NetzDG?src=hash&amp;ref_src=twsrc%5Etfw\">#NetzDG<\/a> gemeldet? <a href=\"https:\/\/t.co\/vdGDG8xHAn\">pic.twitter.com\/vdGDG8xHAn<\/a><\/p>\n<p>&mdash; Kerstin ? (@nordfrisiske) <a href=\"https:\/\/twitter.com\/nordfrisiske\/status\/951838930730614785?ref_src=twsrc%5Etfw\">12. Januar 2018<\/a><\/p><\/blockquote>\n<p><script async src=\"https:\/\/platform.twitter.com\/widgets.js\" charset=\"utf-8\"><\/script><\/p>\n<blockquote class=\"twitter-tweet\" data-lang=\"de\">\n<p lang=\"de\" dir=\"ltr\">Als Tiger gesprungen, als Tigerente gelandet. <a href=\"https:\/\/t.co\/libriK9fFx\">https:\/\/t.co\/libriK9fFx<\/a><\/p>\n<p>&mdash; Lorenz Meyer (@shengfui) <a href=\"https:\/\/twitter.com\/shengfui\/status\/951901239549231104?ref_src=twsrc%5Etfw\">12. Januar 2018<\/a><\/p><\/blockquote>\n<p><script async src=\"https:\/\/platform.twitter.com\/widgets.js\" charset=\"utf-8\"><\/script><\/p>\n<blockquote class=\"twitter-tweet\" data-lang=\"de\">\n<p lang=\"de\" dir=\"ltr\">Die <a href=\"https:\/\/twitter.com\/hashtag\/SPD?src=hash&amp;ref_src=twsrc%5Etfw\">#SPD<\/a> ist mal wieder dabei, wenn es hei\u00dft, <a href=\"https:\/\/twitter.com\/hashtag\/Asylrecht?src=hash&amp;ref_src=twsrc%5Etfw\">#Asylrecht<\/a> zu versch\u00e4rfen. Verst\u00e4ndigt wurde sich auf: Obergrenze, Familiennachzug bleibt ausgesetzt, dann enge Begrenzung, zentrale Lager f\u00fcr Asylsuchende + Residenzpflicht und Sachleistungen statt Geld. <a href=\"https:\/\/t.co\/v3kTsZyRj5\">https:\/\/t.co\/v3kTsZyRj5<\/a><\/p>\n<p>&mdash; (((Katharina K\u00f6nig-Preuss))) (@KatharinaKoenig) <a href=\"https:\/\/twitter.com\/KatharinaKoenig\/status\/951768357623291904?ref_src=twsrc%5Etfw\">12. Januar 2018<\/a><\/p><\/blockquote>\n<p><script async src=\"https:\/\/platform.twitter.com\/widgets.js\" charset=\"utf-8\"><\/script><\/p>\n<blockquote class=\"twitter-tweet\" data-lang=\"de\">\n<p lang=\"de\" dir=\"ltr\">Erfolgreich f\u00fcr die Gesundheitskonzerne, sonst niemanden.<br \/>Die beteiligten Menschen bluten aus &#8211; f\u00fcr deren Profite, die von der Politik erm\u00f6glicht sind.<br \/>(besser nix twittern, als so etwas) <a href=\"https:\/\/t.co\/QmHUIe5rZa\">https:\/\/t.co\/QmHUIe5rZa<\/a><\/p>\n<p>&mdash; Liese M\u00fcller (@Liese_Mueller) <a href=\"https:\/\/twitter.com\/Liese_Mueller\/status\/951909761724960768?ref_src=twsrc%5Etfw\">12. Januar 2018<\/a><\/p><\/blockquote>\n<p><script async src=\"https:\/\/platform.twitter.com\/widgets.js\" charset=\"utf-8\"><\/script><\/p>\n<blockquote class=\"twitter-tweet\" data-lang=\"de\">\n<p lang=\"de\" dir=\"ltr\">Falls ihr nach Ergebnissen f\u00fcr den Bereich LGBT im <a href=\"https:\/\/twitter.com\/hashtag\/Sondierungspapier?src=hash&amp;ref_src=twsrc%5Etfw\">#Sondierungspapier<\/a> fragt: Wir k\u00f6nnen es leider kurz machen &#8211; kommt nicht vor. <a href=\"https:\/\/twitter.com\/hashtag\/fail?src=hash&amp;ref_src=twsrc%5Etfw\">#fail<\/a><\/p>\n<p>&mdash; Queerspiegel (@queerspiegel) <a href=\"https:\/\/twitter.com\/queerspiegel\/status\/951809131714940928?ref_src=twsrc%5Etfw\">12. Januar 2018<\/a><\/p><\/blockquote>\n<p><script async src=\"https:\/\/platform.twitter.com\/widgets.js\" charset=\"utf-8\"><\/script><\/p>\n<blockquote class=\"twitter-tweet\" data-lang=\"de\">\n<p lang=\"de\" dir=\"ltr\">Wir waren nicht zufrieden mit dem letzten Verhandlungsstand von Jamaika. Das finale Sondierungspapier der Groko liegt leider noch weit dahinter. Traurig, dass sowas 2018 immer noch passiert.<\/p>\n<p>&mdash; netzpolitik (@netzpolitik) <a href=\"https:\/\/twitter.com\/netzpolitik\/status\/951755359013736449?ref_src=twsrc%5Etfw\">12. Januar 2018<\/a><\/p><\/blockquote>\n<p><script async src=\"https:\/\/platform.twitter.com\/widgets.js\" charset=\"utf-8\"><\/script><\/p>\n<blockquote class=\"twitter-tweet\" data-lang=\"de\">\n<p lang=\"de\" dir=\"ltr\">Und \u00fcbrigens auch ein Witz dass <a href=\"https:\/\/twitter.com\/hashtag\/GR%C3%9CNE?src=hash&amp;ref_src=twsrc%5Etfw\">#GR\u00dcNE<\/a> allein gegen Union und FDP <a href=\"https:\/\/twitter.com\/hashtag\/Lobbyregister?src=hash&amp;ref_src=twsrc%5Etfw\">#Lobbyregister<\/a> durchsetzen konnte und <a href=\"https:\/\/twitter.com\/hashtag\/SPD?src=hash&amp;ref_src=twsrc%5Etfw\">#SPD<\/a> nun erneut nicht <a href=\"https:\/\/twitter.com\/hashtag\/Sondierungspapier?src=hash&amp;ref_src=twsrc%5Etfw\">#Sondierungspapier<\/a> <a href=\"https:\/\/twitter.com\/hashtag\/GroKo?src=hash&amp;ref_src=twsrc%5Etfw\">#GroKo<\/a><\/p>\n<p>&mdash; Marco B\u00fclow (@marcobuelow) <a href=\"https:\/\/twitter.com\/marcobuelow\/status\/951817580154621954?ref_src=twsrc%5Etfw\">12. Januar 2018<\/a><\/p><\/blockquote>\n<p><script async src=\"https:\/\/platform.twitter.com\/widgets.js\" charset=\"utf-8\"><\/script><\/p>\n<blockquote class=\"twitter-tweet\" data-lang=\"de\">\n<p lang=\"de\" dir=\"ltr\">Wie will die <a href=\"https:\/\/twitter.com\/hashtag\/SPD?src=hash&amp;ref_src=twsrc%5Etfw\">#SPD<\/a> ihrer Basis eigentlich die <a href=\"https:\/\/twitter.com\/hashtag\/GroKo?src=hash&amp;ref_src=twsrc%5Etfw\">#GroKo<\/a> vermitteln? <a href=\"https:\/\/twitter.com\/altenbockum?ref_src=twsrc%5Etfw\">@altenbockum<\/a> ist skeptisch. Und ist \u00fcberrascht \u00fcber so manchen Inhalt des Koalitionspapiers. Was drinsteht lesen Sie nochmal hier: <a href=\"https:\/\/t.co\/P26Ol89WTk\">https:\/\/t.co\/P26Ol89WTk<\/a> <a href=\"https:\/\/t.co\/fuZL35Nl0n\">pic.twitter.com\/fuZL35Nl0n<\/a><\/p>\n<p>&mdash; FAZ.NET (@faznet) <a href=\"https:\/\/twitter.com\/faznet\/status\/951848924322648065?ref_src=twsrc%5Etfw\">12. Januar 2018<\/a><\/p><\/blockquote>\n<p><script async src=\"https:\/\/platform.twitter.com\/widgets.js\" charset=\"utf-8\"><\/script><\/p>\n","protected":false},"excerpt":{"rendered":"<p>Die Ergebnisse der Sondierungen zur Bildung einer erneuten &#8222;Gro\u00dfen Koalition&#8220; (GroKo) k\u00f6nnen inzwischen nachgelesen werden. Ergebnis der Sondierungen Die Reaktionen im Netz sind wenig begeistert. Ich habe eine schnelle, nicht &hellip; <a href=\"https:\/\/www.schiebener.net\/wordpress\/die-ergebnisse-der-sondierungsgespraeche-wenig-begeisterung-im-netz\/\" class=\"more-link\"><span class=\"screen-reader-text\">\u201eDie Ergebnisse der Sondierungsgespr\u00e4che zur GroKo &#8211; wenig Begeisterung im Netz\u201c <\/span>weiterlesen<\/a><\/p>\n","protected":false},"author":3,"featured_media":0,"comment_status":"open","ping_status":"open","sticky":false,"template":"","format":"standard","meta":{"footnotes":""},"categories":[24],"tags":[409,4722,7133,13,287],"class_list":["post-39849","post","type-post","status-publish","format-standard","hentry","category-politik","tag-cdu","tag-groko","tag-sondierungsgespraeche","tag-spd","tag-twitter"],"_links":{"self":[{"href":"https:\/\/www.schiebener.net\/wordpress\/wp-json\/wp\/v2\/posts\/39849","targetHints":{"allow":["GET"]}}],"collection":[{"href":"https:\/\/www.schiebener.net\/wordpress\/wp-json\/wp\/v2\/posts"}],"about":[{"href":"https:\/\/www.schiebener.net\/wordpress\/wp-json\/wp\/v2\/types\/post"}],"author":[{"embeddable":true,"href":"https:\/\/www.schiebener.net\/wordpress\/wp-json\/wp\/v2\/users\/3"}],"replies":[{"embeddable":true,"href":"https:\/\/www.schiebener.net\/wordpress\/wp-json\/wp\/v2\/comments?post=39849"}],"version-history":[{"count":0,"href":"https:\/\/www.schiebener.net\/wordpress\/wp-json\/wp\/v2\/posts\/39849\/revisions"}],"wp:attachment":[{"href":"https:\/\/www.schiebener.net\/wordpress\/wp-json\/wp\/v2\/media?parent=39849"}],"wp:term":[{"taxonomy":"category","embeddable":true,"href":"https:\/\/www.schiebener.net\/wordpress\/wp-json\/wp\/v2\/categories?post=39849"},{"taxonomy":"post_tag","embeddable":true,"href":"https:\/\/www.schiebener.net\/wordpress\/wp-json\/wp\/v2\/tags?post=39849"}],"curies":[{"name":"wp","href":"https:\/\/api.w.org\/{rel}","templated":true}]}}