{"id":39801,"date":"2018-01-05T22:41:53","date_gmt":"2018-01-05T21:41:53","guid":{"rendered":"https:\/\/www.schiebener.net\/wordpress\/?p=39801"},"modified":"2018-01-05T22:41:53","modified_gmt":"2018-01-05T21:41:53","slug":"radio-sauerland-dudelfunk-oder-schwarzfunk","status":"publish","type":"post","link":"https:\/\/www.schiebener.net\/wordpress\/radio-sauerland-dudelfunk-oder-schwarzfunk\/","title":{"rendered":"Radio Sauerland &#8211; Dudelfunk oder Schwarzfunk?"},"content":{"rendered":"<figure id=\"attachment_21232\" aria-describedby=\"caption-attachment-21232\" style=\"width: 512px\" class=\"wp-caption aligncenter\"><img loading=\"lazy\" decoding=\"async\" class=\"size-full wp-image-21232\" src=\"https:\/\/www.schiebener.net\/wordpress\/wp-content\/uploads\/2012\/11\/radiosauerland20121110.jpg\" alt=\"\" width=\"512\" height=\"384\" srcset=\"https:\/\/www.schiebener.net\/wordpress\/wp-content\/uploads\/2012\/11\/radiosauerland20121110.jpg 512w, https:\/\/www.schiebener.net\/wordpress\/wp-content\/uploads\/2012\/11\/radiosauerland20121110-300x225.jpg 300w\" sizes=\"auto, (max-width: 512px) 85vw, 512px\" \/><figcaption id=\"caption-attachment-21232\" class=\"wp-caption-text\">Von politischen Gegnern gern als &#8222;Haussender der CDU&#8220; bezeichnet: Radio Sauerland vis a vis dem Kreishaus Meschede. (archivfoto: zoom)<\/figcaption><\/figure>\n<p><strong>Beim Friseur und in Gesch\u00e4ften, in denen Alibi-Radio als Hintergrund laufen muss\/soll, bin ich gezwungen <a href=\"http:\/\/www.radiosauerland.de\/\" target=\"_blank\" rel=\"noopener\">Radio Sauerland<\/a> zu h\u00f6ren. Viel Reklame, flache Informationen und Dudelmusik, der perfekte Sender f\u00fcr das ersch\u00f6pfte Gehirn.<\/strong><\/p>\n<p><em>(Disclaimer: Habe ich schon vorausgeschickt, dass ich lieber Sender mit guter Musik und h\u00f6renswerten Nachrichten sowie Analysen anschalte?)<\/em><\/p>\n<p>Heute bin ich wieder daran erinnert worden, aus welchen Gr\u00fcnden es bei Radio Sauerland nichts mit gutem Journalismus werden kann:<\/p>\n<p>&#8222;Radio Sauerland auf gutem Weg&#8220;, hei\u00dft es in der lokalen Funkemedien-Zeitung. Der Sender werde finanziell von der Betriebsgesellschaft Hochsauerlandkreis getragen. Diese Gesellschaft bestehe aus der Funke Mediengruppe und dem HSK.<\/p>\n<p>Die Mediengruppe, die den lokalen Zeitungsmarkt beherrscht, bestimmt gemeinsam mit der Politik den Lokalfunk und damit die nachrichtliche Grundversorgung der Menschen in Wort, Sound und Schrift.<\/p>\n<p>Es ist also \u00fcberhaupt nicht verwunderlich, dass von Seiten der Westfalenpost (Funke) nicht oder kaum(?) kritisch \u00fcber Radio Sauerland (Funke Anteile) berichtet wird. Das gleiche gilt umgekehrt.<\/p>\n<p>Als Dritter im Bunde ist noch der HSK zu nennen. Lest die WP und h\u00f6rt Radio Sauerland und berichtet, wie oft die beiden Medien objektiv, hintergr\u00fcndig \u00fcber die Kreispolitik berichten. Ich bin gespannt.<\/p>\n<p>An der Masse kann es nicht liegen, wenn nur wenige Berichte eintrudeln sollten, denn &#8222;Radio Sauerland ist seit vielen Jahren der meistgeh\u00f6rte Sender im Verbreitungsgebiet, dem Hochsauerlandkreis.&#8220;<\/p>\n<p>&#8212;&#8212;&#8212;&#8212;&#8212;&#8212;&#8212;&#8212;-<\/p>\n<p><em>Zitate s\u00e4mtlich aus &#8222;Weiter mit bew\u00e4hrten Kr\u00e4ften&#8220;, WR Arnsberg\/Sundern 4.1.2018<\/em><\/p>\n<p><strong>\u00c4ltere Artikel zu Radio Sauerland hier im Blog:<\/strong><\/p>\n<ul>\n<li><a href=\"https:\/\/www.schiebener.net\/wordpress\/dudelfunk-dickes-minus-bei-radio-sauerland\/\" target=\"_blank\" rel=\"noopener\">Dudelfunk: Dickes Minus bei Radio Sauerland<\/a><\/li>\n<li><a href=\"https:\/\/www.schiebener.net\/wordpress\/fragen-und-antworten-zum-gewinnspiel-bei-radio-sauerland-radio-nrw-ist-nicht-zur-transparenz-bereit\/\" target=\"_blank\" rel=\"noopener\">Fragen und Antworten zum Gewinnspiel bei Radio Sauerland: Radio NRW ist nicht zur Transparenz bereit<\/a><\/li>\n<\/ul>\n","protected":false},"excerpt":{"rendered":"<p>Beim Friseur und in Gesch\u00e4ften, in denen Alibi-Radio als Hintergrund laufen muss\/soll, bin ich gezwungen Radio Sauerland zu h\u00f6ren. Viel Reklame, flache Informationen und Dudelmusik, der perfekte Sender f\u00fcr das &hellip; <a href=\"https:\/\/www.schiebener.net\/wordpress\/radio-sauerland-dudelfunk-oder-schwarzfunk\/\" class=\"more-link\"><span class=\"screen-reader-text\">\u201eRadio Sauerland &#8211; Dudelfunk oder Schwarzfunk?\u201c <\/span>weiterlesen<\/a><\/p>\n","protected":false},"author":3,"featured_media":0,"comment_status":"open","ping_status":"open","sticky":false,"template":"","format":"standard","meta":{"footnotes":""},"categories":[80,32,24],"tags":[6294,835,389,872,340],"class_list":["post-39801","post","type-post","status-publish","format-standard","hentry","category-lokales","category-medien","category-politik","tag-funke-mediengruppe","tag-hochsauerlandkreis","tag-hsk","tag-radio-sauerland","tag-westfalenpost"],"_links":{"self":[{"href":"https:\/\/www.schiebener.net\/wordpress\/wp-json\/wp\/v2\/posts\/39801","targetHints":{"allow":["GET"]}}],"collection":[{"href":"https:\/\/www.schiebener.net\/wordpress\/wp-json\/wp\/v2\/posts"}],"about":[{"href":"https:\/\/www.schiebener.net\/wordpress\/wp-json\/wp\/v2\/types\/post"}],"author":[{"embeddable":true,"href":"https:\/\/www.schiebener.net\/wordpress\/wp-json\/wp\/v2\/users\/3"}],"replies":[{"embeddable":true,"href":"https:\/\/www.schiebener.net\/wordpress\/wp-json\/wp\/v2\/comments?post=39801"}],"version-history":[{"count":0,"href":"https:\/\/www.schiebener.net\/wordpress\/wp-json\/wp\/v2\/posts\/39801\/revisions"}],"wp:attachment":[{"href":"https:\/\/www.schiebener.net\/wordpress\/wp-json\/wp\/v2\/media?parent=39801"}],"wp:term":[{"taxonomy":"category","embeddable":true,"href":"https:\/\/www.schiebener.net\/wordpress\/wp-json\/wp\/v2\/categories?post=39801"},{"taxonomy":"post_tag","embeddable":true,"href":"https:\/\/www.schiebener.net\/wordpress\/wp-json\/wp\/v2\/tags?post=39801"}],"curies":[{"name":"wp","href":"https:\/\/api.w.org\/{rel}","templated":true}]}}