{"id":39796,"date":"2018-01-05T22:05:01","date_gmt":"2018-01-05T21:05:01","guid":{"rendered":"https:\/\/www.schiebener.net\/wordpress\/?p=39796"},"modified":"2018-01-05T22:05:01","modified_gmt":"2018-01-05T21:05:01","slug":"06-01-2018-adriano-celentano-wird-80","status":"publish","type":"post","link":"https:\/\/www.schiebener.net\/wordpress\/06-01-2018-adriano-celentano-wird-80\/","title":{"rendered":"06.01.2018: Adriano Celentano wird 80"},"content":{"rendered":"<p><strong><a href=\"https:\/\/de.wikipedia.org\/wiki\/Adriano_Celentano\" target=\"_blank\" rel=\"noopener\">Adriano Celentano<\/a> &#8211; *06.01.1938 &#8211; ist ein italienischer S\u00e4nger, Komponist, Schauspieler, Musik-, Film- und Fernsehproduzent sowie Fernsehmoderator. <\/strong><\/p>\n<p>Seit Ende der 1950er-Jahre verhalf ihm seine erfolgreiche Schauspiel- und Musikerkarriere zu gro\u00dfer Popularit\u00e4t in seinem Heimatland, Lieder wie <a href=\"https:\/\/www.youtube.com\/watch?v=nCWZcNTSVbM\" target=\"_blank\" rel=\"noopener\">Azzurro<\/a> (1968) waren auch international erfolgreich. Celentano gilt als besonders vielseitiger Entertainer, dessen Verdienst es ist, den amerikanischen Rock \u2019n\u2019 Roll in Italien eingef\u00fchrt zu haben.<br \/>\nQuelle: Wikipedia<\/p>\n<div class=\"video-wrapped video-wrapped-video video-wrapped-yt\" style=\"width: 840px; min-height: 473px; background-image: url('https:\/\/www.schiebener.net\/wordpress\/wp-content\/plugins\/wp-video-embed-privacy-master\/preview\/yt\/NLS_VNiXHNs.jpg?s=3667aa183aaec1b8522064aa6ebd336ce5564e2e85d416946e46568c46932bf0')\" data-embed-frame=\"&lt;iframe title=&quot;Federico Fellini, La Dolce Vita - L&amp;#039;esibizione di Adriano Celentano&quot; width=&quot;840&quot; height=&quot;473&quot; src=&quot;https:\/\/www.youtube-nocookie.com\/embed\/NLS_VNiXHNs?feature=oembed&quot; frameborder=&quot;0&quot; allow=&quot;accelerometer; autoplay; clipboard-write; encrypted-media; gyroscope; picture-in-picture; web-share&quot; referrerpolicy=&quot;strict-origin-when-cross-origin&quot; allowfullscreen&gt;&lt;\/iframe&gt;\" data-embed-play=\"&lt;span&gt;Video abspielen&lt;\/span&gt;&lt;div class=&quot;small&quot;&gt;&lt;span&gt;Das Video wird von Youtube eingebettet. Es gelten die &lt;a href=&quot;https:\/\/www.google.com\/intl\/de\/policies\/privacy\/&quot; target=&quot;_blank&quot;&gt;Datenschutzerkl\u00e4rungen von Google&lt;\/a&gt;.&lt;\/span&gt;&lt;\/div&gt;\">\n<div class=\"video-wrapped-nojs\"><span>Aktivieren Sie JavaScript um das Video zu sehen.<br \/>Video-Link: <a href=\"https:\/\/www.youtube.com\/watch?v=NLS_VNiXHNs\">https:\/\/www.youtube.com\/watch?v=NLS_VNiXHNs<\/a><\/span><\/div>\n<\/div>\n<blockquote><p><a href=\"http:\/\/www.tagesspiegel.de\/kultur\/adriano-celentano-wird-80-der-zerknautschte-bacchus\/20817864.html\" target=\"_blank\" rel=\"noopener\">Der Tagesspiegel<\/a>, 05.01.2018:<\/p>\n<p><strong>Der zerknautschte Bacchus<\/strong><br \/>\n(&#8230;)<br \/>\nAdriano Celentano ist 22 Jahre alt, als er in Federico Fellinis Jahrhundertfilm <a href=\"https:\/\/de.wikipedia.org\/wiki\/Das_s%C3%BC%C3%9Fe_Leben\" target=\"_blank\" rel=\"noopener\">\u201eLa dolce vita\u201c<\/a> auftritt. Der in Mailand geborene Rebell, ein gelernter Uhrmacher mit Wurzeln in Apulien, hat es mit den Rocky Boys bereits zu lokalem Ruhm gebracht. Sein Gassenhauer \u201el tuo bacio \u00e8 come un rock\u201c war ein erster Hit.<\/p>\n<p>In \u201eLa dolce vita\u201c verk\u00f6rpert er den \u00dcbermut und die Schlagfertigkeit eines Stra\u00dfenjungen. Marcello Mastroianni schwebt mit Sonnenbrille und im eleganten Anzug durch den Film, Lex Barker ist betrunken, doch seine Pomadentolle sitzt wie angeklebt, nur Celentano hat sich nicht gek\u00e4mmt. Er ist die zerknautschte Reinkarnation von Bacchus, dem antiken Gott aller Feiers\u00fcchtigen. Mit ihm geht die Party erst richtig los.<br \/>\n[<a href=\"http:\/\/www.tagesspiegel.de\/kultur\/adriano-celentano-wird-80-der-zerknautschte-bacchus\/20817864.html\" target=\"_blank\" rel=\"noopener\">mehr &#8230;<\/a>]<\/p><\/blockquote>\n<blockquote><p><a href=\"https:\/\/www.nzz.ch\/gesellschaft\/adriano-celentano-wird-80-eine-wuerdigung-ld.1343735\" target=\"_blank\" rel=\"noopener\">NZZ<\/a>, 05.01.2018:<\/p>\n<p><strong>Adriano Celentano wird 80 \u2013 eine W\u00fcrdigung<\/strong><br \/>\n(&#8230;)<br \/>\n\u00abSeine Gr\u00f6sse zeigt sich darin, dass er es verstand, den Rock&#8217;n&#8217;Roll in etwas absolut Italienisches zu transformieren\u00bb, sagt etwa Marco Mangiarotti. Italiens bekanntester und sch\u00e4rfster Musikkritiker spricht mit gr\u00f6sstem Respekt von Celentano: \u00abEr ist ein echter K\u00fcnstler, der bei allem, was er macht, so unglaublich glaubw\u00fcrdig ist \u2013 und darum ist er auch so popul\u00e4r.\u00bb<br \/>\n[<a href=\"https:\/\/www.nzz.ch\/gesellschaft\/adriano-celentano-wird-80-eine-wuerdigung-ld.1343735\" target=\"_blank\" rel=\"noopener\">mehr &#8230;<\/a>]<\/p><\/blockquote>\n<p>\u00bb <a href=\"http:\/\/www.deutschlandfunkkultur.de\/adriano-celentano-wird-80-entertainer-und-volksheld.2177.de.html?dram:article_id=407618\" target=\"_blank\" rel=\"noopener\">Adriano Celentano &#8211; Entertainer und Volksheld<\/a> | DLF-Kultur, 05.01.2018<\/p>\n<p>https:\/\/www.youtube.com\/watch?v=ZS-TtRENIV0<\/p>\n","protected":false},"excerpt":{"rendered":"<p>Adriano Celentano &#8211; *06.01.1938 &#8211; ist ein italienischer S\u00e4nger, Komponist, Schauspieler, Musik-, Film- und Fernsehproduzent sowie Fernsehmoderator. Seit Ende der 1950er-Jahre verhalf ihm seine erfolgreiche Schauspiel- und Musikerkarriere zu gro\u00dfer &hellip; <a href=\"https:\/\/www.schiebener.net\/wordpress\/06-01-2018-adriano-celentano-wird-80\/\" class=\"more-link\"><span class=\"screen-reader-text\">\u201e06.01.2018: Adriano Celentano wird 80\u201c <\/span>weiterlesen<\/a><\/p>\n","protected":false},"author":64,"featured_media":0,"comment_status":"open","ping_status":"open","sticky":false,"template":"","format":"standard","meta":{"footnotes":""},"categories":[674,854,27],"tags":[7181,7180],"class_list":["post-39796","post","type-post","status-publish","format-standard","hentry","category-kultur","category-kunst","category-musik","tag-adriano-celentano","tag-federico-fellini"],"_links":{"self":[{"href":"https:\/\/www.schiebener.net\/wordpress\/wp-json\/wp\/v2\/posts\/39796","targetHints":{"allow":["GET"]}}],"collection":[{"href":"https:\/\/www.schiebener.net\/wordpress\/wp-json\/wp\/v2\/posts"}],"about":[{"href":"https:\/\/www.schiebener.net\/wordpress\/wp-json\/wp\/v2\/types\/post"}],"author":[{"embeddable":true,"href":"https:\/\/www.schiebener.net\/wordpress\/wp-json\/wp\/v2\/users\/64"}],"replies":[{"embeddable":true,"href":"https:\/\/www.schiebener.net\/wordpress\/wp-json\/wp\/v2\/comments?post=39796"}],"version-history":[{"count":0,"href":"https:\/\/www.schiebener.net\/wordpress\/wp-json\/wp\/v2\/posts\/39796\/revisions"}],"wp:attachment":[{"href":"https:\/\/www.schiebener.net\/wordpress\/wp-json\/wp\/v2\/media?parent=39796"}],"wp:term":[{"taxonomy":"category","embeddable":true,"href":"https:\/\/www.schiebener.net\/wordpress\/wp-json\/wp\/v2\/categories?post=39796"},{"taxonomy":"post_tag","embeddable":true,"href":"https:\/\/www.schiebener.net\/wordpress\/wp-json\/wp\/v2\/tags?post=39796"}],"curies":[{"name":"wp","href":"https:\/\/api.w.org\/{rel}","templated":true}]}}