{"id":39676,"date":"2017-12-28T20:55:05","date_gmt":"2017-12-28T19:55:05","guid":{"rendered":"https:\/\/www.schiebener.net\/wordpress\/?p=39676"},"modified":"2017-12-28T21:04:28","modified_gmt":"2017-12-28T20:04:28","slug":"digitaler-kapitalismus-diskussionsrunde-mit-marc-saxer-und-dirk-wiese-am-8-januar-in-brilon","status":"publish","type":"post","link":"https:\/\/www.schiebener.net\/wordpress\/digitaler-kapitalismus-diskussionsrunde-mit-marc-saxer-und-dirk-wiese-am-8-januar-in-brilon\/","title":{"rendered":"Digitaler Kapitalismus \u2013 Diskussionsrunde mit Marc Saxer und Dirk Wiese am 8. Januar in Brilon"},"content":{"rendered":"<figure id=\"attachment_39677\" aria-describedby=\"caption-attachment-39677\" style=\"width: 190px\" class=\"wp-caption alignleft\"><img loading=\"lazy\" decoding=\"async\" class=\" wp-image-39677\" src=\"https:\/\/www.schiebener.net\/wordpress\/wp-content\/uploads\/2017\/12\/MarcSaxer2071228.jpg\" alt=\"\" width=\"190\" height=\"190\" srcset=\"https:\/\/www.schiebener.net\/wordpress\/wp-content\/uploads\/2017\/12\/MarcSaxer2071228.jpg 320w, https:\/\/www.schiebener.net\/wordpress\/wp-content\/uploads\/2017\/12\/MarcSaxer2071228-150x150.jpg 150w, https:\/\/www.schiebener.net\/wordpress\/wp-content\/uploads\/2017\/12\/MarcSaxer2071228-300x300.jpg 300w, https:\/\/www.schiebener.net\/wordpress\/wp-content\/uploads\/2017\/12\/MarcSaxer2071228-200x200.jpg 200w\" sizes=\"auto, (max-width: 190px) 85vw, 190px\" \/><figcaption id=\"caption-attachment-39677\" class=\"wp-caption-text\">Marc Saxer, Leiter des Asienreferats in der Abteilung Internationale Entwicklung und Zusammenarbeit der Friedrich-Ebert-Stiftung (foto: spd)<\/figcaption><\/figure>\n<p><strong>Der heimische Bundestagsabgeordnete Dirk Wiese l\u00e4dt alle interessierten B\u00fcrgerinnen und B\u00fcrger zu der Diskussionsveranstaltung \u201eDigitaler Kapitalismus\u201c am Montag, den 8. Januar 2018, um 18.00 Uhr in das Hotel am Kurpark in Brilon ein.<\/strong><\/p>\n<p>Die Digitalisierung durchdringe immer mehr Bereiche der heimischen Wirtschaft, so Wiese. Dazu brauche es gerechte Rahmenbedingungen und modernste Infrastruktur.<\/p>\n<p>Ziel der SPD sei es, die Chancen, die sich aus der Digitalisierung und der weltweiten Vernetzung ergeben, zu nutzen, aber auch die Risiken nicht aus dem Auge zu verlieren.<\/p>\n<p>Mit Marc Saxer, Leiter des Asienreferats in der Abteilung Internationale Entwicklung und Zusammenarbeit der Friedrich-Ebert-Stiftung, will Dirk Wiese \u00fcber die Versprechen des digitalen Kapitalismus diskutieren:<\/p>\n<ul>\n<li>Revolutioniert die Digitalisierung tats\u00e4chlich unsere Marktwirtschaft?<\/li>\n<li>Oder verpasst sie dem Kapitalismus nur einen neuen Anstrich?<\/li>\n<li>Wohlstand und Teilhabe f\u00fcr alle oder Ungleichheit und sozialer R\u00fcckschritt: Was muss die Politik in Berlin und vor Ort tun, um den digitalen Kapitalismus so zu gestalten, dass er sozialen Fortschritt bringt?<\/li>\n<\/ul>\n<p>&#8212;&#8212;&#8212;&#8212;&#8212;&#8212;&#8212;&#8212;&#8212;&#8212;&#8212;&#8212;&#8212;<\/p>\n<p><em>Die Veranstaltung ist \u00f6ffentlich. Aus organisatorischen Gr\u00fcnden sollen sich interessierte B\u00fcrgerinnen und B\u00fcrger im Bundestagsb\u00fcro von Dirk Wiese telefonisch unter 030-227-74078 oder per E-Mail unter <a href=\"mailto:dirk.wiese@bundestag.de\" target=\"_blank\" rel=\"noopener\">dirk.wiese@bundestag.de<\/a> anmelden.<\/em><\/p>\n","protected":false},"excerpt":{"rendered":"<p>Der heimische Bundestagsabgeordnete Dirk Wiese l\u00e4dt alle interessierten B\u00fcrgerinnen und B\u00fcrger zu der Diskussionsveranstaltung \u201eDigitaler Kapitalismus\u201c am Montag, den 8. Januar 2018, um 18.00 Uhr in das Hotel am Kurpark &hellip; <a href=\"https:\/\/www.schiebener.net\/wordpress\/digitaler-kapitalismus-diskussionsrunde-mit-marc-saxer-und-dirk-wiese-am-8-januar-in-brilon\/\" class=\"more-link\"><span class=\"screen-reader-text\">\u201eDigitaler Kapitalismus \u2013 Diskussionsrunde mit Marc Saxer und Dirk Wiese am 8. Januar in Brilon\u201c <\/span>weiterlesen<\/a><\/p>\n","protected":false},"author":17,"featured_media":0,"comment_status":"open","ping_status":"open","sticky":false,"template":"","format":"standard","meta":{"footnotes":""},"categories":[542,80,24,1043],"tags":[7161,6999,3104,7160,655],"class_list":["post-39676","post","type-post","status-publish","format-standard","hentry","category-arbeitswelt","category-lokales","category-politik","category-pressemitteilungen","tag-digitaler-kapitalismus","tag-digitalisierung","tag-dirk-wiese","tag-marc-saxer","tag-pressemitteilung"],"_links":{"self":[{"href":"https:\/\/www.schiebener.net\/wordpress\/wp-json\/wp\/v2\/posts\/39676","targetHints":{"allow":["GET"]}}],"collection":[{"href":"https:\/\/www.schiebener.net\/wordpress\/wp-json\/wp\/v2\/posts"}],"about":[{"href":"https:\/\/www.schiebener.net\/wordpress\/wp-json\/wp\/v2\/types\/post"}],"author":[{"embeddable":true,"href":"https:\/\/www.schiebener.net\/wordpress\/wp-json\/wp\/v2\/users\/17"}],"replies":[{"embeddable":true,"href":"https:\/\/www.schiebener.net\/wordpress\/wp-json\/wp\/v2\/comments?post=39676"}],"version-history":[{"count":0,"href":"https:\/\/www.schiebener.net\/wordpress\/wp-json\/wp\/v2\/posts\/39676\/revisions"}],"wp:attachment":[{"href":"https:\/\/www.schiebener.net\/wordpress\/wp-json\/wp\/v2\/media?parent=39676"}],"wp:term":[{"taxonomy":"category","embeddable":true,"href":"https:\/\/www.schiebener.net\/wordpress\/wp-json\/wp\/v2\/categories?post=39676"},{"taxonomy":"post_tag","embeddable":true,"href":"https:\/\/www.schiebener.net\/wordpress\/wp-json\/wp\/v2\/tags?post=39676"}],"curies":[{"name":"wp","href":"https:\/\/api.w.org\/{rel}","templated":true}]}}