{"id":39670,"date":"2017-12-27T22:45:51","date_gmt":"2017-12-27T21:45:51","guid":{"rendered":"https:\/\/www.schiebener.net\/wordpress\/?p=39670"},"modified":"2017-12-27T23:22:58","modified_gmt":"2017-12-27T22:22:58","slug":"fakt-oder-geruecht-faellung-der-linden-auf-dem-kirmesgelaende-in-huesten","status":"publish","type":"post","link":"https:\/\/www.schiebener.net\/wordpress\/fakt-oder-geruecht-faellung-der-linden-auf-dem-kirmesgelaende-in-huesten\/","title":{"rendered":"Fakt oder Ger\u00fccht? \u2013 F\u00e4llung der Linden auf dem Kirmesgel\u00e4nde in H\u00fcsten"},"content":{"rendered":"<p><img loading=\"lazy\" decoding=\"async\" class=\"aligncenter size-full wp-image-39672\" src=\"https:\/\/www.schiebener.net\/wordpress\/wp-content\/uploads\/2017\/12\/LindenHuesten20171227.jpg\" alt=\"\" width=\"700\" height=\"715\" srcset=\"https:\/\/www.schiebener.net\/wordpress\/wp-content\/uploads\/2017\/12\/LindenHuesten20171227.jpg 700w, https:\/\/www.schiebener.net\/wordpress\/wp-content\/uploads\/2017\/12\/LindenHuesten20171227-294x300.jpg 294w\" sizes=\"auto, (max-width: 709px) 85vw, (max-width: 909px) 67vw, (max-width: 984px) 61vw, (max-width: 1362px) 45vw, 600px\" \/><strong>Die Kreistagsfraktion Sauerl\u00e4nder B\u00fcrgerliste (SBL\/FW) erhielt von Einwohnern der Stadt Arnsberg den Hinweis, dass in den n\u00e4chsten Tagen Lindenb\u00e4ume auf dem Kirmesgel\u00e4nde in H\u00fcsten gef\u00e4llt werden sollen.<\/strong><\/p>\n<p><em>(Der Artikel ist heute zuerst <a href=\"http:\/\/sbl-fraktion.de\/?p=8113\" target=\"_blank\" rel=\"noopener\">auf der Website der Sauerl\u00e4nder B\u00fcrgerliste<\/a> erschienen.)<\/em><\/p>\n<p>Die B\u00fcrger\/innen, die sich bei der SBL\/FW meldeten, halten die Ma\u00dfnahme offenbar f\u00fcr eine &#8222;Nacht- und Nebelaktion&#8220;. Vor allem sind sie aber der Meinung, dass die F\u00e4llung der alten Linden falsch und unverantwortlich ist.<\/p>\n<p>SBL\/FW-Fraktionssprecher Reinhard Loos wandte sich daraufhin am 27.12.2017 schriftlich an Frau Goldner, die 1. stellvertretende B\u00fcrgermeisterin mit der Stadt Arnsberg. Im Brief an die amtierende B\u00fcrgermeisterin hei\u00dft es: \u201cDie Kreistagsfraktion Sauerl\u00e4nder B\u00fcrgerliste (SBL\/FW) w\u00fcrde es begr\u00fc\u00dfen, wenn Sie die F\u00e4llung der Linden verhindern oder \u2013 falls es zwingende, uns bisher nicht bekannte Gr\u00fcnde geben sollte, die einen Erhalt der Linden ausschlie\u00dfen \u2013 die B\u00fcrgerinnen und B\u00fcrger sowie uns \u00fcber die Gr\u00fcnde f\u00fcr die eventuell bevorstehende Baumf\u00e4llaktion auf dem Kirmesplatz und \u00fcber die Art und Weise, wie es im Stadtrat und\/oder im Ausschuss zu dieser Entscheidung gekommen ist, informieren.\u201d<\/p>\n<p>Am gleichen Tag richtete Reinhard Loos auch eine entsprechende Anfrage an Landrat Dr. Karl Schneider. Die Kreisverwaltung wird mit diesem Schreiben um Auskunft gebeten, ob die Untere Landschaftsbeh\u00f6rde (ULB) Kenntnis \u00fcber die bevorstehende (oder zwischenzeitlich bereits erfolgte?) F\u00e4llung der alten Linden in H\u00fcsten hat und, falls ja, ob die ULB in die Entscheidung einbezogen worden ist und wie ihre Empfehlung lautete.<\/p>\n<p>Ob die Infos \u00fcber die Baumf\u00e4llungen hoffentlich nur ein Ger\u00fccht sind, wird sich sicher bald herausstellen!?<\/p>\n","protected":false},"excerpt":{"rendered":"<p>Die Kreistagsfraktion Sauerl\u00e4nder B\u00fcrgerliste (SBL\/FW) erhielt von Einwohnern der Stadt Arnsberg den Hinweis, dass in den n\u00e4chsten Tagen Lindenb\u00e4ume auf dem Kirmesgel\u00e4nde in H\u00fcsten gef\u00e4llt werden sollen. (Der Artikel ist &hellip; <a href=\"https:\/\/www.schiebener.net\/wordpress\/fakt-oder-geruecht-faellung-der-linden-auf-dem-kirmesgelaende-in-huesten\/\" class=\"more-link\"><span class=\"screen-reader-text\">\u201eFakt oder Ger\u00fccht? \u2013 F\u00e4llung der Linden auf dem Kirmesgel\u00e4nde in H\u00fcsten\u201c <\/span>weiterlesen<\/a><\/p>\n","protected":false},"author":17,"featured_media":0,"comment_status":"open","ping_status":"open","sticky":false,"template":"","format":"standard","meta":{"footnotes":""},"categories":[80,24,549],"tags":[4537,7159],"class_list":["post-39670","post","type-post","status-publish","format-standard","hentry","category-lokales","category-politik","category-umwelt","tag-kirmes-neheim-huesten","tag-linden"],"_links":{"self":[{"href":"https:\/\/www.schiebener.net\/wordpress\/wp-json\/wp\/v2\/posts\/39670","targetHints":{"allow":["GET"]}}],"collection":[{"href":"https:\/\/www.schiebener.net\/wordpress\/wp-json\/wp\/v2\/posts"}],"about":[{"href":"https:\/\/www.schiebener.net\/wordpress\/wp-json\/wp\/v2\/types\/post"}],"author":[{"embeddable":true,"href":"https:\/\/www.schiebener.net\/wordpress\/wp-json\/wp\/v2\/users\/17"}],"replies":[{"embeddable":true,"href":"https:\/\/www.schiebener.net\/wordpress\/wp-json\/wp\/v2\/comments?post=39670"}],"version-history":[{"count":0,"href":"https:\/\/www.schiebener.net\/wordpress\/wp-json\/wp\/v2\/posts\/39670\/revisions"}],"wp:attachment":[{"href":"https:\/\/www.schiebener.net\/wordpress\/wp-json\/wp\/v2\/media?parent=39670"}],"wp:term":[{"taxonomy":"category","embeddable":true,"href":"https:\/\/www.schiebener.net\/wordpress\/wp-json\/wp\/v2\/categories?post=39670"},{"taxonomy":"post_tag","embeddable":true,"href":"https:\/\/www.schiebener.net\/wordpress\/wp-json\/wp\/v2\/tags?post=39670"}],"curies":[{"name":"wp","href":"https:\/\/api.w.org\/{rel}","templated":true}]}}