{"id":3959,"date":"2009-07-16T00:16:36","date_gmt":"2009-07-15T22:16:36","guid":{"rendered":"http:\/\/www.schiebener.net\/wordpress\/?p=3959"},"modified":"2009-07-16T00:30:43","modified_gmt":"2009-07-15T22:30:43","slug":"wir-sind-die-alternative-politik-fur-burgerinnen-und-burger-nicht-fur-eine-partei","status":"publish","type":"post","link":"https:\/\/www.schiebener.net\/wordpress\/wir-sind-die-alternative-politik-fur-burgerinnen-und-burger-nicht-fur-eine-partei\/","title":{"rendered":"Wir sind die Alternative: Politik f\u00fcr B\u00fcrgerinnen und B\u00fcrger, nicht f\u00fcr eine Partei"},"content":{"rendered":"<h2>Pressemitteilung der Sauerl\u00e4nder B\u00fcrgerliste\u00a0 (SBL\/FW)<\/h2>\n<p style=\"text-align: justify;\"><em>Meschede, 14.07.2009<\/em> Die Sauerl\u00e4nder B\u00fcrgerliste bewirbt sich zum ersten Mal bei ein<img loading=\"lazy\" decoding=\"async\" class=\"size-full wp-image-3983 alignleft\" style=\"border: 2px solid black;\" title=\"logo2\" src=\"http:\/\/www.schiebener.net\/wordpress\/wp-content\/uploads\/2009\/07\/logo2.jpg\" alt=\"logo2\" width=\"195\" height=\"63\" \/>er\u00a0 Kreistagswahl. Gestern (am 13.07.) war Einreichungsschlu\u00df f\u00fcr die\u00a0 Wahlunterlagen. In allen 27 Wahlbezirken des Kreisgebiets wurden eigene\u00a0 Kandidatinnen und Kandidaten aufgestellt. Es ist auch gelungen, f\u00fcr alle\u00a0 Kandidaten in den Wahlbezirken und f\u00fcr die Liste auf Kreisebene eine ausreichende Zahl von Unterst\u00fctzerunterschriften zu sammeln. Etwa 700 B\u00f6gen mit Unterst\u00fctzer\u00adunterschriften wurden beim Wahlamt der Kreisverwaltung eingereicht.<\/p>\n<p style=\"text-align: justify;\">Die Organisatoren bedanken sich noch einmal bei all denjenigen, die bei dieser sehr aufwendigen Sammlung von Unterst\u00fctzerunterschriften mitgewirkt haben, sowie bei all denen, die durch ihre Unterschrift den Wahlvorschlag unterst\u00fctzten. Somit werden die W\u00e4hlerinnen und W\u00e4hler bei der Kreistagswahl am 30. August die Auswahl zwischen mindestens 5 kandidierenden Listen haben &#8211; wenn der Kreiswahlausschu\u00df am 20. Juli alle eingereichten Wahlvorschl\u00e4ge zul\u00e4sst.<\/p>\n<p style=\"text-align: center;\"><img loading=\"lazy\" decoding=\"async\" class=\"size-full wp-image-3984 aligncenter\" title=\"sbl-grup\" src=\"http:\/\/www.schiebener.net\/wordpress\/wp-content\/uploads\/2009\/07\/sbl-grup.jpg\" alt=\"sbl-grup\" width=\"436\" height=\"291\" \/><\/p>\n<p style=\"text-align: justify;\">Die von der neuen Liste zur Kreistagswahl eingereichten Wahlvorschl\u00e4ge<br \/>\nsind aus der Zusammenarbeit der SBL-Kreistagsfraktion mit den Freien W\u00e4hlern und B\u00fcrgerlisten aus Brilon (BBL), Hallenberg (BfH), Medebach (FW-Medebach) und Meschede (MbZ) sowie B\u00fcrgerinnen und B\u00fcrgern aus<br \/>\nArnsberg, Sundern und anderen Orten im Kreisgebiet entstanden. Deswegen<br \/>\nwurde die Kurzbezeichnung &#8222;SBL\/FW&#8220; gew\u00e4hlt. Die \u00f6rtlichen Gruppierungen\u00a0 sind &#8212; au\u00dfer der MbZ &#8212; bereits in den R\u00e4ten vertreten; sie streben\u00a0 eine st\u00e4rkere Mitwirkung in der Kreispolitik an.<\/p>\n<p style=\"text-align: justify;\">Die SBL ist bereits seit 3 Jahren mit zwei Kreistagsmitgliedern als\u00a0 Fraktion im Kreistag des HSK t\u00e4tig und konnte viele Erfahrungen in der\u00a0 Kreispolitik sammeln. Sie hat sich in dieser Zeit als kritisch-konstruktive Alternative zu den gro\u00dfen Fraktionen, zum Landrat und zur Kreisverwaltung etabliert.<\/p>\n<p style=\"text-align: justify;\">Dabei hat sich oft gezeigt, wie nachteilig es f\u00fcr die Politikgestaltung ist, wenn eine Fraktion eine\u00a0 absolute Mehrheit der Sitze hat: Die CDU konnte mit 33 von 55 Stimmen alles alleine entscheiden. Das schadet der Kreativit\u00e4t und schafft eine zu gro\u00dfe N\u00e4he zwischen Verwaltungsleitung und Fraktionsspitze.<br \/>\nWiederholt konnte man den Eindruck haben, dass Entscheidungen von\u00a0 Parteizentralen au\u00dferhalb des Kreises gesteuert wurden. Die neue Liste m\u00f6chte daher dazu beitragen, die Zeit der absoluten Mehrheit einer Fraktion zu beenden.<\/p>\n<p>F\u00fcr die Kandidatinnen und Kandidaten der SBL\/FW ist es wichtig, eine transparente, b\u00fcrgernahe, parteiunabh\u00e4ngige, \u00f6kologische und soziale Kommunalpolitik zu verwirklichen.<br \/>\nEin weiteres wesentliches Ziel der SBL\/FW ist die engere Abstimmung und der bessere Informationsflu\u00df zwischen Kreis- und Stadtebene, wof\u00fcr die neue Liste erhebliche Verbesse\u00adrungsm\u00f6glichkeiten sieht. So ist es nur schwer verst\u00e4ndlich, warum der Kreistag am 26. Juni mehrheitlich beschlossen hat, f\u00fcr 30 Mio Euro RWE-Aktien von der WestLB zu kaufen.<br \/>\nDie Entscheidung fiel unter Ausschlu\u00df der \u00d6ffentlichkeit; auch die St\u00e4dte und Gemeinden im Kreisgebiet waren an dieser Entscheidung nicht beteiligt. Aber sie sollen einen Altfehlbetrag des Kreises in fast gleicher H\u00f6he durch eine zus\u00e4tzliche Kreisumlage ausgleichen. Die\u00a0 Kommunen m\u00fcssen also zus\u00e4tzliche Kredite aufnehmen, w\u00e4hrend der Kreis ein sehr gro\u00dfes Aktienpaket eines einzigen Energiemultis kauft, mit hohen Kurs- und Dividendenrisiken.<br \/>\nAuf den ersten Pl\u00e4tze der SBL\/FW-Liste kandidieren Reinhard Loos (Brilon\/Arnsberg), Matthias Schulte-Huermann (Sundern), StefanRabe (Medebach-Oberschledorn), Lutz Wendland (Meschede), Karl-Heinz Kotzan<br \/>\n(Hallenberg), Gabriele Joch-Eren (Meschede-Wennemen), Christiane Kretzschmar (Brilon, B\u00fcrgermeisterkandidatin der BBL) und Alexander von Daake (Meschede, B\u00fcrgermeisterkandidat von MbZ).<\/p>\n<p style=\"text-align: justify;\">Falls die SBL-Fraktion in den Kreistag gew\u00e4hlt wird, werden zahlreiche B\u00fcrgerinnen und B\u00fcrger die Gelegenheit erhalten, als Ausschu\u00dfmitglieder in den Aussch\u00fcssen des Kreistags mitzuarbeiten.<\/p>\n<p>Ansprechpartner:<\/p>\n<p style=\"margin-bottom: 0cm;\">Fraktionssprecher Reinhard Loos<\/p>\n<p>Sauerl\u00e4nder B\u00fcrgerliste e.V.<br \/>\n<a href=\"http:\/\/www.sbl-fraktion.de\">http:\/\/www.sbl-fraktion.de<\/a><\/p>\n","protected":false},"excerpt":{"rendered":"<p>Pressemitteilung der Sauerl\u00e4nder B\u00fcrgerliste\u00a0 (SBL\/FW) Meschede, 14.07.2009 Die Sauerl\u00e4nder B\u00fcrgerliste bewirbt sich zum ersten Mal bei einer\u00a0 Kreistagswahl. Gestern (am 13.07.) war Einreichungsschlu\u00df f\u00fcr die\u00a0 Wahlunterlagen. In allen 27 Wahlbezirken &hellip; <a href=\"https:\/\/www.schiebener.net\/wordpress\/wir-sind-die-alternative-politik-fur-burgerinnen-und-burger-nicht-fur-eine-partei\/\" class=\"more-link\"><span class=\"screen-reader-text\">\u201eWir sind die Alternative: Politik f\u00fcr B\u00fcrgerinnen und B\u00fcrger, nicht f\u00fcr eine Partei\u201c <\/span>weiterlesen<\/a><\/p>\n","protected":false},"author":14,"featured_media":0,"comment_status":"open","ping_status":"open","sticky":false,"template":"","format":"standard","meta":{"footnotes":""},"categories":[303],"tags":[264,655,227],"class_list":["post-3959","post","type-post","status-publish","format-standard","hentry","category-in-unserem-briefkasten","tag-meschede","tag-pressemitteilung","tag-sauerlander-burgerliste"],"_links":{"self":[{"href":"https:\/\/www.schiebener.net\/wordpress\/wp-json\/wp\/v2\/posts\/3959","targetHints":{"allow":["GET"]}}],"collection":[{"href":"https:\/\/www.schiebener.net\/wordpress\/wp-json\/wp\/v2\/posts"}],"about":[{"href":"https:\/\/www.schiebener.net\/wordpress\/wp-json\/wp\/v2\/types\/post"}],"author":[{"embeddable":true,"href":"https:\/\/www.schiebener.net\/wordpress\/wp-json\/wp\/v2\/users\/14"}],"replies":[{"embeddable":true,"href":"https:\/\/www.schiebener.net\/wordpress\/wp-json\/wp\/v2\/comments?post=3959"}],"version-history":[{"count":0,"href":"https:\/\/www.schiebener.net\/wordpress\/wp-json\/wp\/v2\/posts\/3959\/revisions"}],"wp:attachment":[{"href":"https:\/\/www.schiebener.net\/wordpress\/wp-json\/wp\/v2\/media?parent=3959"}],"wp:term":[{"taxonomy":"category","embeddable":true,"href":"https:\/\/www.schiebener.net\/wordpress\/wp-json\/wp\/v2\/categories?post=3959"},{"taxonomy":"post_tag","embeddable":true,"href":"https:\/\/www.schiebener.net\/wordpress\/wp-json\/wp\/v2\/tags?post=3959"}],"curies":[{"name":"wp","href":"https:\/\/api.w.org\/{rel}","templated":true}]}}