{"id":39491,"date":"2017-12-05T07:06:03","date_gmt":"2017-12-05T06:06:03","guid":{"rendered":"https:\/\/www.schiebener.net\/wordpress\/?p=39491"},"modified":"2017-12-05T07:06:03","modified_gmt":"2017-12-05T06:06:03","slug":"skibus-astenexpress-fehlplanung","status":"publish","type":"post","link":"https:\/\/www.schiebener.net\/wordpress\/skibus-astenexpress-fehlplanung\/","title":{"rendered":"Skibus Astenexpress:  Fehlplanung"},"content":{"rendered":"<figure id=\"attachment_6756\" aria-describedby=\"caption-attachment-6756\" style=\"width: 480px\" class=\"wp-caption aligncenter\"><img loading=\"lazy\" decoding=\"async\" class=\"size-full wp-image-6756\" src=\"https:\/\/www.schiebener.net\/wordpress\/wp-content\/uploads\/2010\/02\/winterbergverkehr2010022202.jpg\" alt=\"\" width=\"480\" height=\"314\" srcset=\"https:\/\/www.schiebener.net\/wordpress\/wp-content\/uploads\/2010\/02\/winterbergverkehr2010022202.jpg 480w, https:\/\/www.schiebener.net\/wordpress\/wp-content\/uploads\/2010\/02\/winterbergverkehr2010022202-300x196.jpg 300w\" sizes=\"auto, (max-width: 480px) 85vw, 480px\" \/><figcaption id=\"caption-attachment-6756\" class=\"wp-caption-text\">Der Skibus &#8222;Astenexpress&#8220; soll Entlastung bringen: abflie\u00dfender Verkehr aus den Skigebieten. (archiv: zoom)<\/figcaption><\/figure>\n<p><strong>Dass Beh\u00f6rden manchmal nicht in der Lage sind, eine sinnvolle Verkehrsplanung zu machen, war heute wieder im HSK-Ausschuss f\u00fcr Wirtschaft, Struktur und Tourismus festzustellen.<\/strong><\/p>\n<p><em>(Der Artikel ist zuerst <a href=\"http:\/\/sbl-fraktion.de\/?p=8071\" target=\"_blank\" rel=\"noopener\">auf der Website der Sauerl\u00e4nder B\u00fcrgerliste<\/a> erschienen.)<\/em><\/p>\n<p>Es ging um einen Antrag, den die SPD-Kreistagsfraktion bereits im Februar 2017 gestellt hatte. Anlass waren die langen Staus auf dem Stra\u00dfen von und nach Winterberg an den Wintersportwochenenden.<\/p>\n<p>Also wurden drei Arbeitsgruppen eingerichtet, die fast nur aus Beh\u00f6rdenmitarbeitern bestanden. Sie befa\u00dften sich mit den Themen Kommunikation, Verkehrslenkung und \u00d6ffentlicher Personennahverkehr. Schauen wir uns das Ergebnis der \u00d6PNV-Arbeitsgruppe n\u00e4her an. In der Drucksache 9\/874 wird so dar\u00fcber berichtet:<\/p>\n<p>\u201cKurzfristige Entlastung wird durch die Reaktivierung und Weiterentwicklung des SkiBusses AstenExpress erreicht, der durch die Stadt Winterberg f\u00fcr die Saison 2017\/2018 bestellt wurde. Der Fahrplan zum neuen saisonalen Angebot ist in Anlage 1 dargestellt.\u201d<\/p>\n<p>Also werfen wir nun einen Blick auf den Fahrplan des Skibusses, der zwischen Winterberg Bahnhof und den Skigebieten verkehrt. Er soll an den Wochenenden zwischen 26.12.2017 und 04.03.2018 verkehren.<\/p>\n<p>Was d\u00fcrfen Fahrg\u00e4ste von einem solchen Skibus erwarten? Dass er sie zum Bahnhof bringt, und zwar dann, wenn dort auch Z\u00fcge fahren. Doch dieses Ziel wurde weit verfehlt.<\/p>\n<p>Als Beispiel hier die Busank\u00fcnfte am Winterberger Bahnhof an Sonntagen. Daf\u00fcr ist es wichtig zu wissen, dass die Z\u00fcge in Richtung Meschede \u2013 Arnsberg \u2013 Dortmund dort immer zur Minute X:31 abfahren, von 09:31 bis 18:31 Uhr.<\/p>\n<p>Der erste Bus erreicht den Winterberg Bahnhof um 09:38 Uhr; dann wird kaum ein Skifahrer schon die R\u00fcckreise antreten. Der n\u00e4chste Bus kommt um 12:38 Uhr am Bahnhof an. Das ist f\u00fcr Vormittags-Skifahrer interessant, aber die Wartezeit auf den n\u00e4chsten Zug betr\u00e4gt inakzeptable 53 Minuten! Die weiteren 6 Skibusse erreichen den Bahnhof st\u00fcndlich von 14:08 Uhr bis 18:08 Uhr, und au\u00dferdem um 16:38 Uhr. Die Wartezeiten auf den Zug betragen also 23 oder 53 Minuten. Das bedeutet viel verlorene Zeit auf der Piste und lange Wartezeiten am Bahnhof. Sinnvoll ist diese Planung nicht. Damit wird die Nutzung der Bahnverbindung nach Winterberg nicht attraktiv, und die Staus bleiben so lange wie im letzten Winter\u2026<\/p>\n<p>Es sollte m\u00f6glich sein, dass die Skibusse jeweils zwischen X:20 und X:25 Uhr am Winterberger Bahnhof ankommen, so dass die Fahrg\u00e4ste bequem in den Zug umsteigen k\u00f6nnen!<\/p>\n<p>Noch unverst\u00e4ndlicher ist es, dass bei den Beamten der Kreisverwaltung, als dieses Thema heute im f\u00fcr Verkehr zust\u00e4ndigen Ausschuss angesprochen wurde, keinerlei Bereitschaft erkennbar war, die Planungen f\u00fcr den Busfahrplan so zu \u00e4ndern, dass eine gute Verkn\u00fcpfung zwischen Bus und Bahn erfolgt. Leider besteht das Problem der schlechten Verkn\u00fcpfung zwischen Bus und Bahn im HSK \u00f6fters\u2026<\/p>\n","protected":false},"excerpt":{"rendered":"<p>Dass Beh\u00f6rden manchmal nicht in der Lage sind, eine sinnvolle Verkehrsplanung zu machen, war heute wieder im HSK-Ausschuss f\u00fcr Wirtschaft, Struktur und Tourismus festzustellen. (Der Artikel ist zuerst auf der &hellip; <a href=\"https:\/\/www.schiebener.net\/wordpress\/skibus-astenexpress-fehlplanung\/\" class=\"more-link\"><span class=\"screen-reader-text\">\u201eSkibus Astenexpress:  Fehlplanung\u201c <\/span>weiterlesen<\/a><\/p>\n","protected":false},"author":17,"featured_media":0,"comment_status":"open","ping_status":"open","sticky":false,"template":"","format":"standard","meta":{"footnotes":""},"categories":[80,24,618],"tags":[7121,494,7123,7122],"class_list":["post-39491","post","type-post","status-publish","format-standard","hentry","category-lokales","category-politik","category-verkehr","tag-ausschuss-fuer-wirtschaft","tag-kreistag-meschede","tag-skibus-astenexpress","tag-struktur-und-tourismus"],"_links":{"self":[{"href":"https:\/\/www.schiebener.net\/wordpress\/wp-json\/wp\/v2\/posts\/39491","targetHints":{"allow":["GET"]}}],"collection":[{"href":"https:\/\/www.schiebener.net\/wordpress\/wp-json\/wp\/v2\/posts"}],"about":[{"href":"https:\/\/www.schiebener.net\/wordpress\/wp-json\/wp\/v2\/types\/post"}],"author":[{"embeddable":true,"href":"https:\/\/www.schiebener.net\/wordpress\/wp-json\/wp\/v2\/users\/17"}],"replies":[{"embeddable":true,"href":"https:\/\/www.schiebener.net\/wordpress\/wp-json\/wp\/v2\/comments?post=39491"}],"version-history":[{"count":0,"href":"https:\/\/www.schiebener.net\/wordpress\/wp-json\/wp\/v2\/posts\/39491\/revisions"}],"wp:attachment":[{"href":"https:\/\/www.schiebener.net\/wordpress\/wp-json\/wp\/v2\/media?parent=39491"}],"wp:term":[{"taxonomy":"category","embeddable":true,"href":"https:\/\/www.schiebener.net\/wordpress\/wp-json\/wp\/v2\/categories?post=39491"},{"taxonomy":"post_tag","embeddable":true,"href":"https:\/\/www.schiebener.net\/wordpress\/wp-json\/wp\/v2\/tags?post=39491"}],"curies":[{"name":"wp","href":"https:\/\/api.w.org\/{rel}","templated":true}]}}